{"id":489942,"date":"2020-04-14T12:28:22","date_gmt":"2020-04-14T12:28:22","guid":{"rendered":"https:\/\/diarioelpopular.com\/?p=489942"},"modified":"2020-04-14T12:29:47","modified_gmt":"2020-04-14T12:29:47","slug":"mueren-25-residentes-de-coronavirus-en-el-hogar-de-atencion-a-largo-plazo-de-etobicoke","status":"publish","type":"post","link":"https:\/\/diarioelpopular.com\/index.php\/2020\/04\/14\/mueren-25-residentes-de-coronavirus-en-el-hogar-de-atencion-a-largo-plazo-de-etobicoke\/","title":{"rendered":"Mueren 25 residentes de coronavirus en el hogar de atenci\u00f3n a largo plazo de Etobicoke"},"content":{"rendered":"<div id=\"attachment_489944\" style=\"width: 646px\" class=\"wp-caption alignnone\"><img loading=\"lazy\" decoding=\"async\" aria-describedby=\"caption-attachment-489944\" class=\"size-custom-full-size wp-image-489944\" src=\"https:\/\/diarioelpopular.com\/wp-content\/uploads\/2020\/04\/RYR10957932-e1586858030184-636x357.jpg\" alt=\"\" width=\"636\" height=\"357\" \/><p id=\"caption-attachment-489944\" class=\"wp-caption-text\">Una persona que usa equipo de protecci\u00f3n mira por la ventana la residencia de ancianos Herron en Dorval, Montreal<\/p><\/div>\n<p>&nbsp;<\/p>\n<h4><em>Un hogar de cuidado a largo plazo en Etobicoke nform\u00f3 que 25 de sus residentes han muerto debido a COVID-19.<\/em><\/h4>\n<p>&nbsp;<\/p>\n<p><em><strong>TORONTO, 14 abr.-<\/strong> <\/em>Eatonville Care Centre, ubicado en East Mall cerca de Burnhamthorpe Road, confirm\u00f3 la noticia en un comunicado el lunes por la noche.<\/p>\n<p>La casa, que alberga a 247 residentes, dijo que tiene 49 casos confirmados de COVID-19 y seis resultados de pruebas est\u00e1n pendientes.<\/p>\n<p>La directora ejecutiva Evelyn MacDonald anot\u00f3 que el centro est\u00e1 trabajando con salud p\u00fablica de Toronto para prevenir una mayor propagaci\u00f3n del virus.<\/p>\n<p>&nbsp;<\/p>\n<p><em><strong>M\u00e1s del 90% de las muertes canadienses por COVID-19 son mayores de 60 a\u00f1os.<\/strong><\/em><\/p>\n<p>Quebec contin\u00faa liderando el pa\u00eds en muertes e infecciones por COVID-19, y muchas de las v\u00edctimas son ancianos.<\/p>\n<p>Canad\u00e1 ha visto 25,682 casos confirmados y presuntos de COVID-19, incluidas 780 muertes por el virus.<\/p>\n<p>La Dra. Theresa Tam, directora de salud p\u00fablica de Canad\u00e1, dijo que los brotes en hogares de cuidado a largo plazo son el problema m\u00e1s importante de COVID-19 que surgi\u00f3 de las \u00faltimas dos semanas de la pandemia.<\/p>\n<p>Tam insta a todos los canadienses a que contin\u00faen en sus hogares para evitar que las personas mayores, que est\u00e1n en mayor riesgo, mueran.<\/p>\n<p>M\u00e1s del 90 por ciento de los canadienses que han muerto tienen m\u00e1s de 60 a\u00f1os, seg\u00fan las estad\u00edsticas que Tam public\u00f3 la semana pasada.<\/p>\n<p>La Dra Tam dijo que la mitad de las 734 muertes en Canad\u00e1 por COVID-19 hab\u00edan ocurrido en hogares de cuidado a largo plazo.<\/p>\n<p>&nbsp;<\/p>\n<p><em><strong>Se espera que aumenten las muertes en hogares de cuidado a largo plazo de COVID-19: Tam<\/strong><\/em><\/p>\n<p>La directora de salud p\u00fablica, la Dra. Theresa Tam, dijo que las muertes en los centros de atenci\u00f3n a largo plazo probablemente continuar\u00e1n aumentando, incluso cuando el crecimiento general de los casos de COVID-19 comience a disminuir.<\/p>\n<p>La propagaci\u00f3n del virus en los hogares de cuidado ha sido la ra\u00edz de la mitad de las m\u00e1s de 700 muertes en todo el pa\u00eds.<\/p>\n<p>Si bien las provincias y los territorios son en \u00faltima instancia responsables de su propia respuesta de salud p\u00fablica a la pandemia, el gobierno federal ha publicado pautas para tratar de detener la propagaci\u00f3n en esas instalaciones vulnerables.<\/p>\n<p>Las pautas no obligatorias incluyen sugerencias de que las casas limitan los visitantes, los trabajadores sean monitoreados al comienzo de cada turno y m\u00e1s aquellos que trabjan en varios establecimientos y monitorear a los residentes diariamente.<\/p>\n<p>&nbsp;<\/p>\n<p><em><strong>Muchas provincias ya han implementado medidas similares.<\/strong><\/em><\/p>\n<p>El ministro de Personas Mayores, Deb Schulte, dijo que los hogares de cuidado a largo plazo est\u00e1n en mayor riesgo debido al espacio de vida comunal, la exposici\u00f3n a los visitantes, los pacientes transferidos de otras instalaciones de salud y los proveedores de atenci\u00f3n m\u00e9dica compartidos.<\/p>\n<p>Mientras tanto, el gobierno federal est\u00e1 proporcionando $ 50 millones para ayudar a los agricultores y procesadores de alimentos a cubrir los costos asociados con las reglas de cuarentena obligatorias para los trabajadores extranjeros que vienen de fuera del pa\u00eds.<\/p>\n<p>La ministra federal de Agricultura, Marie-Claude Bibeau, dijo que la escasez de mano de obra en las granjas es grave y depende de los trabajadores temporales extranjeros.<\/p>\n<p>Pero las reglas dise\u00f1adas para prevenir la propagaci\u00f3n de COVID-19 significan que los trabajadores entrantes de este a\u00f1o deben permanecer en cuarentena durante 14 d\u00edas.<\/p>\n<p>Bibeau agreg\u00f3 que los empleadores se comprometen a garantizar que los trabajadores sigan esas reglas, pero tienen un costo.<\/p>\n<p>Acot\u00f3 que el dinero est\u00e1 dise\u00f1ado para ayudar a compensarlos y les dar\u00e1 a los empleadores $ 1,500 por trabajador para ayudar a implementar medidas de cuarentena.<\/p>\n","protected":false},"excerpt":{"rendered":"<p>&nbsp; Un hogar de cuidado a largo plazo en Etobicoke nform\u00f3 que 25 de sus residentes han muerto debido a COVID-19. &nbsp; TORONTO, 14 abr.-&hellip;<\/p>\n","protected":false},"author":99,"featured_media":0,"comment_status":"open","ping_status":"open","sticky":false,"template":"","format":"standard","meta":{"footnotes":""},"categories":[21,11191],"tags":[],"class_list":["post-489942","post","type-post","status-publish","format-standard","hentry","category-canada","category-top-news"],"_links":{"self":[{"href":"https:\/\/diarioelpopular.com\/index.php\/wp-json\/wp\/v2\/posts\/489942","targetHints":{"allow":["GET"]}}],"collection":[{"href":"https:\/\/diarioelpopular.com\/index.php\/wp-json\/wp\/v2\/posts"}],"about":[{"href":"https:\/\/diarioelpopular.com\/index.php\/wp-json\/wp\/v2\/types\/post"}],"author":[{"embeddable":true,"href":"https:\/\/diarioelpopular.com\/index.php\/wp-json\/wp\/v2\/users\/99"}],"replies":[{"embeddable":true,"href":"https:\/\/diarioelpopular.com\/index.php\/wp-json\/wp\/v2\/comments?post=489942"}],"version-history":[{"count":2,"href":"https:\/\/diarioelpopular.com\/index.php\/wp-json\/wp\/v2\/posts\/489942\/revisions"}],"predecessor-version":[{"id":489945,"href":"https:\/\/diarioelpopular.com\/index.php\/wp-json\/wp\/v2\/posts\/489942\/revisions\/489945"}],"wp:attachment":[{"href":"https:\/\/diarioelpopular.com\/index.php\/wp-json\/wp\/v2\/media?parent=489942"}],"wp:term":[{"taxonomy":"category","embeddable":true,"href":"https:\/\/diarioelpopular.com\/index.php\/wp-json\/wp\/v2\/categories?post=489942"},{"taxonomy":"post_tag","embeddable":true,"href":"https:\/\/diarioelpopular.com\/index.php\/wp-json\/wp\/v2\/tags?post=489942"}],"curies":[{"name":"wp","href":"https:\/\/api.w.org\/{rel}","templated":true}]}}