{"id":489950,"date":"2020-04-14T12:40:11","date_gmt":"2020-04-14T12:40:11","guid":{"rendered":"https:\/\/diarioelpopular.com\/?p=489950"},"modified":"2020-04-14T12:40:11","modified_gmt":"2020-04-14T12:40:11","slug":"un-gobernador-mexicano-asegura-que-los-medicos-de-baja-california-estan-cayendo-como-moscas","status":"publish","type":"post","link":"https:\/\/diarioelpopular.com\/index.php\/2020\/04\/14\/un-gobernador-mexicano-asegura-que-los-medicos-de-baja-california-estan-cayendo-como-moscas\/","title":{"rendered":"Un gobernador mexicano asegura que los m\u00e9dicos de Baja California \u201cest\u00e1n cayendo como moscas\u201d"},"content":{"rendered":"<div id=\"attachment_489951\" style=\"width: 646px\" class=\"wp-caption alignnone\"><img loading=\"lazy\" decoding=\"async\" aria-describedby=\"caption-attachment-489951\" class=\"size-custom-full-size wp-image-489951\" src=\"https:\/\/diarioelpopular.com\/wp-content\/uploads\/2020\/04\/AIDIVTSUW5B2FHJV6DHXUYF4DE-636x429.jpg\" alt=\"\" width=\"636\" height=\"429\" \/><p id=\"caption-attachment-489951\" class=\"wp-caption-text\">Una mujer se toma la temperatura en un asilo para migrantes de Tijuana.GUILLERMO ARIAS \/ AFP<\/p><\/div>\n<h4 class=\"a_st font_secondary color_gray_dark \"><em>\u201cTenemos una necesidad tremenda\u201d, afirma el mandatario local Jaime Bonilla tras las denuncias de falta de insumos<\/em><\/h4>\n<p>&nbsp;<\/p>\n<p class=\"\">Un grito de auxilio se ha dado este lunes desde el norte de M\u00e9xico. <a href=\"https:\/\/elpais.com\/internacional\/2019\/11\/02\/mexico\/1572721928_949598.html\" target=\"_blank\" rel=\"noopener\" data-link-track-dtm=\"\">Jaime Bonilla<\/a>, el gobernador del Estado de Baja California, ha advertido esta ma\u00f1ana que los m\u00e9dicos del Instituto Mexicano del Seguro Social (IMSS) \u201cest\u00e1n cayendo como moscas\u201d porque la instituci\u00f3n federal para la que trabajan no les dio la protecci\u00f3n necesaria para encarar la epidemia de la covid-19. La advertencia del mandatario local, de Morena, el partido en el Gobierno, subraya nuevamente las dificultades que est\u00e1n teniendo las entidades para combatir el virus con escasos insumos y una evidente falta de coordinaci\u00f3n entre las autoridades federales y locales.<\/p>\n<p class=\"\">Baja California es el tercer Estado con m\u00e1s casos positivos de SARS-CoV-2 a pesar de ser el 14 en poblaci\u00f3n. Hasta este lunes contaba con 335 contagiados y 25 fallecidos. La situaci\u00f3n es muy diferente a la que vive la vecina California, en Estados Unidos, que ten\u00eda 24.139 casos positivos y 727 muertes reportadas el lunes. El flujo comercial y de personas entre estas dos regiones han hecho que los n\u00fameros de contagiados en Baja California sean mayores a los de otras entidades.<\/p>\n<p class=\"\">Las autoridades locales han mostrado su preocupaci\u00f3n sobre los recursos con los que cuentan para enfrentar la epidemia. \u201cHe sentido que el tal\u00f3n de Aquiles nuestro iba a ser el Seguro Social\u201d, ha reconocido Bonilla <a href=\"https:\/\/www.facebook.com\/BC.Gobierno\/videos\/vb.120544204635995\/234471970943153\/?type=2&amp;theater\" target=\"_blank\" rel=\"noopener\" data-link-track-dtm=\"\">en un mensaje publicado en Facebook<\/a> a trav\u00e9s de cuentas oficiales. El gobernador se refiere al complejo sistema de competencias que existen en el aparato sanitario. Baja California cuenta con una red hospitalaria que depende del ejecutivo local. Otra del Gobierno central a trav\u00e9s de diferentes institutos y de la Secretar\u00eda de Salud central. El que preocupa a Bonilla es el IMSS. La instituci\u00f3n, que tiene nueve hospitales en la entidad, ha reconocido la noche de este lunes que 24 trabajadores sanitarios del Hospital General Regional 20 de Tijuana han dado positivo por covid-19.<\/p>\n<p class=\"\">Este ser\u00eda <a href=\"https:\/\/elpais.com\/sociedad\/2020-04-11\/un-hospital-de-mexico-con-42-empleados-contagiados-pide-ayuda-para-combatir-la-epidemia-ante-la-falta-de-insumos.html\" target=\"_blank\" rel=\"noopener\" data-link-track-dtm=\"\">un nuevo brote detectado<\/a> al interior de centros del IMSS. En d\u00edas pasados se han revelado varios casos similares en los Estados de Baja California Sur, Estado de M\u00e9xico, Coahuila y Ciudad de M\u00e9xico. El instituto, con 4.000 unidades m\u00e9dicas, tiene 535 empleados contagiados y ha contabilizado la muerte de nueve trabajadores sanitarios. Todo esto en medio de decenas de denuncias de m\u00e9dicos y enfermeras, quienes se han quejado de no contar con mascarillas, guantes y protectores faciales protegerse.<\/p>\n<p class=\"\">Bonilla desconf\u00eda de c\u00f3mo el IMSS enfrenta la situaci\u00f3n. \u201cTenemos una necesidad tremenda&#8230; El problema del Seguro Social afect\u00f3 a la salud del Estado porque siento yo que no se han aplicado&#8230; El Seguro Social no se ha puesto las pilas\u201d, dijo el mandatario. El pol\u00edtico se refiri\u00f3 a una denuncia hecha el domingo por Eugenio Derbez, uno de los actores m\u00e1s populares de M\u00e9xico. Derbez utiliz\u00f3 las redes sociales para leer una cadena de Whatsapp de un supuesto m\u00e9dico de Tijuana que se quejaba de la escasez de guantes, mascarillas y lentes, adem\u00e1s de la falta de personal m\u00e9dico en los hospitales locales. El mensaje se hizo viral, pero las autoridades lo desmintieron horas despu\u00e9s. \u201cSu informaci\u00f3n es falsa\u201d, dijo la encargada del IMSS en Baja California, quien dijo al actor que no exist\u00eda ning\u00fan empleado con el nombre del doctor de la denuncia. \u201cEn todas las unidades del instituto se cuentan con los insumos de protecci\u00f3n personal necesario para la atenci\u00f3n de la contingencia\u201d, a\u00f1adi\u00f3 Desiree Sagarnaga.<\/p>\n<p class=\"\">Bonilla ha validado el mensaje le\u00eddo por Derbez. \u201cMucho de lo que dijo, en el fondo, es cierto aunque cometi\u00f3 algunas imprecisiones\u201d, ha afirmado. Las versiones encontradas entre el poder local y los m\u00e9dicos que encabezan el instituto federal revelan una tensi\u00f3n entre ambas fuerzas. Del centro del pa\u00eds solo han llegado palabras que intentan ganar tiempo. El secretario de Salud de L\u00f3pez Obrador, Jorge Alcocer, afirm\u00f3 esta ma\u00f1ana que preparan un informe sobre el caso Tijuana. Tambi\u00e9n dijo que el brote del Hospital General Regional 20 fue externo y no se trat\u00f3 por falta de equipo de protecci\u00f3n. El IMSS ha informado que desde el s\u00e1bado reparte en sus centros 150.000 mascarillas N95, medio mill\u00f3n de pares de guantes y 45.000 vestidos de aislamiento. Las autoridades del instituto han dicho que parte de este material arribar\u00e1 la noche de este lunes a Mexicali, la capital de Baja California, a 178 kil\u00f3metros de Tijuana.<\/p>\n","protected":false},"excerpt":{"rendered":"<p>\u201cTenemos una necesidad tremenda\u201d, afirma el mandatario local Jaime Bonilla tras las denuncias de falta de insumos &nbsp; Un grito de auxilio se ha dado&hellip;<\/p>\n","protected":false},"author":99,"featured_media":0,"comment_status":"open","ping_status":"open","sticky":false,"template":"","format":"standard","meta":{"footnotes":""},"categories":[23],"tags":[],"class_list":["post-489950","post","type-post","status-publish","format-standard","hentry","category-latinoamerica"],"_links":{"self":[{"href":"https:\/\/diarioelpopular.com\/index.php\/wp-json\/wp\/v2\/posts\/489950","targetHints":{"allow":["GET"]}}],"collection":[{"href":"https:\/\/diarioelpopular.com\/index.php\/wp-json\/wp\/v2\/posts"}],"about":[{"href":"https:\/\/diarioelpopular.com\/index.php\/wp-json\/wp\/v2\/types\/post"}],"author":[{"embeddable":true,"href":"https:\/\/diarioelpopular.com\/index.php\/wp-json\/wp\/v2\/users\/99"}],"replies":[{"embeddable":true,"href":"https:\/\/diarioelpopular.com\/index.php\/wp-json\/wp\/v2\/comments?post=489950"}],"version-history":[{"count":1,"href":"https:\/\/diarioelpopular.com\/index.php\/wp-json\/wp\/v2\/posts\/489950\/revisions"}],"predecessor-version":[{"id":489952,"href":"https:\/\/diarioelpopular.com\/index.php\/wp-json\/wp\/v2\/posts\/489950\/revisions\/489952"}],"wp:attachment":[{"href":"https:\/\/diarioelpopular.com\/index.php\/wp-json\/wp\/v2\/media?parent=489950"}],"wp:term":[{"taxonomy":"category","embeddable":true,"href":"https:\/\/diarioelpopular.com\/index.php\/wp-json\/wp\/v2\/categories?post=489950"},{"taxonomy":"post_tag","embeddable":true,"href":"https:\/\/diarioelpopular.com\/index.php\/wp-json\/wp\/v2\/tags?post=489950"}],"curies":[{"name":"wp","href":"https:\/\/api.w.org\/{rel}","templated":true}]}}