{"id":489977,"date":"2020-04-14T10:42:45","date_gmt":"2020-04-14T14:42:45","guid":{"rendered":"https:\/\/diarioelpopular.com\/?p=489977"},"modified":"2020-04-14T10:45:54","modified_gmt":"2020-04-14T14:45:54","slug":"me-gritaron-traes-el-covid-y-me-escupieron-las-enfermeras-en-mexico-sufren-ataques-por-miedo-al-contagio-2","status":"publish","type":"post","link":"https:\/\/diarioelpopular.com\/index.php\/2020\/04\/14\/me-gritaron-traes-el-covid-y-me-escupieron-las-enfermeras-en-mexico-sufren-ataques-por-miedo-al-contagio-2\/","title":{"rendered":"\u201cMe gritaron \u2018traes el Covid\u2019 y me escupieron\u201d, las enfermeras en M\u00e9xico sufren ataques por miedo al contagio"},"content":{"rendered":"<div id=\"attachment_489975\" style=\"width: 640px\" class=\"wp-caption alignnone\"><img loading=\"lazy\" decoding=\"async\" aria-describedby=\"caption-attachment-489975\" class=\"size-custom-full-size wp-image-489975\" src=\"https:\/\/diarioelpopular.com\/wp-content\/uploads\/2020\/04\/1586810735_002679_1586811052_noticia_normal.jpg\" alt=\"\" width=\"630\" height=\"449\" \/><p id=\"caption-attachment-489975\" class=\"wp-caption-text\"><em>Una enfermera se manifiesta al exterior de un hospital en Ciudad de M\u00e9xico. . Alfredo Estrella AFP v\u00eda Getty Images<\/em><\/p><\/div>\n<p>&nbsp;<\/p>\n<h4 class=\"subtitulo\"><em>Las agresiones f\u00edsicas o verbales se producen en el transporte p\u00fablico, los supermercados, la calle o a la salida de los hospitales<\/em><\/h4>\n<p>&nbsp;<\/p>\n<p dir=\"ltr\">Mientras M\u00e9xico vive inmerso en una emergencia sanitaria sin precedentes por el coronavirus, algunos m\u00e9dicos, enfermeras y enfermeros est\u00e1n viviendo ataques en su contra por llevar el uniforme en la calle. Durante la primera semana de abril, una enfermera fue rociada con agua y cloro [lej\u00eda] en Guadalajara, Jalisco, seg\u00fan la Comisi\u00f3n de Enfermeras del Estado, quien dio la voz de alarma sobre <a href=\"https:\/\/www.eluniversal.com.mx\/estados\/covid-19-reportan-6-quejas-por-agresiones-enfermeras-en-jalisco\">cinco ataques m\u00e1s contra su personal<\/a>. Tambi\u00e9n en Sinaloa se produjo una agresi\u00f3n parecida contra una enfermera que sal\u00eda de trabajar, tal y como <a href=\"https:\/\/www.eluniversal.com.mx\/estados\/sinaloa-enfermeras-blanco-de-ataques-agreden-una-con-cloro\">cont\u00f3 la prensa local<\/a>. En Sabinas Hidalgo, Nuevo Le\u00f3n, lanzaron <a href=\"https:\/\/www.eluniversal.com.mx\/estados\/intentan-quemar-hospital-en-sabinas-hidalgo-nuevo-leon\">material inflamable contra las instalaciones del Hospital General<\/a>, uno de los centros para tratar a los pacientes de Covid-19.<\/p>\n<p>Las agresiones f\u00edsicas o verbales se producen en el transporte p\u00fablico, los supermercados, la calle o a la salida de los hospitales. En M\u00e9xico llevar el uniforme sanitario fuera del trabajo es una pr\u00e1ctica com\u00fan de todos estos profesionales. Yucat\u00e1n, Tamaulipas, Ciudad de M\u00e9xico, Veracruz, Puebla, Estado de M\u00e9xico y Morelos han registrado al menos un caso en las dos \u00faltimas semanas.<\/p>\n<p>A diferencia de en otros pa\u00edses donde se rinde <a href=\"https:\/\/verne.elpais.com\/verne\/2020\/03\/14\/articulo\/1584185737_126537.html\" target=\"_blank\" rel=\"noopener\">homenaje a los que est\u00e1n en primera l\u00ednea<\/a> para combatir la enfermedad, decenas de testimonios -principalmente de enfermeras- comienzan a surgir en redes sociales sobre agresiones en su contra por miedo al contagio. El subsecretario de Salud, Hugo L\u00f3pez-Gatell, <a href=\"https:\/\/twitter.com\/HLGatell\/status\/1247348521960955904\">pidi\u00f3 a la poblaci\u00f3n que respete y proteja a m\u00e9dicos y enfermeras<\/a>, m\u00e1s todav\u00eda en esta situaci\u00f3n. \u201cEs indignante, ins\u00f3lito y alarmante que las personas canalicen el temor y el enojo hacia el personal que les protege\u201d, dijo L\u00f3pez-Gatell.<\/p>\n<p dir=\"ltr\">M\u00e9xico llega a los 332 fallecimientos, los 5.014 casos positivos y encara la peor fase del contagio con falta de camas de hospital, de insumos para aislamiento y con su personal de salud mermado. Recientemente, el Gobierno abri\u00f3 una<a href=\"http:\/\/mexicocontracovid.salud.gob.mx\/\">convocatoria para contratar 45.000 m\u00e9dicos y enfermeras<\/a> en mitad de la pandemia.<\/p>\n<p dir=\"ltr\">Estos son algunos testimonios de enfermeras y enfermeros que hablaron con<em>Verne<\/em> sobre la violencia y discriminaci\u00f3n que han vivido estos d\u00edas:<\/p>\n<h3 dir=\"ltr\">Luis Gerardo Ramos, Tamaulipas. \u201cMe vaciaron una botella de cloro en la cabeza\u201d<\/h3>\n<div id=\"sumario_1|foto\" class=\"centro\">\n<p><a name=\"sumario_1\"><\/a><\/p>\n<div class=\"media\">\n<figure class=\"foto\"><img loading=\"lazy\" decoding=\"async\" title=\"\" src=\"https:\/\/ep01.epimg.net\/verne\/imagenes\/2020\/04\/13\/mexico\/1586810735_002679_1586821852_sumario_normal.jpg\" alt=\"\" width=\"560\" height=\"640\" \/><figcaption class=\"pie\"><em>As\u00ed qued\u00f3 el uniforme de Luis Gerardo tras el ataque con cloro. <\/em><span class=\"firma\"><span class=\"firma\"><em>Facebook<\/em><\/span><\/span>&nbsp;<\/p>\n<\/figcaption><\/figure>\n<\/div>\n<\/div>\n<p dir=\"ltr\">\u201cHoy en la ma\u00f1ana [jueves 9 de abril] a las 8.00 de la ma\u00f1ana sal\u00ed de mi casa para mi trabajo. Iba en mi auto con cubrebocas, guantes y par\u00e9 en una tienda para hacer algunas compras. Cuando sal\u00eda de la tienda una se\u00f1ora que llevaba una bolsa en el brazo me empieza a decir que nosotros el personal de salud estamos contaminando la ciudad de Reynosa, Tamaulipas. No le hice caso y cuando estoy abriendo la puerta de mi coche empez\u00f3 a gritarme m\u00e1s fuerte. En ese momento siento que me avienta una botella de agua y se acerca hacia mi con otra botella de cloro y me la vac\u00eda en la cabeza. No pude ver quien era porque me cubr\u00ed la cara. Con los qu\u00edmicos del cloro sufr\u00ed irritaciones en la cara, el pecho, el abdomen, el cuello y la espalda. Denunci\u00e9 ante el Ministerio P\u00fablico, es un acto de cobard\u00eda lo que me hicieron. Me dej\u00f3 el uniforme todo deste\u00f1ido. Tengo 33 a\u00f1os y cinco como enfermero. Estudi\u00e9 esta carrera convencido de ayudar a los dem\u00e1s cuando m\u00e1s lo necesiten. La \u00fanica forma de no contaminarse es quedarse en casa, el personal de salud no lo podemos hacer porque es cuando m\u00e1s trabajo tenemos. Por favor, no hagan caso a todo lo que leen en redes sociales, lean y escuchen lo que dice la Organizaci\u00f3n Mundial de la Salud. Por miedo voy a dejar de usar el uniforme en la calle, pero mi compromiso con la sociedad sigue en pie\u201d.<\/p>\n<h3 dir=\"ltr\">Brenda Salom\u00f3n, Estado de M\u00e9xico. \u201cMe gritaron \u2018traes el Covid\u2019 y me escupieron\u201d<\/h3>\n<p dir=\"ltr\">\u201cMe toca atender a todos los pacientes con enfermedades respiratorias, desde una simple gripa hasta enfermos por Covid-19. La situaci\u00f3n est\u00e1 bastante fea. Antes de lo que me sucedi\u00f3, hab\u00eda le\u00eddo algunas notas en internet y en redes sociales de lo que le hab\u00eda sucedido a algunas compa\u00f1eras. Los primeros d\u00edas de la contingencia usaba el uniforme, pero ya no lo uso por miedo. Un d\u00eda estaba esperando mi transporte y al hacer la parada hizo como que se deten\u00eda, pero al final cuando me vio, avanz\u00f3. Tambi\u00e9n, una tarde que iba de regreso a mi casa, unos tipos en un auto me gritaron &#8216;traes el Covid&#8217; y me escupieron. Nuestra sociedad muestra mucha ignorancia hacia el trabajo de otras personas, porque a final de cuentas nosotras como personal de salud estamos arriesgando a nuestras familias. Yo he estado aislada desde que comenz\u00f3 la fase 2 y he dejado muchas cosas de lado. No puedo abrazar ni besar a mi hijo porque ya no tengo la seguridad de no estar contagiada sin presentar s\u00edntomas. Siento tambi\u00e9n mucha impotencia porque las autoridades no est\u00e1n tomando medidas para que las personas se queden en su casa\u201d.<\/p>\n<h3 dir=\"ltr\">Sandra Alem\u00e1n, San Luis Potos\u00ed. Contusiones y un dedo roto por llevar uniforme<\/h3>\n<div id=\"sumario_2|foto\" class=\"centro\">\n<p><a name=\"sumario_2\"><\/a><\/p>\n<div class=\"media\">\n<figure class=\"foto\"><img loading=\"lazy\" decoding=\"async\" title=\"\" src=\"https:\/\/ep01.epimg.net\/verne\/imagenes\/2020\/04\/13\/mexico\/1586810735_002679_1586822022_sumario_normal.jpg\" alt=\"\" width=\"560\" height=\"458\" \/><figcaption class=\"pie\"><em>A Sandra Alem\u00e1n le rompieron un dedo y le da\u00f1aron los tendones de la mano. <\/em><span class=\"firma\"><span class=\"firma\"><em>Facebook<\/em><\/span><\/span>&nbsp;<\/p>\n<\/figcaption><\/figure>\n<\/div>\n<\/div>\n<p dir=\"ltr\">\u201cTrabajo en la guardia nocturna del Hospital General de Zona n\u00ba1 en San Luis Potos\u00ed. Hace una semana pas\u00e9 a comprar un caf\u00e9 al Oxxo y al salir unos ni\u00f1os desde una minivan estacionada junto a mi coche empezaron a tirarme refresco y gritar \u2018tiene Covid\u2019 cuando les dije que no hicieran eso, su madre sali\u00f3 molesta de la tienda porque llam\u00e9 la atenci\u00f3n a sus hijos. Le dije que educara a los ni\u00f1os y ella respondi\u00f3 que se estaban defendiendo de m\u00ed porque soy propensa a infectarles. Esa se\u00f1ora no sabe que cuando salgo de mi \u00e1rea de servicio nos ba\u00f1amos, vestirnos con ropa de civil y rociamos con el germicida con el que se desinfectan los quir\u00f3fanos. La mujer me da una bofetada y me agarra de mi uniforme. Yo meto las manos, nos tropezamos y caemos al suelo mientras me sigue golpeando. Me fractur\u00e9 un dedo y me da\u00f1\u00e9 un tend\u00f3n de la mano derecha. Llegu\u00e9 con la ropa del trabajo rota, tengo contusiones en todo el cuerpo y golpes en la cara. Estoy de baja laboral 15 d\u00edas porque no puedo trabajar as\u00ed. Por favor, entiendan que todos tenemos miedo pero trabajamos con vocaci\u00f3n para sacar el pa\u00eds adelante. No somos sus enemigos, somos los que estamos al frente de la batalla para servirlos y atenderlos, no somos un riesgo\u201d.<\/p>\n<h3>Sof\u00eda Cort\u00e9s, Ciudad de M\u00e9xico. \u201cMe gritaron \u2018sucia irresponsable\u2019 por andar con uniforme\u201d<\/h3>\n<p dir=\"ltr\">\u201cLo que m\u00e1s me ha pasado desde que empez\u00f3 la contingencia son las agresiones verbales. El otro d\u00eda en el pesero, una se\u00f1ora me grit\u00f3 que me levantara, que se iba a bajar, que yo estaba contaminada y me llam\u00f3 &#8216;sucia irresponsable&#8217;. No supe c\u00f3mo reaccionar, me qued\u00e9 callada. El resto de los pasajeros se me quedaron viendo feo. Hace unos d\u00edas, una compa\u00f1era y yo fuimos por un caf\u00e9 y el cajero no le quiso cobrar, le grit\u00f3 que se fuera y yo vi todo desde fuera. Nos sentimos muy avergonzadas y desde entonces ya no hemos vuelto a ese lugar&#8221;.<\/p>\n<h3 dir=\"ltr\">Ligia Kantun, Yucat\u00e1n. \u201c\u00bfY si la pr\u00f3xima vez es una piedra?\u201d<\/h3>\n<div id=\"sumario_3|foto\" class=\"centro\">\n<p><a name=\"sumario_3\"><\/a><\/p>\n<div class=\"media\">\n<figure class=\"foto\"><img loading=\"lazy\" decoding=\"async\" title=\"\" src=\"https:\/\/ep01.epimg.net\/verne\/imagenes\/2020\/04\/13\/mexico\/1586810735_002679_1586822433_sumario_normal.jpg\" alt=\"\" width=\"560\" height=\"605\" \/><figcaption class=\"pie\"><em>Ligia Kantun fue atacada con caf\u00e9 muy caliente por la espalda. <\/em><span class=\"firma\"><span class=\"firma\"><em>Facebook<\/em><\/span><\/span>&nbsp;<\/p>\n<\/figcaption><\/figure>\n<\/div>\n<\/div>\n<p dir=\"ltr\">\u201cPas\u00f3 un coche y me grit\u00f3 &#8216;\u00a1Infectada!&#8217;, desde la ventanilla un hombre me tir\u00f3 un caf\u00e9 muy caliente que me alcanz\u00f3 la espalda. Intent\u00e9 meter las manos debajo de la blusa para despegarla de la piel. \u00bfSabe lo que m\u00e1s me duele? M\u00e1s que el da\u00f1o f\u00edsico, el da\u00f1o moral. La gente est\u00e1 psic\u00f3tica por este virus. Ahora fue un caf\u00e9 pero, \u00bfy si la pr\u00f3xima vez es una piedra? Siempre he portado mi uniforme con mucho orgullo soy enfermera quir\u00fargica en M\u00e9rida desde hace 40 a\u00f1os y ahora resulta que me tengo que esconder. Jam\u00e1s me hab\u00eda pasado algo as\u00ed. Esta es una de las ciudades m\u00e1s tranquilas de mi pa\u00eds y mire lo que me pas\u00f3. Le dir\u00eda a la gente que piense que si estuvi\u00e9ramos infectadas no saldr\u00edamos a la calle. Antes que proteger a los de la calle, proteger\u00eda a mi familia. Por suerte he recibido apoyo moral de mucha gente que me han hecho llegar cubrebocas, caretas, comida, fruta. Tambi\u00e9n, el respaldo del Gobierno para darnos protecci\u00f3n. Tengo 59 a\u00f1os y pese a mi artritis reumatoide quiero y puedo ayudar a mi gente, a mi tierra. Mis pacientes me obligan moralmente a ponerme doblemente la camiseta\u201d.<\/p>\n<h3 dir=\"ltr\">Isabel (nombre ficticio), Veracruz. \u201cNo puedo subir enfermeras al pasaje\u201d<\/h3>\n<p>\u201cPrefiero no decir mi nombre porque tengo miedo y esto apenas empieza. Tengo 35 a\u00f1os y llevo tres de enfermera y trabajo en el Hospital Covadonga de C\u00f3rdoba, en Veracruz. Todos los d\u00edas voy a trabajar en cami\u00f3n al hospital porque mi colonia queda un poco retirada. El otro d\u00eda cuando me iba a subir [al autob\u00fas] el chofer extendi\u00f3 las manos y me dijo: \u2018No, no se suba. Tengo indicaciones de no subir enfermeras al pasaje\u2019. Llevaba el uniforme cl\u00ednico blanco y un cubrebocas. Le dije, \u2018\u00bfEs en serio?\u2019. Cerr\u00f3 la puerta y me dej\u00f3 en la calle junto con otras personas. Me dio mucha pena, me incomod\u00e9 por el resto de pasajeros. Tuve que esperar hasta que pas\u00f3 el siguiente cami\u00f3n que s\u00ed me dej\u00f3 subir. Es algo injusto, deber\u00edan de respetarnos y apoyarnos. No entiendo por qu\u00e9 las personas reaccionan de esa manera, deber\u00edan de ponerse a pensar que si nos agreden, por temor, no vamos a querer ir a trabajar y si ellos o sus familiares se enferman, \u00bfqui\u00e9n les va a tratar? En el hospital tenemos medidas para protegernos y nos cambiamos de ropa al salir, porque yo pase junto a alguien no lo voy a contagiar. Ni siquiera atiendo a pacientes que tienen coronavirus\u201d.<\/p>\n<h3 dir=\"ltr\">Abdel de la Rosa, Estado de M\u00e9xico. \u201cAl ver que era enfermero, se bajaban del cami\u00f3n\u201d<\/h3>\n<p dir=\"ltr\">\u201cDecid\u00ed dejar de usar el transporte p\u00fablico porque, a pesar de que los camiones si me dejaban subir. Algunos al abordar, me ve\u00edan muy feo, se cambiaban de lugar y muchos se sub\u00edan y al ver que era enfermero, de inmediato se bajaban. Fueron tres veces en las veces que me dirig\u00eda al hospital. Aunque no he recibido ninguna agresi\u00f3n, prefer\u00ed contratar el servicio de un taxi de confianza para ir y venir del trabajo. Prefiero no arriesgarme. Estoy a cargo del piso de medicina interna, tenemos varios casos sospechosos de Covid-19 y tengo treinta pacientes a mi cargo. No espero ning\u00fan aplauso, pero tampoco que me vean como un foco de contagio. Quiero pensar que las personas est\u00e1n saturadas de informaci\u00f3n y por eso desconf\u00edan. Nosotros estamos para servir a los pacientes. Que no quepa duda que cuando alguien requiera de nuestros cuidados, no dudaremos en atenderlos\u201d.<\/p>\n","protected":false},"excerpt":{"rendered":"<p>&nbsp; Las agresiones f\u00edsicas o verbales se producen en el transporte p\u00fablico, los supermercados, la calle o a la salida de los hospitales &nbsp; Mientras&hellip;<\/p>\n","protected":false},"author":99,"featured_media":0,"comment_status":"open","ping_status":"open","sticky":false,"template":"","format":"standard","meta":{"footnotes":""},"categories":[23],"tags":[],"class_list":["post-489977","post","type-post","status-publish","format-standard","hentry","category-latinoamerica"],"_links":{"self":[{"href":"https:\/\/diarioelpopular.com\/index.php\/wp-json\/wp\/v2\/posts\/489977","targetHints":{"allow":["GET"]}}],"collection":[{"href":"https:\/\/diarioelpopular.com\/index.php\/wp-json\/wp\/v2\/posts"}],"about":[{"href":"https:\/\/diarioelpopular.com\/index.php\/wp-json\/wp\/v2\/types\/post"}],"author":[{"embeddable":true,"href":"https:\/\/diarioelpopular.com\/index.php\/wp-json\/wp\/v2\/users\/99"}],"replies":[{"embeddable":true,"href":"https:\/\/diarioelpopular.com\/index.php\/wp-json\/wp\/v2\/comments?post=489977"}],"version-history":[{"count":2,"href":"https:\/\/diarioelpopular.com\/index.php\/wp-json\/wp\/v2\/posts\/489977\/revisions"}],"predecessor-version":[{"id":489979,"href":"https:\/\/diarioelpopular.com\/index.php\/wp-json\/wp\/v2\/posts\/489977\/revisions\/489979"}],"wp:attachment":[{"href":"https:\/\/diarioelpopular.com\/index.php\/wp-json\/wp\/v2\/media?parent=489977"}],"wp:term":[{"taxonomy":"category","embeddable":true,"href":"https:\/\/diarioelpopular.com\/index.php\/wp-json\/wp\/v2\/categories?post=489977"},{"taxonomy":"post_tag","embeddable":true,"href":"https:\/\/diarioelpopular.com\/index.php\/wp-json\/wp\/v2\/tags?post=489977"}],"curies":[{"name":"wp","href":"https:\/\/api.w.org\/{rel}","templated":true}]}}