{"id":490000,"date":"2020-04-15T12:06:19","date_gmt":"2020-04-15T16:06:19","guid":{"rendered":"https:\/\/diarioelpopular.com\/?p=490000"},"modified":"2020-04-15T12:06:19","modified_gmt":"2020-04-15T16:06:19","slug":"chile-cuarentenas-parcializadas","status":"publish","type":"post","link":"https:\/\/diarioelpopular.com\/index.php\/2020\/04\/15\/chile-cuarentenas-parcializadas\/","title":{"rendered":"Chile: cuarentenas parcializadas"},"content":{"rendered":"<div id=\"attachment_490001\" style=\"width: 310px\" class=\"wp-caption alignnone\"><img loading=\"lazy\" decoding=\"async\" aria-describedby=\"caption-attachment-490001\" class=\"size-medium wp-image-490001\" src=\"https:\/\/diarioelpopular.com\/wp-content\/uploads\/2020\/04\/636907c8b3c81eee0b6521ceee590a1b-300x200.jpg\" alt=\"\" width=\"300\" height=\"200\" \/><p id=\"caption-attachment-490001\" class=\"wp-caption-text\">Desolaci\u00f3n en las calles de Santiago de Chile, cuarentena.<\/p><\/div>\n<h4><em>Levant\u00f3 medida en cinco comunas y sum\u00f3 otras tres en el pa\u00eds<\/em><\/h4>\n<p>&nbsp;<\/p>\n<p><em><strong>SANTIAGO DE CHILE, 15 ABR &#8211;<\/strong><\/em> El gobierno chileno mantuvo su estrategia de cuarentenas parciales para enfrentar la pandemia del coronavirus, que ya sum\u00f3 otras 10 v\u00edctimas en el pa\u00eds, la cifra m\u00e1s alta desde el primer contagio, el 3 de marzo.<br \/>\nAs\u00ed, se elevaron a 92 los decesos mientras los contagiados con Covid-19 sumaron 7.917 luego que en la \u00faltima jornada se registraran 392 nuevos infectados.<br \/>\nEn ese contexto, el ministro de Salud, Jaime Ma\u00f1alich, anunci\u00f3 que se levantaba la cuarentena en cinco comunas y se sumaban otras tres con lo cual son ocho las zonas bajo confinamiento total.<br \/>\nEl jefe de la cartera de Salud explic\u00f3 que las nuevas medidas fueron adoptadas de acuerdo a la evoluci\u00f3n de la enfermedad, &#8220;El Presidente ha definido que la cuarentena sea levantada a partir de este jueves a las 22 horas en San Pedro de la Paz, Hualp\u00e9n, Padre Las Casas, Nueva Imperial (en el sur del pa\u00eds) y Las Condes&#8221;, en la regi\u00f3n Metropolitana. Asimismo, comunico, &#8220;vamos a agregar a El Bosque, donde hemos visto un aumento en la incidencia de casos y eso lleva a tomar esta medida de imponer una cuarentena a partir de este jueves&#8221;. Tambi\u00e9n &#8220;se genera una cuarentena en una parte de la comuna de San Bernardo&#8221;, colindante con El Bosque, al sur de la capital chilena. Adem\u00e1s, se sumar\u00e1 a Arica, ciudad del extremo norte lim\u00edtrofe con Per\u00fa y Bolivia. Ma\u00f1alich detall\u00f3 que las comunas que ya permanec\u00edan en cuarentena, &#8220;se mantienen por una semana m\u00e1s en Punta Arenas, Osorno, Temuco, Chill\u00e1n y Chill\u00e1n Viejo (sur del pa\u00eds) y parte de las comunas de Puente Alto, \u00d1u\u00f1oa y Santiago&#8221; (Metropolitana).<br \/>\nLa m\u00e1xima autoridad en Salud defendi\u00f3 las cuarentenas parcializadas y advirti\u00f3 que la medida total produce &#8220;m\u00faltiples efectos da\u00f1inos&#8221;. Mencion\u00f3 que &#8220;en este tiempo, se han registrado aumentos de la violencia intrafamiliar, consumo de alcohol, reca\u00eddas en drogas y falta de insumos b\u00e1sicos, para alimentarse, hacer el aseo&#8221;.<br \/>\nConsultado por las diferencia de estrategia con Argentina, Ma\u00f1alich sostuvo que &#8220;la batalla contra este enemigo coronavirus est\u00e1 siendo muy dura en todo el mundo, creo que las medidas de cuarentenas din\u00e1micas, estrat\u00e9gicas, que se han impuesto en Chile, es una medida que va en el sentido correcto y que permite que los n\u00fameros que estamos observando sean mucho menores de los que en alg\u00fan momento se supuso que iba a tener a nuestro pa\u00eds de infectados y, lo peor, de fallecidos&#8221;.<br \/>\nA su juicio, &#8220;hay que entender que las medidas de insistir o aligerar una cuarentena, tienen motivaciones sanitarias que hay que comprender para ver c\u00f3mo se mueven estas medidas de protecci\u00f3n a lo largo del pa\u00eds en los pr\u00f3ximos d\u00edas y semanas&#8221;.<br \/>\nDe acuerdo al \u00faltimo informe epidemiol\u00f3gico del Ministerio de Salud, las comunas con m\u00e1s casos activos de covid-19 son la austral Punta Arenas, Puente Alto, Santiago, Temuco y Arica.<br \/>\nEl ministro tambi\u00e9n fue requerido por la demanda desde varios sectores por mayor informaci\u00f3n, y asegur\u00f3 que &#8220;toda la informaci\u00f3n que tenemos disponible es transparente, se entrega a los expertos&#8221;. &#8220;Hay datos que ellos quisieran tener que nosotros no los tenemos. Por ejemplo, exactamente en cada caso cu\u00e1l fue el tiempo que medi\u00f3 entre el inicio de los s\u00edntomas y el examen de PCR&#8221;, se\u00f1alo.<br \/>\nMa\u00f1alich detall\u00f3 que \u00e9l tiene &#8220;una idea aproximada&#8221; de aquello, pero no cuenta con la precisi\u00f3n. &#8220;Por lo tanto no podemos entregarlos, y tampoco tenemos la capacidad de hacer un esfuerzo extraordinario para identificar en cada caso positivo retrospectivamente cu\u00e1ndo fue&#8221;. &#8220;En ese sentido, toda la informaci\u00f3n disponible, que es much\u00edsima, est\u00e1 en la p\u00e1gina web (del Ministerio de Salud) que recomiendo revisar y mirar antes de pedir m\u00e1s informaci\u00f3n&#8221;, concluy\u00f3.<\/p>\n","protected":false},"excerpt":{"rendered":"<p>Levant\u00f3 medida en cinco comunas y sum\u00f3 otras tres en el pa\u00eds &nbsp; SANTIAGO DE CHILE, 15 ABR &#8211; El gobierno chileno mantuvo su estrategia&hellip;<\/p>\n","protected":false},"author":99,"featured_media":0,"comment_status":"open","ping_status":"open","sticky":false,"template":"","format":"standard","meta":{"footnotes":""},"categories":[23],"tags":[],"class_list":["post-490000","post","type-post","status-publish","format-standard","hentry","category-latinoamerica"],"_links":{"self":[{"href":"https:\/\/diarioelpopular.com\/index.php\/wp-json\/wp\/v2\/posts\/490000","targetHints":{"allow":["GET"]}}],"collection":[{"href":"https:\/\/diarioelpopular.com\/index.php\/wp-json\/wp\/v2\/posts"}],"about":[{"href":"https:\/\/diarioelpopular.com\/index.php\/wp-json\/wp\/v2\/types\/post"}],"author":[{"embeddable":true,"href":"https:\/\/diarioelpopular.com\/index.php\/wp-json\/wp\/v2\/users\/99"}],"replies":[{"embeddable":true,"href":"https:\/\/diarioelpopular.com\/index.php\/wp-json\/wp\/v2\/comments?post=490000"}],"version-history":[{"count":1,"href":"https:\/\/diarioelpopular.com\/index.php\/wp-json\/wp\/v2\/posts\/490000\/revisions"}],"predecessor-version":[{"id":490002,"href":"https:\/\/diarioelpopular.com\/index.php\/wp-json\/wp\/v2\/posts\/490000\/revisions\/490002"}],"wp:attachment":[{"href":"https:\/\/diarioelpopular.com\/index.php\/wp-json\/wp\/v2\/media?parent=490000"}],"wp:term":[{"taxonomy":"category","embeddable":true,"href":"https:\/\/diarioelpopular.com\/index.php\/wp-json\/wp\/v2\/categories?post=490000"},{"taxonomy":"post_tag","embeddable":true,"href":"https:\/\/diarioelpopular.com\/index.php\/wp-json\/wp\/v2\/tags?post=490000"}],"curies":[{"name":"wp","href":"https:\/\/api.w.org\/{rel}","templated":true}]}}