{"id":490020,"date":"2020-04-16T11:25:49","date_gmt":"2020-04-16T15:25:49","guid":{"rendered":"https:\/\/diarioelpopular.com\/?p=490020"},"modified":"2020-04-16T11:25:49","modified_gmt":"2020-04-16T15:25:49","slug":"el-escritor-chileno-luis-sepulveda-muere-de-coronavirus-en-oviedo","status":"publish","type":"post","link":"https:\/\/diarioelpopular.com\/index.php\/2020\/04\/16\/el-escritor-chileno-luis-sepulveda-muere-de-coronavirus-en-oviedo\/","title":{"rendered":"El escritor chileno Luis Sep\u00falveda muere de coronavirus en Oviedo"},"content":{"rendered":"<p>&nbsp;<\/p>\n<div id=\"attachment_490021\" style=\"width: 646px\" class=\"wp-caption alignnone\"><img loading=\"lazy\" decoding=\"async\" aria-describedby=\"caption-attachment-490021\" class=\"size-custom-full-size wp-image-490021\" src=\"https:\/\/diarioelpopular.com\/wp-content\/uploads\/2020\/04\/LH7RGQOVAVBABMRCUGYNATDPSM-636x358.jpg\" alt=\"\" width=\"636\" height=\"358\" \/><p id=\"caption-attachment-490021\" class=\"wp-caption-text\">El escritor Luis Sep\u00falveda.<br \/>LUIS SEVILLANO ARRIBAS.<\/p><\/div>\n<p>&nbsp;<\/p>\n<h3 class=\"a_st font_secondary color_gray_dark \"><em>El novelista, de 70 a\u00f1os, fue uno de los primeros casos diagnosticados en Espa\u00f1a, a finales de febrero<\/em><\/h3>\n<p>&nbsp;<\/p>\n<p class=\"\">Fue a principios de los noventa en la Feria de Frankfurt que cada oto\u00f1o re\u00fane al mundo de la edici\u00f3n. Beatriz de Maura le coment\u00f3 a un periodista cultural chileno afincado en Alemania, que cada a\u00f1o se deten\u00eda charlar en el puesto de la editorial Tusquets, que le hab\u00edan recomendado una novela de un escritor chileno tambi\u00e9n que estaba triunfando en Francia. \u00bfQuiz\u00e1 le sonaba? El libro era de un tal Luis Sep\u00falveda. El periodista r\u00edo y le dijo que era \u00e9l.<\/p>\n<p class=\"\">Aquel fue uno de los muchos principios que tuvo el novelista Luis Sep\u00falveda (Ovalle, Chile, 1949) fallecido hoy en el Hospital Universitario Central de Asturias, despu\u00e9s de luchar durante varias semanas contra la Covid 19, que le fue diagnosticada a finales de febrero a su regreso de un festival literario, Corrrentes d\u2019Escritas, celebrado en P\u00f3voa de Varzim, en las inmediaciones de Lisboa. La noticia de su muerte fue lamentada por la comunidad literaria en Italia, Francia, Alemania y Espa\u00f1a. \u201cNos ha entristecido profundamente\u201d, explicaba al tel\u00e9fono el editor de Tusquets, Juan Cerezo. \u201cLuis era un escritor muy querido. Activo en la comunidad literaria en la Semana Negra de Gij\u00f3n, en las jornadas de literatura iberoamericana que se organizaban cada a\u00f1o en Asturias. Es terrible constatar que este virus mata\u201d.<\/p>\n<p class=\"\">Aunque hab\u00eda comenzado a sacar poemas y relatos en su juventud, Sep\u00falveda se convirti\u00f3 en un fen\u00f3meno editorial internacional \u2014con miles de lectores en Italia, Francia y Alemania, y traducido a m\u00e1s de 20 idiomas\u2014 con <i>Un viejo que le\u00eda novelas de amor<\/i>, aquel libro que lleg\u00f3 a manos de Beatriz de Moura en Frankfurt y que public\u00f3 en 1993. La editora francesa Anne Marie M\u00e9taili\u00e9 fue quien lanz\u00f3 la novela en un momento en el que, como recuerda el editor de Gallimard y profesor Gustavo Guerrero, se produjo una interesante apertura: \u201cSep\u00falveda tuvo \u00e9xito en Francia antes de publicar en espa\u00f1ol. Aquello respond\u00eda a una internacionalizaci\u00f3n, una globalizaci\u00f3n del mundo editorial, algo que tambi\u00e9n pas\u00f3 con Zoe Vald\u00e9s. El exilio de izquierdas latinoamericano ten\u00eda una larga tradici\u00f3n en Francia, la figura de Sep\u00falveda de alguna manera dio un nuevo rostro a esa literatura <i>engage\u00e9<\/i> o comprometida\u201d.<\/p>\n<p class=\"\">Antes de sensaci\u00f3n literaria latinoamericana, en sus muchas vidas anteriores, Sep\u00falveda hab\u00eda sido desde pinche de cocina hasta activista ecologista. Su biograf\u00eda era digna, sin duda, de varias novelas. Hijo de un militante del partido comunista chileno y una enfermera de origen mapuche, se form\u00f3 en producci\u00f3n teatral en la Universidad Nacional de Chile.<\/p>\n<p class=\"\">El compromiso pol\u00edtico Sep\u00falveda lo llevaba inscrito en el ADN. Sep\u00falveda siempre dijo que hab\u00eda nacido \u201cprofundamente rojo\u201d. Durante el gobierno de Salvador Allende ayud\u00f3 en la publicaci\u00f3n de una colecci\u00f3n de cl\u00e1sicos de bolsillo para que llegaran al gran p\u00fablico. Detenido tras el golpe de Pinochet estuvo preso dos a\u00f1os y medio y logr\u00f3 salir gracias a las gestiones de la rama alemana de Amnist\u00eda Internacional. En Alemania acabar\u00eda residiendo a\u00f1os despu\u00e9s, aunque antes pasar\u00eda un a\u00f1o en la clandestinidad organizando un grupo de teatro de resistencia, se exiliar\u00e1 en Uruguay, Brasil, Paraguay, y Ecuador donde vivir\u00eda con la comunidad de ind\u00edgenas shuar.<\/p>\n<p class=\"\">En 1979 se uni\u00f3 a las brigadas internacionales de apoyo a la guerrilla en Nicaragua y, tras la victoria, se traslad\u00f3 a Alemania. All\u00ed arranc\u00f3 su carrera como periodista, y en los ochenta prendi\u00f3 de nuevo su activismo volcado esta vez el plano ecologista y medioambiental, uni\u00e9ndose a la tripulaci\u00f3n de un barco de Greenpeace.<\/p>\n<p class=\"\">Sep\u00falveda fue un gran viajero, amaba investigar en las diferentes culturas y etnias. \u201cEl mayor tesoro de la especie humana\u201d, dec\u00eda sobre las idiosincrasias regionales. Sus libros de aventuras y viajes entroncaron de alguna forma con la tradici\u00f3n decimon\u00f3nica de de Verne o Conrad, postularon un cierto \u201cneoexotismo\u201d, como lo define el editor Gustavo Guerrero, que conect\u00f3 con el gran p\u00fablico en Francia y volvi\u00f3 contagioso el fen\u00f3meno. Firm\u00f3 m\u00e1s de una veintena de novelas, libros de viaje, guiones y ensayos. Su \u00faltimo libro,<i>Historia de una ballena blanca<\/i>, sali\u00f3 el a\u00f1o pasado. Tambi\u00e9n han sido han sido adaptados al cin algunas de sus historias, como <i>Historia de<\/i> <i>una<\/i> <i>gaviota<\/i> <i>y del gato que le ense\u00f1\u00f3 a volar<\/i>, por el italiano Enzo D\u2019Al\u00f2 y en versi\u00f3n animada, o<i>Un viejo que le\u00eda novelas de amor<\/i>, dirigida por el australiano Rolf de Herr. Fue condecorado como Caballero de Las Artes y las Letras de la Rep\u00fablica Francesa y doctor <i>honoris causa<\/i> por la Universidad de Urbino, Italia.<\/p>\n<p class=\"\">El novelista se instal\u00f3 en Gij\u00f3n en 1997 tras reemprender su relaci\u00f3n con Carmen Y\u00e1\u00f1ez, su pareja en los setenta en Chile, y madre de su hijo Carlos Lenin. En Alemania mantuvo una relaci\u00f3n con Margarita Seven y tuvo tres hijos.<\/p>\n<p class=\"\">Comparti\u00f3 generaci\u00f3n, nacionalidad chilena, el exilio en Espa\u00f1a, y un gran \u00e9xito internacional con Roberto Bola\u00f1o, un autor de quien le separa mucho y cuya literatura poco ten\u00eda que ver con la de Luis Sep\u00falveda. \u201cPero los dos son hu\u00e9rfanos de la aventura de la izquierda latinoamericana\u201d, apunta Guerrero. \u201cForman parte de esa generaci\u00f3n que sacrific\u00f3 su vida por unos ideales de izquierda y que se queda flotando en los a\u00f1os 90. Bola\u00f1o cont\u00f3 parte de esa historia y hay algo de <i>Los detectives salvajes<\/i> en la biograf\u00eda del propio Sep\u00falveda\u201d.<\/p>\n<p class=\"\">En un encuentro con lectores, el autor de <i>Historia de una gaviota y del gato que le ense\u00f1\u00f3 a volar<\/i> planteaba as\u00ed su credo: \u201cLa buena novela a lo largo de la historia ha sido la historia de los perdedores, porque a los ganadores les escribieron su propia historia. Nos toca a los escritores ser la voz de los olvidados\u201d.<\/p>\n","protected":false},"excerpt":{"rendered":"<p>&nbsp; &nbsp; El novelista, de 70 a\u00f1os, fue uno de los primeros casos diagnosticados en Espa\u00f1a, a finales de febrero &nbsp; Fue a principios de&hellip;<\/p>\n","protected":false},"author":99,"featured_media":0,"comment_status":"open","ping_status":"open","sticky":false,"template":"","format":"standard","meta":{"footnotes":""},"categories":[23],"tags":[],"class_list":["post-490020","post","type-post","status-publish","format-standard","hentry","category-latinoamerica"],"_links":{"self":[{"href":"https:\/\/diarioelpopular.com\/index.php\/wp-json\/wp\/v2\/posts\/490020","targetHints":{"allow":["GET"]}}],"collection":[{"href":"https:\/\/diarioelpopular.com\/index.php\/wp-json\/wp\/v2\/posts"}],"about":[{"href":"https:\/\/diarioelpopular.com\/index.php\/wp-json\/wp\/v2\/types\/post"}],"author":[{"embeddable":true,"href":"https:\/\/diarioelpopular.com\/index.php\/wp-json\/wp\/v2\/users\/99"}],"replies":[{"embeddable":true,"href":"https:\/\/diarioelpopular.com\/index.php\/wp-json\/wp\/v2\/comments?post=490020"}],"version-history":[{"count":1,"href":"https:\/\/diarioelpopular.com\/index.php\/wp-json\/wp\/v2\/posts\/490020\/revisions"}],"predecessor-version":[{"id":490022,"href":"https:\/\/diarioelpopular.com\/index.php\/wp-json\/wp\/v2\/posts\/490020\/revisions\/490022"}],"wp:attachment":[{"href":"https:\/\/diarioelpopular.com\/index.php\/wp-json\/wp\/v2\/media?parent=490020"}],"wp:term":[{"taxonomy":"category","embeddable":true,"href":"https:\/\/diarioelpopular.com\/index.php\/wp-json\/wp\/v2\/categories?post=490020"},{"taxonomy":"post_tag","embeddable":true,"href":"https:\/\/diarioelpopular.com\/index.php\/wp-json\/wp\/v2\/tags?post=490020"}],"curies":[{"name":"wp","href":"https:\/\/api.w.org\/{rel}","templated":true}]}}