{"id":490024,"date":"2020-04-16T11:34:14","date_gmt":"2020-04-16T15:34:14","guid":{"rendered":"https:\/\/diarioelpopular.com\/?p=490024"},"modified":"2020-04-16T11:34:14","modified_gmt":"2020-04-16T15:34:14","slug":"el-error-medico-que-provoco-una-cuarentena-masiva-de-sanitarios-en-un-hospital-publico-de-ciudad-de-mexico","status":"publish","type":"post","link":"https:\/\/diarioelpopular.com\/index.php\/2020\/04\/16\/el-error-medico-que-provoco-una-cuarentena-masiva-de-sanitarios-en-un-hospital-publico-de-ciudad-de-mexico\/","title":{"rendered":"El error m\u00e9dico que provoc\u00f3 una cuarentena masiva de sanitarios en un hospital p\u00fablico de Ciudad de M\u00e9xico"},"content":{"rendered":"<div id=\"attachment_490025\" style=\"width: 646px\" class=\"wp-caption alignnone\"><img loading=\"lazy\" decoding=\"async\" aria-describedby=\"caption-attachment-490025\" class=\"size-custom-full-size wp-image-490025\" src=\"https:\/\/diarioelpopular.com\/wp-content\/uploads\/2020\/04\/VIXT6ELNVVB4PNZSOL4J3IDK3E-636x424.jpg\" alt=\"\" width=\"636\" height=\"424\" \/><p id=\"caption-attachment-490025\" class=\"wp-caption-text\">Personal sanitario de un hospital p\u00fablico de Ciudad de M\u00e9xico protesta para exigir equipo de protecci\u00f3n ante la contingencia.JOS\u00c9 M\u00c9NDEZ \/ EFE<\/p><\/div>\n<h3 class=\"a_st font_secondary color_gray_dark \"><em>Un paciente con la covid-19 fue atendido en urgencias sin protocolos ni protecci\u00f3n para al menos 35 miembros del personal sanitario, ocho de ellos estudiantes, seg\u00fan revelan dos doctores implicados<\/em><\/h3>\n<p>&nbsp;<\/p>\n<p class=\"\">Cuando el paciente de unos 66 a\u00f1os lleg\u00f3 a la recepci\u00f3n del Hospital Zona 27 de Ciudad de M\u00e9xico a mediados de marzo con falta de aire, sudoraci\u00f3n, dolor de cabeza y semiinconsciente, lo primero que le realizaron en una sala especial <a href=\"https:\/\/elpais.com\/sociedad\/2020-04-09\/una-serie-de-contagios-masivos-entre-el-personal-de-hospitales-publicos-enciende-las-alarmas-en-mexico.html\" target=\"_blank\" rel=\"noopener\" data-link-track-dtm=\"\">de este centro del Instituto Mexicano del Seguro Social <\/a>fue un cuestionario. \u00c9l, seg\u00fan relatan dos m\u00e9dicos implicados, estaba muy d\u00e9bil. Tras responder a unas preguntas b\u00e1sicas para descartar la covid-19 \u2014que en esos momentos se basaba solo en una: \u00bfViaj\u00f3 usted al extranjero?\u2014 se catalog\u00f3 como un paciente con neumon\u00eda adquirida en la comunidad, que suele ser bacteriana. Y pas\u00f3 al \u00e1rea de urgencias como un paciente m\u00e1s. Sin aislamiento, protocolos ni protecci\u00f3n para los que lo atendieron ni para los pacientes con los que convivi\u00f3 en la misma sala durante un d\u00eda y medio. El hombre falleci\u00f3 d\u00edas despu\u00e9s en otro centro p\u00fablico por coronavirus. Y 35 miembros del personal sanitario fueron puestos en cuarentena, casi todo el servicio de urgencias de aquella noche, siete de ellos estudiantes.<\/p>\n<p class=\"\">El hospital en esos momentos no se encontraba en una <a href=\"https:\/\/elpais.com\/sociedad\/2020\/04\/07\/actualidad\/1586251212_090043.html\" target=\"_blank\" rel=\"noopener\" data-link-track-dtm=\"\">fase cr\u00edtica de atenci\u00f3n a la pandemia<\/a>. Ni siquiera estaba habilitado todav\u00eda para atender a pacientes con la covid-19, a partir de la semana pasada se modificaron las instalaciones para ello. Pese a todo, las autoridades responsabilizaron al paciente de haber mentido en el cuestionario, una pr\u00e1ctica con la que lidia el personal sanitario de manera habitual y para la que debe estar preparado.<\/p>\n<p class=\"\">Pero el error m\u00e9dico de esa noche de mediados de marzo revela los retos del sistema p\u00fablico mexicano para enfrentar una crisis de estas caracter\u00edsticas, especialmente cuando el pa\u00eds entre en una situaci\u00f3n m\u00e1s acuciante prevista en unas semanas. El Gobierno mexicano defiende una y otra vez que desde enero ha estado dando seguimiento a la evoluci\u00f3n de la pandemia, pero <a href=\"https:\/\/elpais.com\/sociedad\/2020-04-09\/no-hay-equipo-ni-materiales-todo-lo-pagamos-de-nuestro-bolsillo.html\" target=\"_blank\" rel=\"noopener\" data-link-track-dtm=\"\">la urgencia en las \u00faltimas semanas por adquirir material m\u00e9dico<\/a> y los <a href=\"https:\/\/elpais.com\/sociedad\/2020-04-09\/una-serie-de-contagios-masivos-entre-el-personal-de-hospitales-publicos-enciende-las-alarmas-en-mexico.html\" target=\"_blank\" rel=\"noopener\" data-link-track-dtm=\"\">brotes de contagios en distintos hospitales<\/a> apuntan que las carencias son mayores. Varios medios han tratado de recoger la versi\u00f3n de las autoridades del centro a trav\u00e9s del Seguro Social, pero no han dado ninguna explicaci\u00f3n oficial sobre lo sucedido con este caso.<\/p>\n<p class=\"\">Quienes realizaron el cuestionario al paciente fueron m\u00e9dicos estudiantes en el \u00faltimo a\u00f1o de Medicina que, aunque son supervisados por un doctor de base, se encargaban hasta el pasado 7 de abril de la primera l\u00ednea de batalla.<\/p>\n<p class=\"\">M\u00e1s casos como este alertaron a las autoridades universitarias del riesgo que estaban corriendo sus alumnos y las principales universidades p\u00fablicas del pa\u00eds suspendieron su servicio obligatorio.<\/p>\n<p class=\"\">\u201cNo ten\u00edamos ni cubrebocas, los pocos que pod\u00edamos conseguir nos los daban compa\u00f1eros que los hab\u00edan comprado fuera. \u00c9ramos un riesgo para los pacientes y para nuestras familias\u201d, cuenta a este diario uno de los m\u00e9dicos internos \u2014en pr\u00e1cticas\u2014 que prefiere no dar su nombre por miedo a represalias.<\/p>\n<p class=\"\">\u201cEl paciente se empez\u00f3 a complicar, su ox\u00edgeno estaba bajo. Entonces lo metieron al \u00e1rea de choque y ah\u00ed me encontr\u00e9 con \u00e9l. Le hice varias pruebas, le tom\u00e9 muestras de sangre, le hice un electrocardiograma y estuve horas con \u00e9l hablando. \u00c9l estornudaba, tos\u00eda cerca de m\u00ed, yo no ten\u00eda ninguna protecci\u00f3n\u201d, cuenta el interno.<\/p>\n<p class=\"\">Tras esperar unas horas, se habilit\u00f3 una cama de urgencias para \u00e9l y fue trasladado a un espacio donde no hay separaci\u00f3n entre camillas, cuentan los dos internos, y donde a su lado izquierdo se encontraba un hombre con una cardiopat\u00eda y a su derecha una mujer de unos 70 a\u00f1os intubada por una neumon\u00eda bacteriana. Ninguno de los dos sabe si a estos pacientes se les realiz\u00f3 <a href=\"https:\/\/elpais.com\/ciencia\/2020-03-26\/asi-funcionan-los-tests-rapidos-de-covid-19.html\" target=\"_blank\" rel=\"noopener\" data-link-track-dtm=\"\">una prueba de la covid-19<\/a>.<\/p>\n<p class=\"\">En el \u00e1rea de urgencias, C\u00e9sar Eduardo Barrios, de 23 a\u00f1os, tom\u00f3 m\u00e1s muestras de sangre y le realiz\u00f3 una gasometr\u00eda arterial, tambi\u00e9n sin protecci\u00f3n. \u201cSe pidieron placas de t\u00f3rax, ah\u00ed se demostr\u00f3 que ten\u00eda un da\u00f1o en el pulm\u00f3n, pero tanto \u00e9l como su esposa explicaron que ten\u00eda EPOC, enfermedad pulmonar cr\u00f3nica.<\/p>\n<p class=\"\">Entre nosotros hab\u00eda alguna duda, pero como ten\u00eda esa enfermedad de base y no hab\u00eda viajado al extranjero, es dif\u00edcil distinguir\u201d, explica Barrios, tambi\u00e9n estudiante interno de medicina. \u201cEstuve como tres horas con \u00e9l atendi\u00e9ndolo. El servicio de urgencias es un \u00e1rea abierta. As\u00ed que, aunque no estuviera directamente con \u00e9l, atend\u00eda a los que estaban al lado y ah\u00ed estuve toda la ma\u00f1ana\u201d, a\u00f1ade Barrios.<\/p>\n<p class=\"\">Un d\u00eda y medio despu\u00e9s de ser tratado en este hospital, seg\u00fan el testimonio de los dos m\u00e9dicos internos, la esposa confes\u00f3 a otro de ellos que s\u00ed hab\u00edan viajado al extranjero. Fue entonces cuando el centro dispar\u00f3 todas las alarmas. \u201cEn ese momento, todo el mundo pierde la cabeza. Despu\u00e9s nos rega\u00f1aron a nosotros porque se nos hab\u00eda escapado\u201d, cuenta el otro interno.<\/p>\n<p class=\"\">El centro orden\u00f3 a partir de ese d\u00eda que 35 miembros del personal sanitario se aislaran en casa durante 14 d\u00edas. El paciente se someti\u00f3 a una prueba de coronavirus y se traslad\u00f3 al Instituto Nacional de Enfermedades Respiratorias. A los internos les comunicaron que hab\u00eda dado positivo unos d\u00edas m\u00e1s tarde. Tambi\u00e9n, que el paciente hab\u00eda fallecido.<\/p>\n<p class=\"\">Uno de los m\u00e9dicos en pr\u00e1cticas comenz\u00f3 a presentar s\u00edntomas tres d\u00edas antes de que terminara su cuarentena de dos semanas. \u201cTuve fiebre, tos, dolor muscular\u2026 Y ten\u00eda que regresar a trabajar. Ten\u00eda mucho miedo de comentar algo en el hospital, pues todos sabemos que cuando cumples m\u00e1s de 15 d\u00edas de incapacidad, el centro puede darte de baja como interno, pero estaba convencido de que lo ten\u00eda\u201d, cuenta. \u201cAl final ped\u00ed que me hicieran una prueba, en todo momento sent\u00ed que las autoridades del hospital quer\u00edan ocultar este caso, se mostraron muy reticentes para hac\u00e9rmela. Me la hicieron, fui el \u00fanico de mis compa\u00f1eros, y al parecer, mi muestra &#8220;se perdi\u00f3&#8221; en el laboratorio, nunca obtuve los resultados\u201d, a\u00f1ade. \u201cQuise hacerme otra prueba por lo privado, para respaldarme ante el centro, pero no ten\u00eda el dinero para hacerlo, me estoy manteniendo con becas de la universidad\u201d, cuenta el interno.<\/p>\n<p class=\"\">Este s\u00e1bado falleci\u00f3 un m\u00e9dico de este hospital por coronavirus, el doctor Eduardo Mart\u00ednez Etchart, y aunque no se sabe la relaci\u00f3n entre su contagio y este caso, el ambiente que se vive en el centro es tenso desde hace unas semanas. Un camillero del mismo hospital ha presentado s\u00edntomas y ha sido catalogado como sospechoso, se encuentra en aislamiento en su casa.<\/p>\n<p class=\"\">El personal sanitario de este hospital se ha manifestado en dos ocasiones a las puertas del recinto por la falta de material para atender la pandemia. En las \u00faltimas semanas <a href=\"https:\/\/elpais.com\/sociedad\/2020-04-09\/no-hay-equipo-ni-materiales-todo-lo-pagamos-de-nuestro-bolsillo.html\" target=\"_blank\" rel=\"noopener\" data-link-track-dtm=\"\">ha habido tambi\u00e9n protestas en al menos ocho Estados del pa\u00eds<\/a> por la falta de insumos.<\/p>\n<p class=\"\">Las protestas por falta de material se han producido en el pa\u00eds antes de que se llegue siquiera a la fase 3 de la pandemia. Y la dificultad para abastecer los centros se ha vuelto el principal problema para M\u00e9xico antes de tiempo.<\/p>\n<p class=\"\">La semana pasada<a href=\"https:\/\/elpais.com\/america\/sociedad\/2020-04-15\/coronavirus-en-america-en-vivo-ultimas-noticias-de-la-covid-19.html\" target=\"_blank\" rel=\"noopener\" data-link-track-dtm=\"\"> lleg\u00f3 un primer cargamento desde China con 725.000 guantes<\/a> y 820.000 mascarillas N95, las recomendadas para el personal m\u00e9dico. La compra total de insumos chinos supera los 56 millones de d\u00f3lares e incluye 11,5 millones de mascarillas y 5.272 ventiladores mec\u00e1nicos que se sumar\u00edan a los 8.000 que ya existen en el pa\u00eds. En total est\u00e1n previstos 20 vuelos desde Asia para reabastecer el sistema mexicano de salud, seg\u00fan han informado desde el Gobierno.<\/p>\n<p class=\"\">El caso del hospital 27 no es el \u00fanico en M\u00e9xico. En la cl\u00ednica 72 de Tlanepantla (Estado de M\u00e9xico, zona conurbada de la capital),<a href=\"https:\/\/elpais.com\/sociedad\/2020-04-09\/no-hay-equipo-ni-materiales-todo-lo-pagamos-de-nuestro-bolsillo.html\" target=\"_blank\" rel=\"noopener\" data-link-track-dtm=\"\"> al menos 19 sanitarios dieron positivo<\/a> en la prueba de la covid-19 hace una semana y en una ciudad al norte del pa\u00eds, Monclova (Coahuila), <a href=\"https:\/\/elpais.com\/sociedad\/2020-04-09\/una-serie-de-contagios-masivos-entre-el-personal-de-hospitales-publicos-enciende-las-alarmas-en-mexico.html\" target=\"_blank\" rel=\"noopener\" data-link-track-dtm=\"\">el caso de un paciente que fue diagnosticado hasta una semana despu\u00e9s<\/a>, pudo haber provocado otros 26 contagios en el mismo hospital y la muerte de un doctor por coronavirus.<\/p>\n<p class=\"\">\u201cLo vivimos con mucho miedo. En la carrera te dicen que tienes que estar listo, pero no lo estamos. La gesti\u00f3n de la crisis es una cat\u00e1strofe que est\u00e1 exponiendo al sistema de salud que tenemos\u201d, cuenta el interno.<\/p>\n","protected":false},"excerpt":{"rendered":"<p>Un paciente con la covid-19 fue atendido en urgencias sin protocolos ni protecci\u00f3n para al menos 35 miembros del personal sanitario, ocho de ellos estudiantes,&hellip;<\/p>\n","protected":false},"author":99,"featured_media":0,"comment_status":"open","ping_status":"open","sticky":false,"template":"","format":"standard","meta":{"footnotes":""},"categories":[23],"tags":[],"class_list":["post-490024","post","type-post","status-publish","format-standard","hentry","category-latinoamerica"],"_links":{"self":[{"href":"https:\/\/diarioelpopular.com\/index.php\/wp-json\/wp\/v2\/posts\/490024","targetHints":{"allow":["GET"]}}],"collection":[{"href":"https:\/\/diarioelpopular.com\/index.php\/wp-json\/wp\/v2\/posts"}],"about":[{"href":"https:\/\/diarioelpopular.com\/index.php\/wp-json\/wp\/v2\/types\/post"}],"author":[{"embeddable":true,"href":"https:\/\/diarioelpopular.com\/index.php\/wp-json\/wp\/v2\/users\/99"}],"replies":[{"embeddable":true,"href":"https:\/\/diarioelpopular.com\/index.php\/wp-json\/wp\/v2\/comments?post=490024"}],"version-history":[{"count":1,"href":"https:\/\/diarioelpopular.com\/index.php\/wp-json\/wp\/v2\/posts\/490024\/revisions"}],"predecessor-version":[{"id":490026,"href":"https:\/\/diarioelpopular.com\/index.php\/wp-json\/wp\/v2\/posts\/490024\/revisions\/490026"}],"wp:attachment":[{"href":"https:\/\/diarioelpopular.com\/index.php\/wp-json\/wp\/v2\/media?parent=490024"}],"wp:term":[{"taxonomy":"category","embeddable":true,"href":"https:\/\/diarioelpopular.com\/index.php\/wp-json\/wp\/v2\/categories?post=490024"},{"taxonomy":"post_tag","embeddable":true,"href":"https:\/\/diarioelpopular.com\/index.php\/wp-json\/wp\/v2\/tags?post=490024"}],"curies":[{"name":"wp","href":"https:\/\/api.w.org\/{rel}","templated":true}]}}