{"id":490028,"date":"2020-04-16T11:37:08","date_gmt":"2020-04-16T15:37:08","guid":{"rendered":"https:\/\/diarioelpopular.com\/?p=490028"},"modified":"2020-04-16T11:37:08","modified_gmt":"2020-04-16T15:37:08","slug":"brasil-fuera-de-control-mas-muertes-mas-casos","status":"publish","type":"post","link":"https:\/\/diarioelpopular.com\/index.php\/2020\/04\/16\/brasil-fuera-de-control-mas-muertes-mas-casos\/","title":{"rendered":"Brasil fuera de control, m\u00e1s muertes, m\u00e1s casos"},"content":{"rendered":"<div id=\"attachment_490029\" style=\"width: 160px\" class=\"wp-caption alignnone\"><img loading=\"lazy\" decoding=\"async\" aria-describedby=\"caption-attachment-490029\" class=\"size-thumbnail wp-image-490029\" src=\"https:\/\/diarioelpopular.com\/wp-content\/uploads\/2020\/04\/1075e32231f28bf7347bf987f0610d9d-150x150.jpg\" alt=\"\" width=\"150\" height=\"150\" \/><p id=\"caption-attachment-490029\" class=\"wp-caption-text\">Imagen elocuente en un cementerio de San Pablo.<\/p><\/div>\n<p>&nbsp;<\/p>\n<h4><em>La pandemia se expande fuertemente. Los positivos se multiplican<\/em><\/h4>\n<p>&nbsp;<\/p>\n<p><em><strong>SAN PABLO, 16 ABR &#8211;<\/strong><\/em> El n\u00famero de casos confirmados de coronavirus en Brasil aument\u00f3 a 28.320, con 3.058 (12%) nuevos positivos, mientras que las muertes ahora son 1.763, un aumento de 204 (13%) en las \u00faltimas 24 horas.<br \/>\nAs\u00ed lo reporta el bolet\u00edn oficial del ministerio de Salud, publicado durante la sesi\u00f3n informativa diaria del gobierno.<br \/>\nEl estado de San Pablo, el m\u00e1s poblado del pa\u00eds, contin\u00faa concentrando la mayor\u00eda de los casos confirmados (11.043) y muertes (778). En los \u00faltimos 7 d\u00edas, el n\u00famero total de v\u00edctimas de la epidemia ha aumentado en un 84%. Los funcionarios del ministerio tambi\u00e9n informaron que el 27% de los fallecidos eran menores de 60 a\u00f1os y que el 27% no pertenec\u00edan a uno de los grupos considerados en riesgo. El segundo estado m\u00e1s afectado es R\u00edo de Janeiro, con 3.743 enfermos y 265 decesos. Entre los contagiados figura el gobernador de esa regi\u00f3n, Wilson Witzel, adem\u00e1s de su par, Helder Barbalho, de Par\u00e1.<br \/>\nBrasil contin\u00faa tomando distancia como el pa\u00eds m\u00e1s afectado por el coronavirus en Am\u00e9rica Latina, tanto en transmisiones como en fallecimientos.<\/p>\n","protected":false},"excerpt":{"rendered":"<p>&nbsp; La pandemia se expande fuertemente. Los positivos se multiplican &nbsp; SAN PABLO, 16 ABR &#8211; El n\u00famero de casos confirmados de coronavirus en Brasil&hellip;<\/p>\n","protected":false},"author":99,"featured_media":0,"comment_status":"open","ping_status":"open","sticky":false,"template":"","format":"standard","meta":{"footnotes":""},"categories":[23],"tags":[],"class_list":["post-490028","post","type-post","status-publish","format-standard","hentry","category-latinoamerica"],"_links":{"self":[{"href":"https:\/\/diarioelpopular.com\/index.php\/wp-json\/wp\/v2\/posts\/490028","targetHints":{"allow":["GET"]}}],"collection":[{"href":"https:\/\/diarioelpopular.com\/index.php\/wp-json\/wp\/v2\/posts"}],"about":[{"href":"https:\/\/diarioelpopular.com\/index.php\/wp-json\/wp\/v2\/types\/post"}],"author":[{"embeddable":true,"href":"https:\/\/diarioelpopular.com\/index.php\/wp-json\/wp\/v2\/users\/99"}],"replies":[{"embeddable":true,"href":"https:\/\/diarioelpopular.com\/index.php\/wp-json\/wp\/v2\/comments?post=490028"}],"version-history":[{"count":1,"href":"https:\/\/diarioelpopular.com\/index.php\/wp-json\/wp\/v2\/posts\/490028\/revisions"}],"predecessor-version":[{"id":490030,"href":"https:\/\/diarioelpopular.com\/index.php\/wp-json\/wp\/v2\/posts\/490028\/revisions\/490030"}],"wp:attachment":[{"href":"https:\/\/diarioelpopular.com\/index.php\/wp-json\/wp\/v2\/media?parent=490028"}],"wp:term":[{"taxonomy":"category","embeddable":true,"href":"https:\/\/diarioelpopular.com\/index.php\/wp-json\/wp\/v2\/categories?post=490028"},{"taxonomy":"post_tag","embeddable":true,"href":"https:\/\/diarioelpopular.com\/index.php\/wp-json\/wp\/v2\/tags?post=490028"}],"curies":[{"name":"wp","href":"https:\/\/api.w.org\/{rel}","templated":true}]}}