{"id":490046,"date":"2020-04-17T00:20:28","date_gmt":"2020-04-17T04:20:28","guid":{"rendered":"https:\/\/diarioelpopular.com\/?p=490046"},"modified":"2020-04-17T00:20:28","modified_gmt":"2020-04-17T04:20:28","slug":"prohibido-cremar-a-los-muertos","status":"publish","type":"post","link":"https:\/\/diarioelpopular.com\/index.php\/2020\/04\/17\/prohibido-cremar-a-los-muertos\/","title":{"rendered":"Prohibido cremar a los muertos"},"content":{"rendered":"<div id=\"attachment_490047\" style=\"width: 310px\" class=\"wp-caption alignnone\"><img loading=\"lazy\" decoding=\"async\" aria-describedby=\"caption-attachment-490047\" class=\"size-medium wp-image-490047\" src=\"https:\/\/diarioelpopular.com\/wp-content\/uploads\/2020\/04\/10f34c1c82599c59ed2b056a82fee0af-300x204.jpg\" alt=\"\" width=\"300\" height=\"204\" \/><p id=\"caption-attachment-490047\" class=\"wp-caption-text\">La cremaci\u00f3n de cad\u00e1veres, un problema para M\u00e9xico<\/p><\/div>\n<div id=\"attachment_490048\" style=\"width: 310px\" class=\"wp-caption alignnone\"><img loading=\"lazy\" decoding=\"async\" aria-describedby=\"caption-attachment-490048\" class=\"size-medium wp-image-490048\" src=\"https:\/\/diarioelpopular.com\/wp-content\/uploads\/2020\/04\/10f34c1c82599c59ed2b056a82fee0af-1-300x204.jpg\" alt=\"\" width=\"300\" height=\"204\" \/><p id=\"caption-attachment-490048\" class=\"wp-caption-text\">epa08366930 Crematorium workers unload a coffin from a hearse at Brussels Inter-municipal Crematorium in Brussels, Belgium, 16 April 2020. A total of 41 cremations take place per day since the start of the COVID-19 outbreak. 29 cremations are preceded by a ceremony and 12 without ceremony. Relatives of the deceased await the end of the health crisis to be able to perform a ceremony as they wish. Usually 17 ceremonies take place on average per day. Before COVID-19 the ceremonies lasted on average 22 minutes with 26 people. Currently ceremonies can last a maximum of 15 minutes and only 15 people maximum are allowed in the ceremony room while respecting the rules of social distancing. EPA\/STEPHANIE LECOCQ ATTENTION: This Image is part of a PHOTO SET<\/p><\/div>\n<h4><em>M\u00e9todo para evitar propagaci\u00f3n Covid-19 puede ser prohibido<\/em><\/h4>\n<p>&nbsp;<\/p>\n<p><em><strong>CIUDAD DE MEXICO, 16 ABR &#8211;<\/strong><\/em> La cremaci\u00f3n generalizada de cad\u00e1veres parece ser el mejor m\u00e9todo para evitar la propagaci\u00f3n del Covid-19 en muchos pa\u00edses pero no en M\u00e9xico, donde podr\u00eda interferir en el espinoso tema de los desaparecidos.<br \/>\nLa incineraci\u00f3n podr\u00eda ser aprovechado por el crimen organizado para deshacerse de algunos cuerpos y evitar su posterior reconocimiento, alertaron organizaciones de defensa de los derechos humanos.<br \/>\nEl problema fue puesto repentinamente sobre el tapete por las ONGs cuando comenz\u00f3 a subir la curva de v\u00edctimas de coronavirus, que en el pa\u00eds todav\u00eda es relativamente plana, con 449 fallecimientos y 5.847 contagios.<br \/>\nLa organizaci\u00f3n para los derechos humanos, Fray Juan de Larios, se pronunci\u00f3 manifest\u00f3 que la cremaci\u00f3n de cuerpos podr\u00eda &#8220;atentar contra los derechos de las personas desaparecidas&#8221;.<br \/>\n&#8220;Es importante no obviar que tenemos m\u00e1s de 60.000 personas desaparecidas en M\u00e9xico, y el sistema forense a nivel nacional est\u00e1 rebasado por los miles de cuerpos sin identificar&#8221;, se\u00f1al\u00f3.<br \/>\nAdem\u00e1s, record\u00f3 que en el caso de personas fallecidas no identificadas, lo que aplica es la Ley General en Materia de Desaparici\u00f3n de Personas, que prohibe incinerar el cuerpo&#8221;.<br \/>\nEl viceministro de Salud (Ssa), Hugo L\u00f3pez-Gatell, principal vocero de la pandemia, adelant\u00f3 que en atenci\u00f3n a la Ley de V\u00edctimas, por el gran n\u00famero de personas desaparecidas que hay en el pa\u00eds, se prev\u00e9 adoptar una normativa que determinar\u00eda la prohibici\u00f3n de cremar cad\u00e1veres por esta enfermedad viral.<br \/>\n&#8220;Hay una Comisi\u00f3n Nacional de B\u00fasqueda que depende de Gobernaci\u00f3n y, en un momento dado, la cremaci\u00f3n interferir\u00eda con este proceso&#8221;, afirm\u00f3.<br \/>\nLos ministerios de Gobernaci\u00f3n y Salud se disponen a publicar un acuerdo conjunto en ese sentido, en el cual se establecer\u00e1n los criterios para el manejo de cuerpos. El viceministro reconoci\u00f3 que la desaparici\u00f3n forzada es una &#8220;monumental tragedia social&#8221; y afirm\u00f3 que el manejo de los cuerpos ante la situaci\u00f3n actual &#8220;garantizar\u00eda a quienes buscan a los desaparecidos, la posibilidad de encontrarlos&#8221;.<br \/>\nDurante las conversaciones que ha habido a alto nivel del gobierno para analizar el tema, se lleg\u00f3 a la conclusi\u00f3n de que &#8220;resulta improcedente considerar la cremaci\u00f3n, a pesar de que en t\u00e9rminos sanitarios sea recomendable&#8221;, afirm\u00f3 L\u00f3pez-Gatell.<br \/>\nEl funcionario, sin embargo, afirm\u00f3 que &#8220;no afecta sustantivamente esta medida en t\u00e9rminos de salud, de protecci\u00f3n contra el contagio, derivado de que las personas fallecidas pueden ser un medio de propagaci\u00f3n&#8221;, si se siguen los protocolos correspondientes.<br \/>\nEl problema sin embargo podr\u00eda surgir del mal manejo de los cuerpos por parte de las empresas funerarias, hacen notar los analistas.<br \/>\nSeg\u00fan testimonios recogidos hace unos d\u00edas por el diario local Reforma, las grandes compa\u00f1\u00edas de este sector tienen &#8220;bien claros los protocolos&#8221; para el manejo de los cuerpos e incluso han adoptado medidas previas a la fase cr\u00edtica de la pandemia, que se teme ocurra en mayo pr\u00f3ximo.<br \/>\nSin embargo, las peque\u00f1as ignoran la manera de proceder y en los primeros casos que se les han presentado han tenido que improvisar, lo que puede resultar altamente peligroso en las actuales circunstancias.<br \/>\nEl ministerio de Salud actualiz\u00f3 la &#8220;Gu\u00eda de Manejo de Cad\u00e1veres Covid19&#8221;, en el cual establece que los restos podr\u00edan suponer un riesgo de infecci\u00f3n para quienes entren en contacto con ellos.<br \/>\nLas normas prev\u00e9n evitar intervenciones est\u00e9ticas y embalsamamientos y el traslado debe realizarse con bolsa sometida a desinfecci\u00f3n.<br \/>\nA los deudos se les debe informar con claridad que no puede acercarse al cad\u00e1ver ni tocarlo o besarlo.<br \/>\nLa compa\u00f1\u00eda J. Garcia L\u00f3pez, una de las dominantes del sector funerario, proh\u00ed be velaciones con m\u00e1s de 20 personas y prev\u00e9 ceremonias lit\u00fargicas breves, sin contacto f\u00edsico.<br \/>\nEn M\u00e9xico la ola de violencia que castiga al pa\u00eds desde hace 13 a\u00f1os arroja una enorme cantidad de desaparecidos, buscados por decenas de organizaciones de familiares, que en muchos casos han tenido m\u00e1s \u00e9xito en hallar sus restos o localizarlas con vida que las propias autoridades.<\/p>\n","protected":false},"excerpt":{"rendered":"<p>M\u00e9todo para evitar propagaci\u00f3n Covid-19 puede ser prohibido &nbsp; CIUDAD DE MEXICO, 16 ABR &#8211; La cremaci\u00f3n generalizada de cad\u00e1veres parece ser el mejor m\u00e9todo&hellip;<\/p>\n","protected":false},"author":99,"featured_media":0,"comment_status":"open","ping_status":"open","sticky":false,"template":"","format":"standard","meta":{"footnotes":""},"categories":[23],"tags":[],"class_list":["post-490046","post","type-post","status-publish","format-standard","hentry","category-latinoamerica"],"_links":{"self":[{"href":"https:\/\/diarioelpopular.com\/index.php\/wp-json\/wp\/v2\/posts\/490046","targetHints":{"allow":["GET"]}}],"collection":[{"href":"https:\/\/diarioelpopular.com\/index.php\/wp-json\/wp\/v2\/posts"}],"about":[{"href":"https:\/\/diarioelpopular.com\/index.php\/wp-json\/wp\/v2\/types\/post"}],"author":[{"embeddable":true,"href":"https:\/\/diarioelpopular.com\/index.php\/wp-json\/wp\/v2\/users\/99"}],"replies":[{"embeddable":true,"href":"https:\/\/diarioelpopular.com\/index.php\/wp-json\/wp\/v2\/comments?post=490046"}],"version-history":[{"count":1,"href":"https:\/\/diarioelpopular.com\/index.php\/wp-json\/wp\/v2\/posts\/490046\/revisions"}],"predecessor-version":[{"id":490049,"href":"https:\/\/diarioelpopular.com\/index.php\/wp-json\/wp\/v2\/posts\/490046\/revisions\/490049"}],"wp:attachment":[{"href":"https:\/\/diarioelpopular.com\/index.php\/wp-json\/wp\/v2\/media?parent=490046"}],"wp:term":[{"taxonomy":"category","embeddable":true,"href":"https:\/\/diarioelpopular.com\/index.php\/wp-json\/wp\/v2\/categories?post=490046"},{"taxonomy":"post_tag","embeddable":true,"href":"https:\/\/diarioelpopular.com\/index.php\/wp-json\/wp\/v2\/tags?post=490046"}],"curies":[{"name":"wp","href":"https:\/\/api.w.org\/{rel}","templated":true}]}}