{"id":490065,"date":"2020-04-17T00:50:39","date_gmt":"2020-04-17T04:50:39","guid":{"rendered":"https:\/\/diarioelpopular.com\/?p=490065"},"modified":"2020-04-17T00:50:39","modified_gmt":"2020-04-17T04:50:39","slug":"5-700-decesos-de-desfase-en-guayas-hacen-temer-que-se-empeore","status":"publish","type":"post","link":"https:\/\/diarioelpopular.com\/index.php\/2020\/04\/17\/5-700-decesos-de-desfase-en-guayas-hacen-temer-que-se-empeore\/","title":{"rendered":"5.700 decesos de desfase en Guayas hacen temer que se empeore"},"content":{"rendered":"<div id=\"attachment_490066\" style=\"width: 310px\" class=\"wp-caption alignnone\"><img loading=\"lazy\" decoding=\"async\" aria-describedby=\"caption-attachment-490066\" class=\"size-medium wp-image-490066\" src=\"https:\/\/diarioelpopular.com\/wp-content\/uploads\/2020\/04\/5e88135a88633.r_1587088452129.0-191-3000-1680-300x150.jpeg\" alt=\"\" width=\"300\" height=\"150\" \/><p id=\"caption-attachment-490066\" class=\"wp-caption-text\">En la ciudad de Guayaquil, los cuerpos que han aparecido en las calles han durado hasta tres d\u00edas a la intemperie.<br \/>Foto: AFP<\/p><\/div>\n<h4><em>El promedio de muertos ascendi\u00f3 en lo que va corrido de abril a 6.700<\/em><\/h4>\n<p>&nbsp;<\/p>\n<p id=\"p485258-m434-433-435\" class=\"contenido\">Del primero al 15 de este mes, en la <a href=\"https:\/\/www.eltiempo.com\/noticias\/ecuador\" target=\"_blank\" rel=\"noopener\">provincia costera del Guayas, en Ecuador<\/a>, fallecieron 6.703 personas por m\u00faltiples razones. Antes de la pandemia de la covid-19,\u00a0el promedio de muertes en general era de mil para este lapso de tiempo, por lo que hay un excedente de m\u00e1s de 5.700 nuevos fallecidos que pueden ser el indicativo de que la situaci\u00f3n en esta provincia, que es el epicentro de la enfermedad en el pa\u00eds, puede ser mucho m\u00e1s grave de lo que se calculaba.<\/p>\n<p class=\"contenido\"><b><\/b>Aunque la informaci\u00f3n no determina que todos los fallecidos sean a causa de la <b>covid- 19<\/b>, \u201cse puede presumir, y no me cabe duda, que la causa es por efectos de la pandemia\u201d, dijo el representante del Grupo de Tarea Conjunta conformado para apoyar la crisis en Guayas, Jorge Wated Reshuan.<\/p>\n<div id=\"p485258-m484-3-485\" class=\"articulo-quote\">\n<div class=\"quote-bk\">\n<p id=\"m489-488-490\" class=\"mensaje\">Se puede presumir, y no me cabe duda, que la causa es por efectos de la pandemia<\/p>\n<p class=\"mensaje\"><b><\/b>El funcionario detall\u00f3 que la estad\u00edstica promedio es de 2.000 decesos mensuales, un promedio de 1.000 por 15 d\u00edas, lo que refleja una diferencia superior a 5.700 fallecimientos que se han asentado en el Registro Civil solo en lo que va corrido de abril.<\/p>\n<p>En una rueda de prensa virtual previa, Wated<b> e<\/b>xplic\u00f3 que estaba disminuyendo el n\u00famero de muertos en los hospitales, lo que es una \u201cmedida muy alentadora\u201d, pero que, por el contrario, la cifra de muertos reportados en otros registros parece ser mucho m\u00e1s alta de lo normal. No se descarta, por supuesto, que muchos de los muertos est\u00e9n relacionados con coronavirus, pero que no est\u00e9n en la lista porque nunca se les hizo la prueba.<\/p>\n<\/div>\n<\/div>\n<p class=\"contenido\">Pero las cifras del funcionario no cuadran con la informaci\u00f3n oficial que las autoridades entregan cada d\u00eda al pueblo ecuatoriano. Este jueves, la ministra de Gobierno, Mar\u00eda Paula Romo, inform\u00f3 de un total de 1.035 fallecidos, 403 confirmados por efectos del virus y otros 632 probables por registrar s\u00edntomas similares a los de la covid-19.<b><\/b><\/p>\n<div id=\"p485258-m514-5-515\" class=\"fotografia\">\n<div class=\"imagen-cuerpo-bk\">\n<figure id=\"m519-518-520\" class=\"foto-galeria-articulo\"><img decoding=\"async\" src=\"https:\/\/www.eltiempo.com\/files\/article_content\/uploads\/2019\/01\/21\/5c45d8bbb43fe.jpeg\" alt=\"Ecuador\" width=\"600px\" height=\"450px\" data-original=\"\/files\/article_content\/uploads\/2019\/01\/21\/5c45d8bbb43fe.jpeg\" \/><\/figure>\n<\/div>\n<div class=\"figcaption-cuerpo-bk credito-image-bk\">\n<div class=\"titulo-foto-bk\">\n<p id=\"m526-1-527\" class=\"titulo\"><em>La ministra de Interior de Ecuador, Mar\u00eda Paula Romo.\u00a0<strong style=\"line-height: 1.5;\">Foto:\u00a0<\/strong><span style=\"line-height: 1.5;\">EFE<\/span><\/em><\/p>\n<p>&nbsp;<\/p>\n<\/div>\n<\/div>\n<\/div>\n<p id=\"p485258-m540-6-541\" class=\"contenido\">Con una cifra oficial de 8.225 infectados en Ecuador, Guayas tiene 5.754 contagios, el 70 por ciento de todo el pa\u00eds. La cifra de fallecidos en la provincia es de 187, seg\u00fan Romo.<\/p>\n<p>Guayas y su capital, Guayaquil, han sufrido la crisis sanitaria m\u00e1s grande de su historia.<\/p>\n<p>\u201cHa sido y sigue siendo una situaci\u00f3n tremendamente dolorosa para la cual no estuvimos preparados. Lo que hemos pasado no tiene definici\u00f3n en el diccionario\u201d, dice Wated.<\/p>\n<p>Los medios de comunicaci\u00f3n evidenciaron ante el mundo decenas de casos de fallecidos insepultos que fueron sacados a las calles porque no eran retirados de domicilios.<\/p>\n<p>Cuadros de cuerpos embalados y apilados en morgues y cuartos hospitalarios formaron parte de una escena escabrosa que poco a poco se va controlando.<\/p>\n<p>Con la ayuda de la Fuerza Conjunta, 700 familias ya han dado sepultura a sus muertos, y a\u00fan faltan por inhumar otros 700 <b>cad\u00e1veres,<\/b> seg\u00fan pudo conocer este diario.<\/p>\n<p>En n\u00famero de muertos en Latinoam\u00e9rica, Ecuador es el segundo detr\u00e1s de Brasil, pero, dada su peque\u00f1a poblaci\u00f3n, es el m\u00e1s afectado per c\u00e1pita.<\/p>\n","protected":false},"excerpt":{"rendered":"<p>El promedio de muertos ascendi\u00f3 en lo que va corrido de abril a 6.700 &nbsp; Del primero al 15 de este mes, en la provincia&hellip;<\/p>\n","protected":false},"author":99,"featured_media":0,"comment_status":"open","ping_status":"open","sticky":false,"template":"","format":"standard","meta":{"footnotes":""},"categories":[23],"tags":[],"class_list":["post-490065","post","type-post","status-publish","format-standard","hentry","category-latinoamerica"],"_links":{"self":[{"href":"https:\/\/diarioelpopular.com\/index.php\/wp-json\/wp\/v2\/posts\/490065","targetHints":{"allow":["GET"]}}],"collection":[{"href":"https:\/\/diarioelpopular.com\/index.php\/wp-json\/wp\/v2\/posts"}],"about":[{"href":"https:\/\/diarioelpopular.com\/index.php\/wp-json\/wp\/v2\/types\/post"}],"author":[{"embeddable":true,"href":"https:\/\/diarioelpopular.com\/index.php\/wp-json\/wp\/v2\/users\/99"}],"replies":[{"embeddable":true,"href":"https:\/\/diarioelpopular.com\/index.php\/wp-json\/wp\/v2\/comments?post=490065"}],"version-history":[{"count":1,"href":"https:\/\/diarioelpopular.com\/index.php\/wp-json\/wp\/v2\/posts\/490065\/revisions"}],"predecessor-version":[{"id":490067,"href":"https:\/\/diarioelpopular.com\/index.php\/wp-json\/wp\/v2\/posts\/490065\/revisions\/490067"}],"wp:attachment":[{"href":"https:\/\/diarioelpopular.com\/index.php\/wp-json\/wp\/v2\/media?parent=490065"}],"wp:term":[{"taxonomy":"category","embeddable":true,"href":"https:\/\/diarioelpopular.com\/index.php\/wp-json\/wp\/v2\/categories?post=490065"},{"taxonomy":"post_tag","embeddable":true,"href":"https:\/\/diarioelpopular.com\/index.php\/wp-json\/wp\/v2\/tags?post=490065"}],"curies":[{"name":"wp","href":"https:\/\/api.w.org\/{rel}","templated":true}]}}