{"id":490115,"date":"2020-04-18T12:59:07","date_gmt":"2020-04-18T16:59:07","guid":{"rendered":"https:\/\/diarioelpopular.com\/?p=490115"},"modified":"2020-04-18T12:59:07","modified_gmt":"2020-04-18T16:59:07","slug":"alarma-en-cuba-92-sanitarios-contagiados","status":"publish","type":"post","link":"https:\/\/diarioelpopular.com\/index.php\/2020\/04\/18\/alarma-en-cuba-92-sanitarios-contagiados\/","title":{"rendered":"Alarma en Cuba, 92 sanitarios contagiados"},"content":{"rendered":"<div id=\"attachment_490116\" style=\"width: 310px\" class=\"wp-caption alignnone\"><img loading=\"lazy\" decoding=\"async\" aria-describedby=\"caption-attachment-490116\" class=\"size-medium wp-image-490116\" src=\"https:\/\/diarioelpopular.com\/wp-content\/uploads\/2020\/04\/94d32e13e617fbdc9c05456798a08aa7-300x186.jpg\" alt=\"\" width=\"300\" height=\"186\" \/><p id=\"caption-attachment-490116\" class=\"wp-caption-text\">M\u00e9dicos y enfermeros cubanos: 92 contagios en sus filas<\/p><\/div>\n<h4><em>El presidente D\u00edaz-Canel llam\u00f3 a proteger a los &#8220;batas blancas&#8221;<\/em><\/h4>\n<p>&nbsp;<\/p>\n<p><em><strong>LA HABANA 18 ABR &#8211;<\/strong><\/em> El gobierno cubano llam\u00f3 hoy a los trabajadores de la salud del pa\u00eds a protegerse y a ser protegidos por las autoridades sanitarias, tras reportarse 92 casos de contagio de Covid-19 en el personal m\u00e9dico de la isla.<br \/>\n&#8220;Tenemos que proteger al personal de la salud, ante la amenaza de la enfermedad&#8221;, dijo el presidente cubano, Miguel D\u00edaz-Canel en una reuni\u00f3n gubernamental el viernes que analiza diariamente el desarrollo de la pandemia en la isla.<br \/>\nEl ministro de Salud P\u00fablica, Jos\u00e9 Angel Portal Miranda, expuso en el mismo encuentro que se han enfermado 92 trabajadores de la Salud, entre m\u00e9dicos, enfermeros y t\u00e9cnicos, adem\u00e1s de cinco estudiantes de Medicina. En el encuentro las autoridades sanitarias destacaron que el profesional de la salud tiene que pensar en la Covid-19 &#8220;de lo contrario no se protegen bien y se enferman&#8221;, explic\u00f3 el titular. El gobierno reiter\u00f3 adem\u00e1s que hay que brindar una atenci\u00f3n &#8220;diferenciada&#8221; a los ancianos, el grupo que se considera como mas vulnerable al coronavirus.<br \/>\nEn tanto, La Habana, con el mayor n\u00famero de casos de la Covid-19 en el pa\u00eds, esta siendo &#8220;desinfectada&#8221; contra &#8220;cualquier tipo de bacteria&#8221; como parte del combate a la pandemia.<br \/>\nLas autoridades de la ciudad utilizan una soluci\u00f3n clorada al 1.5% &#8220;con el objetivo de desinfectar contra cualquier tipo de bacteria las \u00e1reas de mayor concentraci\u00f3n y tr\u00e1nsito de personas en la estrategia de lucha contra el nuevo coronavirus&#8221;, anunci\u00f3 un noticiero de la radio nacional.<br \/>\nEntre los lugares sometidos al procedimiento est\u00e1n las paradas de los \u00f3mnibus, los entornos de los centros comerciales y las principales v\u00edas de la capital y \u00e1reas de centros de salud y hospitales.<br \/>\nParticipan en la operaci\u00f3n el ej\u00e9rcito cubano, la polic\u00eda y organismos de limpieza habitual como Servicios Comunales y Aguas de La Habana.<br \/>\nLa Habana tiene alrededor de dos millones de habitantes. Es la ciudad m\u00e1s populosa del pa\u00eds. Cuba report\u00f3 el viernes que son 923 las personas que han enfermado de la Covid-19 en la isla, con 31 fallecimientos, tras ocurrir cuatro muertes m\u00e1s. Fueron 61 los casos nuevos detectados. Est\u00e1n hospitalizados 2.274 pacientes en el pa\u00eds con control m\u00e9dico y otras 7.373 personas bajo vigilancia primaria.<\/p>\n","protected":false},"excerpt":{"rendered":"<p>El presidente D\u00edaz-Canel llam\u00f3 a proteger a los &#8220;batas blancas&#8221; &nbsp; LA HABANA 18 ABR &#8211; El gobierno cubano llam\u00f3 hoy a los trabajadores de&hellip;<\/p>\n","protected":false},"author":99,"featured_media":0,"comment_status":"open","ping_status":"open","sticky":false,"template":"","format":"standard","meta":{"footnotes":""},"categories":[23],"tags":[],"class_list":["post-490115","post","type-post","status-publish","format-standard","hentry","category-latinoamerica"],"_links":{"self":[{"href":"https:\/\/diarioelpopular.com\/index.php\/wp-json\/wp\/v2\/posts\/490115","targetHints":{"allow":["GET"]}}],"collection":[{"href":"https:\/\/diarioelpopular.com\/index.php\/wp-json\/wp\/v2\/posts"}],"about":[{"href":"https:\/\/diarioelpopular.com\/index.php\/wp-json\/wp\/v2\/types\/post"}],"author":[{"embeddable":true,"href":"https:\/\/diarioelpopular.com\/index.php\/wp-json\/wp\/v2\/users\/99"}],"replies":[{"embeddable":true,"href":"https:\/\/diarioelpopular.com\/index.php\/wp-json\/wp\/v2\/comments?post=490115"}],"version-history":[{"count":1,"href":"https:\/\/diarioelpopular.com\/index.php\/wp-json\/wp\/v2\/posts\/490115\/revisions"}],"predecessor-version":[{"id":490117,"href":"https:\/\/diarioelpopular.com\/index.php\/wp-json\/wp\/v2\/posts\/490115\/revisions\/490117"}],"wp:attachment":[{"href":"https:\/\/diarioelpopular.com\/index.php\/wp-json\/wp\/v2\/media?parent=490115"}],"wp:term":[{"taxonomy":"category","embeddable":true,"href":"https:\/\/diarioelpopular.com\/index.php\/wp-json\/wp\/v2\/categories?post=490115"},{"taxonomy":"post_tag","embeddable":true,"href":"https:\/\/diarioelpopular.com\/index.php\/wp-json\/wp\/v2\/tags?post=490115"}],"curies":[{"name":"wp","href":"https:\/\/api.w.org\/{rel}","templated":true}]}}