{"id":490118,"date":"2020-04-18T13:02:23","date_gmt":"2020-04-18T17:02:23","guid":{"rendered":"https:\/\/diarioelpopular.com\/?p=490118"},"modified":"2020-04-18T13:02:23","modified_gmt":"2020-04-18T17:02:23","slug":"los-cadaveres-se-apinan-en-guayaquil","status":"publish","type":"post","link":"https:\/\/diarioelpopular.com\/index.php\/2020\/04\/18\/los-cadaveres-se-apinan-en-guayaquil\/","title":{"rendered":"Los cad\u00e1veres se api\u00f1an en Guayaquil"},"content":{"rendered":"<div id=\"attachment_490119\" style=\"width: 310px\" class=\"wp-caption alignnone\"><img loading=\"lazy\" decoding=\"async\" aria-describedby=\"caption-attachment-490119\" class=\"size-medium wp-image-490119\" src=\"https:\/\/diarioelpopular.com\/wp-content\/uploads\/2020\/04\/2ebb5fd47cd8d4e3bed0234bc3f649a7-300x200.jpg\" alt=\"\" width=\"300\" height=\"200\" \/><p id=\"caption-attachment-490119\" class=\"wp-caption-text\">Imagen s\u00edmbolo de la dolorosa realidad de Guayaquil. Una mujer en medio de dos ata\u00fades de cart\u00f3n.<\/p><\/div>\n<p>&nbsp;<\/p>\n<h4><em>Pobladores siguen viviendo calvario para encontrar a sus muertos<\/em><\/h4>\n<p>&nbsp;<\/p>\n<p><em><strong>QUITO, 18 ABR &#8211;<\/strong> <\/em>En Guayaquil, la ciudad capital de la zona que es epicentro de la pandemia de coronavirus en Ecuador, a\u00fan quedaban este viernes unos 700 cad\u00e1veres por enterrar. Ante la emergencia y el riesgo sanitario, el gobierno de Ecuador organiz\u00f3 un proceso que pretende evacuar los cuerpos poco a poco.<br \/>\nEl delegado presidencial para adelantar esta tarea, Jorge Wated, dijo en cadena nacional que &#8220;aspiramos sepultarlos esta semana, o m\u00e1ximo la pr\u00f3xima, y lo estamos haciendo poco a poco&#8221;.<br \/>\nLa situaci\u00f3n es tal, que hasta presos ecuatorianos fabrican f\u00e9retros para v\u00edctimas de Covid-19 en los talleres que se encuentran en centros penitenciarios por todo Ecuador y que han sido alistados para ayudar.<br \/>\nDesde principios de abril, decenas de cad\u00e1veres de personas fallecidas por Covid-19 o causas naturales permanec\u00edan por varios d\u00edas en casas particulares y hospitales de la ciudad portuaria debido a problemas administrativos y de capacidad operativa.<br \/>\nEl primer caso de coronavirus en Ecuador se registr\u00f3 el 29 de febrero. Desde entonces se propag\u00f3 con fuerza, especialmente en la provincia de Guayas y su capital, Guayaquil.<br \/>\nEl olor nauseabundo invade las calles y las autoridades locales claramente se ven superadas por la emergencia.<br \/>\nLa provincia de Guayas ha registrado en la primera quincena de abril 6.703 fallecidos entre coronavirus, sospecha de coronavirus y causas naturales.<br \/>\nLas \u00faltimas cifras se\u00f1alan que en Ecuador hay algo m\u00e1s de 400 fallecidos por Covid-19, otros 632 por sospecha de ese virus y algo m\u00e1s de 8.400 contagiados.<br \/>\nEl 70% de los infectados se concentra en la provincia de Guayas. La prensa local sigue relatando historias tristes, macabras y apocal\u00edpticas de ciudadanos de Guayaquil que buscan por horas, d\u00eda y hasta semanas, a un familiar muerto y no por el virus.<br \/>\nEs el caso, por ejemplo, de Darwin Castillo perdi\u00f3 a su padre en medio de la pandemia. El joven fue a recuperar el cuerpo en una morgue atestada y cuando abri\u00f3 la bolsa se dio cuenta de que no era el de su familiar.<br \/>\nHan pasado poco m\u00e1s de dos semanas y todav\u00eda no sabe d\u00f3nde est\u00e1 el cad\u00e1ver. Castillo, un obrero de 31 a\u00f1os que trabaja en una f\u00e1brica de productos de pl\u00e1stico, termin\u00f3 por devolver el ata\u00fad a la funeraria, jam\u00e1s pudo depositar a su ser querido en \u00e9l.<br \/>\n&#8220;No le echo la culpa al hospital o a la morgue. Hab\u00eda gente muri\u00e9ndose en la entrada. Yo quisiera que mi pap\u00e1 apareciera y darle una cristiana sepultura, darle un ramo de rosas a mi viejo&#8221;, dice el hombre desolado.<br \/>\nManuel, el padre de Castillo, ten\u00eda 76 a\u00f1os, era un paciente que recib\u00eda di\u00e1lisis, y la obstrucci\u00f3n de un cat\u00e9ter le caus\u00f3 la muerte el 31 de marzo.<br \/>\nEl hijo fue a buscar el cuerpo dos d\u00edas despu\u00e9s en el tanatorio del hospital Los Ceibos, el mayor de Guayaquil y destinado a pacientes con coronavirus, y no pudo dar con \u00e9l.<br \/>\nTodav\u00eda lo busca.<\/p>\n","protected":false},"excerpt":{"rendered":"<p>&nbsp; Pobladores siguen viviendo calvario para encontrar a sus muertos &nbsp; QUITO, 18 ABR &#8211; En Guayaquil, la ciudad capital de la zona que es&hellip;<\/p>\n","protected":false},"author":99,"featured_media":0,"comment_status":"open","ping_status":"open","sticky":false,"template":"","format":"standard","meta":{"footnotes":""},"categories":[23],"tags":[],"class_list":["post-490118","post","type-post","status-publish","format-standard","hentry","category-latinoamerica"],"_links":{"self":[{"href":"https:\/\/diarioelpopular.com\/index.php\/wp-json\/wp\/v2\/posts\/490118","targetHints":{"allow":["GET"]}}],"collection":[{"href":"https:\/\/diarioelpopular.com\/index.php\/wp-json\/wp\/v2\/posts"}],"about":[{"href":"https:\/\/diarioelpopular.com\/index.php\/wp-json\/wp\/v2\/types\/post"}],"author":[{"embeddable":true,"href":"https:\/\/diarioelpopular.com\/index.php\/wp-json\/wp\/v2\/users\/99"}],"replies":[{"embeddable":true,"href":"https:\/\/diarioelpopular.com\/index.php\/wp-json\/wp\/v2\/comments?post=490118"}],"version-history":[{"count":1,"href":"https:\/\/diarioelpopular.com\/index.php\/wp-json\/wp\/v2\/posts\/490118\/revisions"}],"predecessor-version":[{"id":490120,"href":"https:\/\/diarioelpopular.com\/index.php\/wp-json\/wp\/v2\/posts\/490118\/revisions\/490120"}],"wp:attachment":[{"href":"https:\/\/diarioelpopular.com\/index.php\/wp-json\/wp\/v2\/media?parent=490118"}],"wp:term":[{"taxonomy":"category","embeddable":true,"href":"https:\/\/diarioelpopular.com\/index.php\/wp-json\/wp\/v2\/categories?post=490118"},{"taxonomy":"post_tag","embeddable":true,"href":"https:\/\/diarioelpopular.com\/index.php\/wp-json\/wp\/v2\/tags?post=490118"}],"curies":[{"name":"wp","href":"https:\/\/api.w.org\/{rel}","templated":true}]}}