{"id":490136,"date":"2020-04-18T13:15:29","date_gmt":"2020-04-18T17:15:29","guid":{"rendered":"https:\/\/diarioelpopular.com\/?p=490136"},"modified":"2020-04-18T13:15:37","modified_gmt":"2020-04-18T17:15:37","slug":"america-latina-trata-de-aparcar-las-ideologias-para-priorizar-los-planes-economicos","status":"publish","type":"post","link":"https:\/\/diarioelpopular.com\/index.php\/2020\/04\/18\/america-latina-trata-de-aparcar-las-ideologias-para-priorizar-los-planes-economicos\/","title":{"rendered":"Am\u00e9rica Latina trata de aparcar las ideolog\u00edas para priorizar los planes econ\u00f3micos"},"content":{"rendered":"<div id=\"attachment_490137\" style=\"width: 310px\" class=\"wp-caption alignnone\"><img loading=\"lazy\" decoding=\"async\" aria-describedby=\"caption-attachment-490137\" class=\"size-medium wp-image-490137\" src=\"https:\/\/diarioelpopular.com\/wp-content\/uploads\/2020\/04\/HZO7ECUV7ZCNDJ5SEGF4SWFHTM-300x186.jpg\" alt=\"\" width=\"300\" height=\"186\" \/><p id=\"caption-attachment-490137\" class=\"wp-caption-text\">Personal militar desinfecta la residencia oficial del presidente de Colombia, en Bogot\u00e1.RA\u00daL ARBOLEDA \/ AFP<\/p><\/div>\n<p>&nbsp;<\/p>\n<h4 class=\"a_st font_secondary color_gray_dark \"><em>La pandemia no ha alcanzado a todos los pa\u00edses en las mismas condiciones y es aqu\u00ed en donde el espacio de maniobra de los Gobiernos empieza a variar<\/em><\/h4>\n<p>&nbsp;<\/p>\n<p class=\"\">Para los Gobiernos en <a href=\"https:\/\/elpais.com\/sociedad\/2020-04-11\/america-latina-se-prepara-contra-reloj-para-el-pico-mas-alto-de-la-pandemia.html\" target=\"_blank\" rel=\"noopener\" data-link-track-dtm=\"\">Am\u00e9rica Latina<\/a> es mucho lo que est\u00e1 en juego y cada medida econ\u00f3mica que imponen para contener <a href=\"https:\/\/elpais.com\/america\/sociedad\/2020-04-17\/coronavirus-en-america-en-vivo-ultimas-noticias-de-la-covid-19.html\" target=\"_blank\" rel=\"noopener\" data-link-track-dtm=\"\">la crisis por el coronavirus <\/a>es una apuesta. Los resultados ser\u00e1n r\u00e1pidos y las implicaciones profundas. Una regi\u00f3n dividida en las \u00faltimas d\u00e9cadas por izquierdas y derechas y sacudida el a\u00f1o pasado, en gran parte, por las revueltas populares que clamaban contra la desigualdad se definir\u00e1, por ahora, por estilos de liderazgo m\u00e1s que por ideolog\u00edas.<\/p>\n<p class=\"\">La regi\u00f3n que comprende Am\u00e9rica Latina y el Caribe, en total m\u00e1s de 600 millones de personas, tuvo, en promedio, un decepcionante crecimiento econ\u00f3mico en 2019 y se espera que este a\u00f1o se encoja entre un 4% y un 5%, es decir, vivir\u00e1 su <a href=\"https:\/\/blogs.imf.org\/2020\/04\/16\/economic-policy-in-latin-america-and-the-caribbean-in-the-time-of-covid-19\/?utm_medium=email&amp;utm_source=govdelivery\" data-link-track-dtm=\"\">peor recesi\u00f3n en 50 a\u00f1os<\/a>. En general, y con algunas excepciones, los pa\u00edses latinoamericanos comparten los mismos obst\u00e1culos, entre ellos una alta informalidad y desigualdad, as\u00ed como una dependencia de la exportaci\u00f3n de materias primas o de petr\u00f3leo. En los \u00faltimos a\u00f1os, adem\u00e1s, los precios de mercado no han estado de su lado.<\/p>\n<p class=\"\">La pandemia no ha alcanzado a todos los pa\u00edses en las mismas condiciones y es aqu\u00ed en donde el espacio de maniobra de los Gobiernos empieza a variar.<a href=\"https:\/\/elpais.com\/economia\/2020-04-14\/la-economia-mexicana-retrocedera-un-66-en-2020-la-mayor-caida-de-los-grandes-paises-de-america-latina.html\" target=\"_blank\" rel=\"noopener\" data-link-track-dtm=\"\">M\u00e9xico, la econom\u00eda que m\u00e1s sufrir\u00e1 el golpe, seg\u00fan el FMI<\/a>, estaba en recesi\u00f3n y Brasil crec\u00eda poco cuando el virus se instal\u00f3. <a href=\"https:\/\/elpais.com\/economia\/2020-04-16\/argentina-propone-a-los-acreedores-privados-un-62-de-quita-de-intereses.html\" target=\"_blank\" rel=\"noopener\" data-link-track-dtm=\"\">Argentina<\/a> debe el equivalente al 90% de su producto interno bruto (PIB). <a href=\"https:\/\/elpais.com\/economia\/2020-04-11\/el-gobierno-de-ecuador-traslada-a-las-empresas-la-carga-de-la-crisis-desatada-por-el-coronavirus.html\" target=\"_blank\" rel=\"noopener\" data-link-track-dtm=\"\">Ecuador<\/a> estaba ya golpeado por una ca\u00edda grande en el precio del petr\u00f3leo, una de sus principales fuentes de ingresos. <a href=\"https:\/\/elpais.com\/economia\/2020-04-08\/colombia-pide-11000-millones-de-dolares-al-fmi-para-conjurar-una-crisis-financiera-en-medio-de-la-pandemia.html\" target=\"_blank\" rel=\"noopener\" data-link-track-dtm=\"\">Colombia<\/a> y <a href=\"https:\/\/elpais.com\/noticias\/peru\/\" target=\"_blank\" rel=\"noopener\" data-link-track-dtm=\"\">Per\u00fa<\/a>, en cambio, ven\u00edan creciendo a tasas muy por encima de pa\u00edses desarrollados y sus finanzas son tan sanas que pueden todav\u00eda endeudarse si as\u00ed lo quisieran. Chile tiene un nivel de deuda muy bajo y<a href=\"https:\/\/elpais.com\/noticias\/panama\/\" target=\"_blank\" rel=\"noopener\" data-link-track-dtm=\"\">Panam\u00e1<\/a> goza de ambas cosas: alto crecimiento y buen nivel de deuda.<\/p>\n<p class=\"\">Esto explica por qu\u00e9 Per\u00fa, Chile y <a href=\"https:\/\/elpais.com\/noticias\/brasil\/\" target=\"_blank\" rel=\"noopener\" data-link-track-dtm=\"\">Brasil<\/a> son los pa\u00edses que m\u00e1s gastar\u00e1n en medidas para contener el choque econ\u00f3mico: sus paquetes de est\u00edmulo econ\u00f3mico son, incluso, comparables a los de econom\u00edas desarrolladas. Brasil, a pesar de su bajo crecimiento el a\u00f1o pasado, ser\u00e1 el pa\u00eds que m\u00e1s gaste para contener el choque, con medidas anunciadas que suman entre el 6% y el 7% de su PIB, seg\u00fan las estimaciones.<\/p>\n<figure class=\"f | margin_top\"><img decoding=\"async\" class=\"block width_full\" src=\"https:\/\/imagenes.elpais.com\/resizer\/VaXKwkI88OmkDpXDNYD3gqUqffg=\/1500x0\/arc-anglerfish-eu-central-1-prod-prisa.s3.amazonaws.com\/public\/7TY5ROIZBFFYJGGRI3MTXCUZZQ.jpg\" alt=\"\" \/><\/figure>\n<p class=\"\">Todos los d\u00edas se anuncian medidas nuevas, por lo que el panorama a buen seguro se ver\u00e1 muy diferente en unos meses. Estas van desde la <a href=\"https:\/\/digitalpolicylaw.com\/estas-son-las-medidas-tic-que-han-implementado-los-gobiernos-latinoamericanos-frente-a-la-pandemia-del-coronavirus\/\" data-link-track-dtm=\"\">restricci\u00f3n de reproducciones en video<\/a> de alta definici\u00f3n para no saturar la conexi\u00f3n a Internet, hasta descuentos o suspensi\u00f3n de pagos de servicios b\u00e1sicos, o utilidades, como la electricidad, como hicieron Argentina, Colombia y El Salvador. Los programas de asistencia social en el sector informal, a trav\u00e9s de dep\u00f3sitos, monederos electr\u00f3nicos o hasta despensas, se ven en casi toda la regi\u00f3n.<\/p>\n<p class=\"\">Una de las medidas que m\u00e1s ampliamente han puesto en marcha los Gobiernos en Am\u00e9rica Latina es el diferimiento o la reducci\u00f3n de los impuestos, a excepci\u00f3n de M\u00e9xico, Venezuela, Ecuador, Nicaragua y Paraguay. Los cr\u00e9ditos o el respaldo a cr\u00e9ditos para peque\u00f1as y medianas empresas tambi\u00e9n se han anunciado en la mayor\u00eda de los pa\u00edses. En algunos casos, como Costa Rica, se redujo la tasa de inter\u00e9s para pr\u00e9stamos a este tipo de empresas para evitar que se vean forzadas a cerrar por falta de liquidez.<\/p>\n<p class=\"\">Ya que los inversores en todo el mundo vendieron sus activos en mercados emergentes para refugiarse en la seguridad del d\u00f3lar, los bancos centrales de Brasil, Chile, M\u00e9xico, Per\u00fa y Rep\u00fablica Dominicana intervinieron en el tipo de cambio para disminuir las fuertes fluctuaciones, haciendo uso de sus reservas internacionales. Adicionalmente, Brasil y M\u00e9xico aprovecharon una l\u00ednea tipo<i>swap<\/i> de la Reserva Federal de Estados Unidos para garantizar liquidez en d\u00f3lares por hasta seis meses.<\/p>\n<p class=\"\">La crisis ha expuesto que los Gobiernos no necesariamente est\u00e1n actuando de acuerdo con su autoproclamada ideolog\u00eda de izquierda o de derecha. Los ejemplos m\u00e1s notables, quiz\u00e1s, son M\u00e9xico y Nicaragua. Pese a que se proclaman de izquierda, tanto <a href=\"https:\/\/elpais.com\/internacional\/2020-04-06\/lopez-obrador-descarta-un-gran-plan-de-ayudas-para-contener-el-golpe-a-la-economia.html\" target=\"_blank\" rel=\"noopener\" data-link-track-dtm=\"\">el Ejecutivo de Andr\u00e9s Manuel L\u00f3pez Obrador<\/a>como el de <a href=\"https:\/\/elpais.com\/sociedad\/2020-04-16\/daniel-ortega-reaparece-tras-34-dias-y-vuelve-a-minimizar-el-impacto-de-la-pandemia-en-nicaragua.html\" target=\"_blank\" rel=\"noopener\" data-link-track-dtm=\"\">Daniel Ortega<\/a> se han resistido a incrementar su gasto p\u00fablico para subsanar el da\u00f1o por la crisis global detonada por la pandemia del coronavirus. En Colombia, por otra parte, Iv\u00e1n Duque, que preside un Gobierno de centroderecha, no ha dudado en incrementar el gasto del gobierno en asistencia social y har\u00e1 <a href=\"https:\/\/elpais.com\/internacional\/2020-03-26\/colombia-se-moviliza-para-que-los-mas-vulnerables-puedan-cumplir-la-cuarentena.html\" data-link-track-dtm=\"\">dep\u00f3sitos directos<\/a> de m\u00e1s de 100 d\u00f3lares a las familias m\u00e1s vulnerables.<\/p>\n<p class=\"\">\u201c\u00a1Se volvieron todos keynesianos!\u201d, asegura desde Santiago de Chile Daniel Zovatto, director regional para Am\u00e9rica Latina y el Caribe de IDEA Internacional, organismo intergubernamental que estudia y promueve la democracia, refiri\u00e9ndose al economista John Maynard Keynes, principal te\u00f3rico a favor del incremento del gasto gubernamental y de la deuda p\u00fablica. &#8220;La ideolog\u00eda ha quedado de lado, por lo menos de momento. Ac\u00e1 lo que est\u00e1 prevaleciendo son los estilos de liderazgo\u201d, a\u00f1ade en conversaci\u00f3n telef\u00f3nica.<\/p>\n<p class=\"\">Las medidas adoptadas por cada Gobierno tendr\u00e1n, forzosamente, un impacto directo en las elecciones -presidenciales o regionales- programadas para este a\u00f1o \u2014 en Brasil, <a href=\"https:\/\/elpais.com\/internacional\/2020-03-21\/bolivia-aplaza-las-elecciones-presidenciales-de-mayo-por-la-epidemia.html\" data-link-track-dtm=\"\">Bolivia<\/a> y Rep\u00fablica Dominicana \u2014 y el pr\u00f3ximo a\u00f1o, en Argentina, Ecuador, Per\u00fa, Nicaragua, Chile y Honduras. En juego est\u00e1, no solo la vida de los habitantes, sino su sustento. La comisi\u00f3n de la ONU para el desarrollo en Am\u00e9rica Latina <a href=\"https:\/\/www.cepal.org\/es\/comunicados\/covid-19-tendra-graves-efectos-la-economia-mundial-impactara-paises-america-latina\" data-link-track-dtm=\"\">estima que el n\u00famero de pobres<\/a> en la regi\u00f3n pudiera subir de 185 a 220 millones como consecuencia de esta crisis.<\/p>\n<p class=\"\">En esta coyuntura, los desaf\u00edos para los mandatarios ser\u00e1n may\u00fasculos en una \u00e9poca en la que, por lo general, y a excepci\u00f3n del mexicano L\u00f3pez Obrador, todos los l\u00edderes cuentan con una popularidad por los suelos, que tiende a remontar ante un buen manejo de la crisis. El caso m\u00e1s evidente es el de Sebasti\u00e1n Pi\u00f1era, presidente de Chile. Hace seis meses el mandatario enfrentaba el descontento social m\u00e1s duro en la regi\u00f3n, con violenta represi\u00f3n a protestas directas a su gobierno. Cuando peg\u00f3 la pandemia, el pa\u00eds se preparaba para celebrar un refer\u00e9ndum para una nueva Constituci\u00f3n, que ha quedado aplazado. La tasa de aprobaci\u00f3n de Pi\u00f1era toc\u00f3 un <a href=\"https:\/\/www.theclinic.cl\/2019\/11\/25\/cadem-pinera-rompe-record-y-alcanza-su-peor-registro-de-su-segundo-gobierno\/\" data-link-track-dtm=\"\">m\u00ednimo hist\u00f3rico del 12%<\/a> en noviembre y hoy, y por su manejo de la crisis del coronavirus, <a href=\"https:\/\/www.cnnchile.com\/pais\/cadem-aprobacion-pinera-21-coronavirus_20200330\/\" data-link-track-dtm=\"\">es nueve puntos m\u00e1s alta<\/a>. En el extremo opuesto se encuentra Brasil. Los ciudadanos juzgar\u00e1n, por ejemplo, la actuaci\u00f3n de Jair Bolsonaro, quien prefiri\u00f3 <a href=\"https:\/\/apnews.com\/6f45668a1c664dd094e0f9ec6cec3bdb\" data-link-track-dtm=\"\">despedir a su Ministro de Salud<\/a> que aceptar las medidas de asilamiento social que este recetaba por miedo a la par\u00e1lisis econ\u00f3mica.<\/p>\n<figure class=\"f | margin_top\"><img decoding=\"async\" class=\"block width_full\" src=\"https:\/\/imagenes.elpais.com\/resizer\/C1Ve4bEMj62WHqiwpPcKr6U7Zs4=\/1500x0\/arc-anglerfish-eu-central-1-prod-prisa.s3.amazonaws.com\/public\/OHN7TREZUZAUJCB42BL33YFZR4.jpg\" alt=\"\" \/><\/figure>\n<p class=\"\">Ecuador y Colombia fueron los otros dos pa\u00edses que sintieron con fuerza las revueltas populares. En Ecuador, el presidente <a href=\"https:\/\/elpais.com\/internacional\/2019\/02\/21\/america\/1550724624_135866.html\" data-link-track-dtm=\"\">Len\u00edn Moreno anunci\u00f3<\/a> que, tras alcanzar un acuerdo con el Fondo Monetario International (FMI) y el Banco Mundial (BM), eliminar\u00eda los subsidios a los combustibles y recortar\u00eda la n\u00f3mina de servidores p\u00fablicos. Esto llev\u00f3 a miles de personas a protestar a las calles. En Colombia, y a pesar de las acciones tomadas por el Gobierno de Iv\u00e1n Duque en torno a la pandemia, los reclamos permanecen, desde un avance en la implementaci\u00f3n de los acuerdos de paz y la exigencia de mayores recursos para la educaci\u00f3n p\u00fablica hasta la necesidad de reducir la desigualdad y el cuidado al medio ambiente.<\/p>\n<p class=\"\">&#8220;La ideolog\u00eda va a reaparecer en su debido momento, y lo vamos a ver en las pr\u00f3ximas elecciones, pero lo que se va a jugar va a ser, con mucho pragmatismo, \u00bfqu\u00e9 tan buen capit\u00e1n de tormenta tenemos como para renovarle la confianza o no?&#8221;, plantea Zovatto.<\/p>\n<p class=\"\">Caso aparte es Venezuela. El colapso de la econom\u00eda, de la seguridad ciudadana y del sistema de salud, entre otros, ha sacudido al pa\u00eds en los \u00faltimos a\u00f1os. Sus indicadores econ\u00f3micos, como la inflaci\u00f3n, el tipo de cambio, PIB, han sido descalificados como opacos. El banco central, incluso, hab\u00eda dejado de publicar estad\u00edsticas desde 2015 hasta que el a\u00f1o pasado admiti\u00f3 que la econom\u00eda <a href=\"https:\/\/elpais.com\/economia\/2019\/05\/29\/actualidad\/1559099315_404810.html\" data-link-track-dtm=\"\">se desplom\u00f3 un 52%<\/a>.<\/p>\n<p class=\"\">El mes pasado, una semana despu\u00e9s de que <a href=\"https:\/\/www.bbc.com\/mundo\/noticias-america-latina-51939078\" data-link-track-dtm=\"\">el FMI neg\u00f3 a Maduro un pr\u00e9stamo<\/a> de 5.000 millones de d\u00f3lares que el Gobierno ped\u00eda para hacer frente a esta crisis econ\u00f3mica (argumentando que \u201cel Fondo no est\u00e1 en condiciones de considerar\u201d la solicitud), el Gobierno de Venezuela anunci\u00f3 <a href=\"https:\/\/mx.reuters.com\/article\/salud-coronavirus-maduro-medidas-idLTAKBN21A00M-OUSLT\" data-link-track-dtm=\"\">un paquete de prohibiciones<\/a> para hacer frente a la crisis econ\u00f3mica desatada por el coronavirus. Prohibi\u00f3 a las compa\u00f1\u00edas de telefon\u00eda suspender servicios por falta de paga, extendi\u00f3 una pr\u00f3rroga que proh\u00edbe a empresas despedir empleados y suspendi\u00f3 cobros de cr\u00e9ditos.<\/p>\n<p class=\"\">\u201cVenimos de un a\u00f1o pasado en que hubo mucho descontento social en Am\u00e9rica Latina y como se manejan estas medidas en la pr\u00f3xima fase es una parte que, mejor por las dudas, pensarlo desde ahora,\u201d asegura desde Washington <a href=\"https:\/\/www.bancomundial.org\/es\/about\/people\/m\/martin-rama\" data-link-track-dtm=\"\">Mart\u00edn Rama<\/a>, economista en jefe para Am\u00e9rica Latina y el Caribe del Banco Mundial, refiri\u00e9ndose a los l\u00edderes en la regi\u00f3n.<\/p>\n<p class=\"\">Es muy probable que la ola de apoyos gubernamentales que vemos ahora sea solo la primera, a\u00f1ade el analista. A lo largo de los meses, prosigue, habr\u00e1 sectores y empresas que no se recuperar\u00e1n con el resto de la econom\u00eda, como pueden ser el del petr\u00f3leo, la aviaci\u00f3n o el turismo, por ejemplo, que tardar\u00e1n m\u00e1s en que su demanda se recupere por completo. \u201cEso va a poner una nueva ola de presi\u00f3n sobre el gobierno de demandas de apoyo para empleo, para empresas, para sectores estrat\u00e9gicos. Si esta segunda fase de la crisis se materializa, habr\u00e1 muchos pa\u00edses que pueden no tener los recursos para enfrentar todo lo que va a venir.\u201d<\/p>\n<p class=\"\">Para Rama, \u201ceso va a plantear un problema que es diferente, que es m\u00e1s institucional, que es: \u00bfD\u00f3nde est\u00e1 la prioridad? \u00bfEs la prioridad mantener la estabilidad del sector financiero? \u00bfEs la prioridad mantener a flote empresas que son importantes para el pa\u00eds porque tienen gran competencia o buenos empleos? \u00bfEs importante concentrarse en la parte social? \u201c.<\/p>\n<p class=\"\">\u201cVa a haber que tomar decisiones dif\u00edciles\u201d, concluye Rama, \u201cy tomar esas decisiones de una manera que sea percibida como transparente, como justificada econ\u00f3micamente.\u201d<\/p>\n","protected":false},"excerpt":{"rendered":"<p>&nbsp; La pandemia no ha alcanzado a todos los pa\u00edses en las mismas condiciones y es aqu\u00ed en donde el espacio de maniobra de los&hellip;<\/p>\n","protected":false},"author":99,"featured_media":0,"comment_status":"open","ping_status":"open","sticky":false,"template":"","format":"standard","meta":{"footnotes":""},"categories":[23],"tags":[],"class_list":["post-490136","post","type-post","status-publish","format-standard","hentry","category-latinoamerica"],"_links":{"self":[{"href":"https:\/\/diarioelpopular.com\/index.php\/wp-json\/wp\/v2\/posts\/490136","targetHints":{"allow":["GET"]}}],"collection":[{"href":"https:\/\/diarioelpopular.com\/index.php\/wp-json\/wp\/v2\/posts"}],"about":[{"href":"https:\/\/diarioelpopular.com\/index.php\/wp-json\/wp\/v2\/types\/post"}],"author":[{"embeddable":true,"href":"https:\/\/diarioelpopular.com\/index.php\/wp-json\/wp\/v2\/users\/99"}],"replies":[{"embeddable":true,"href":"https:\/\/diarioelpopular.com\/index.php\/wp-json\/wp\/v2\/comments?post=490136"}],"version-history":[{"count":2,"href":"https:\/\/diarioelpopular.com\/index.php\/wp-json\/wp\/v2\/posts\/490136\/revisions"}],"predecessor-version":[{"id":490139,"href":"https:\/\/diarioelpopular.com\/index.php\/wp-json\/wp\/v2\/posts\/490136\/revisions\/490139"}],"wp:attachment":[{"href":"https:\/\/diarioelpopular.com\/index.php\/wp-json\/wp\/v2\/media?parent=490136"}],"wp:term":[{"taxonomy":"category","embeddable":true,"href":"https:\/\/diarioelpopular.com\/index.php\/wp-json\/wp\/v2\/categories?post=490136"},{"taxonomy":"post_tag","embeddable":true,"href":"https:\/\/diarioelpopular.com\/index.php\/wp-json\/wp\/v2\/tags?post=490136"}],"curies":[{"name":"wp","href":"https:\/\/api.w.org\/{rel}","templated":true}]}}