{"id":490154,"date":"2020-04-18T20:28:39","date_gmt":"2020-04-19T00:28:39","guid":{"rendered":"https:\/\/diarioelpopular.com\/?p=490154"},"modified":"2020-04-18T20:28:39","modified_gmt":"2020-04-19T00:28:39","slug":"brotes-rurales-en-medio-de-la-pandemia","status":"publish","type":"post","link":"https:\/\/diarioelpopular.com\/index.php\/2020\/04\/18\/brotes-rurales-en-medio-de-la-pandemia\/","title":{"rendered":"Brotes rurales en medio de la pandemia"},"content":{"rendered":"<div id=\"attachment_490155\" style=\"width: 310px\" class=\"wp-caption alignnone\"><img loading=\"lazy\" decoding=\"async\" aria-describedby=\"caption-attachment-490155\" class=\"size-medium wp-image-490155\" src=\"https:\/\/diarioelpopular.com\/wp-content\/uploads\/2020\/04\/70907e537a4d302969adc7a0781a4a5c-300x200.jpg\" alt=\"\" width=\"300\" height=\"200\" \/><p id=\"caption-attachment-490155\" class=\"wp-caption-text\">Epidemis focalizadas dentro de la pandemia, un alerta en M\u00e9xico.<\/p><\/div>\n<h4><em>Plantean que el gobierno adopte estrategias diferenciadas<\/em><\/h4>\n<p>&nbsp;<\/p>\n<p><em><strong>CIUDAD DE M\u00c9XICO, 18 ABR &#8211;<\/strong> <\/em>Expertos mexicanos alertaron a las autoridades sanitarias sobre la inminente aparici\u00f3n de &#8220;epidemias locales&#8221; en poblados rurales y ciudades peque\u00f1as y medianas con caracter\u00edsticas propias, en el contexto de la pandemia de coronavirus.<br \/>\nPara enfrentar estos brotes &#8220;diferenciados&#8221; y con &#8220;caracter\u00edsticas propias&#8221;, la soluci\u00f3n es aplicar &#8220;una estrategia diferente&#8221; a la puesta en marcha a nivel nacional, afirmaron los especialistas de la Comisi\u00f3n de la Universidad Nacional Aut\u00f3noma de M\u00e9xico (UNAM) para la Atenci\u00f3n de la Emergencia.<br \/>\n&#8220;Hay que ir implementando las acciones que se requieran para resolver situaciones espec\u00edficas&#8221;, indic\u00f3 Samuel Ponce, coordinador de esta comisi\u00f3n especial y coordinador del Programa Universitario de Investigaci\u00f3n en Salud.<br \/>\n&#8220;La epidemia es, desde luego una, pero en el pa\u00eds hay muchas epidemias. Cada Estado tendr\u00e1 su epidemiolog\u00eda particular, con inicios diferentes del crecimiento intenso, y esto lo vamos a ir viendo en el curso de las pr\u00f3ximas semanas y meses&#8221;, afirm\u00f3.<br \/>\nOtro especialista, Mauricio Rodr\u00edguez, acad\u00e9mico de la Facultad de Medicina, indic\u00f3 que las &#8220;intervenciones diferenciadas&#8221; deben aplicarse &#8220;dependiendo de las condiciones de cada lugar&#8221;.<br \/>\n&#8220;Se necesitar\u00e1n intervenciones espec\u00edficas dependiendo de lo que va ocurriendo en cada Estado, en cada ciudad, y tambi\u00e9n eso es un exhorto a estar siguiendo a las autoridades locales para tener idea de lo que va pasando, ya espec\u00edficamente en cada lugar&#8221;, indic\u00f3.<br \/>\nEl viceministro de Salud, Hugo G\u00f3mez-Gatell, tambi\u00e9n se\u00f1al\u00f3 que la pandemia tendr\u00ed &#8220;fluctuaciones&#8221; a lo largo del a\u00f1o, como lo revela la experiencia de la crisis sanitaria por la influencia H1N1 de 2009.<br \/>\nEn ese caso el brote inici\u00f3 en abril de ese a\u00f1o, termin\u00f3 en mayo pero luego hubo un peque\u00f1o brote en junio en los estados del sur y finalmente entre octubre y diciembre de 2010 se registr\u00f3 otro brote mayor que el inicial.<br \/>\nLos especialistas dieron un &#8220;visto bueno&#8221; a las medidas de mitigaci\u00f3n del ministerio de Salud para afrontar la emergencia por el Covid-19, calific\u00e1ndolas de &#8220;\u00f3ptimas y adecuadas&#8221;.<br \/>\n&#8220;El crecimiento de los casos no ha tenido un desarrollo vertiginoso, como en otros pa\u00edses, y por otro, se ha administrado -hasta el momento- la capacidad en los hospitales para la atenci\u00f3n de pacientes graves&#8221;, expuso.<br \/>\nActualmente, en el d\u00eda 48 desde que apareci\u00f3 el primer enfermo, el 28 de febrero, se contabilizan 6.875 contagios y 546 muertes.<br \/>\n&#8220;Se han recibido una multitud de cr\u00edticas y comentarios desfavorables en relaci\u00f3n a la estrategia (&#8230;) y debo decir que en un primer recuento de situaciones encontramos que la oportunidad en las intervenciones parece ser \u00f3ptima&#8221;, dijo.<br \/>\nLos principales cuestionamientos se deben a la escasa aplicaci\u00f3n de pruebas, limitada a las personas con s\u00edntomas, pero las autoridades se defienden afirmando que hay pa\u00edses como Suecia donde tambi\u00e9n se aplican pocas pruebas sin que haya contagios generalizados.<br \/>\nLa Organizaci\u00f3n Mundial de la Salud (OMS) ha recomendado &#8220;ex\u00e1menes masivos&#8221; y naciones como Corea del Sur deben su \u00e9xito en el combate a la pandemia justo a que pusieron en marcha un programa de &#8220;testeo&#8221; a gran escala.<br \/>\nLos cient\u00edficos de la UNAM exponen que las medidas adoptadas contra la contingencia &#8220;se iniciaron en el momento adecuado&#8221; y hasta ahora &#8220;podemos establecer ya con alguna claridad que la curva de crecimiento de los casos no tiene el desarrollo vertiginoso que ha tenido en otros pa\u00edses&#8221;.<br \/>\nEspecialmente, se suele comparar a M\u00e9xico con naciones latinoamericanas con una curva muy elevada de contagios como Ecuador y Brasil, donde la situaci\u00f3n parece estar sali\u00e9ndose de control o como Chile y Per\u00fa, en donde las cosas a\u00fan no se desbordan.<br \/>\nActualmente, los hospitales de referencia de la capital mexicana designados para atender a pacientes con Covid-19 est\u00e1n cerca de la saturaci\u00f3n, como el Instituto Nacional de Nutrici\u00f3n y el Instituto Nacional de Enfermedades Respiratorias.<\/p>\n","protected":false},"excerpt":{"rendered":"<p>Plantean que el gobierno adopte estrategias diferenciadas &nbsp; CIUDAD DE M\u00c9XICO, 18 ABR &#8211; Expertos mexicanos alertaron a las autoridades sanitarias sobre la inminente aparici\u00f3n&hellip;<\/p>\n","protected":false},"author":99,"featured_media":0,"comment_status":"open","ping_status":"open","sticky":false,"template":"","format":"standard","meta":{"footnotes":""},"categories":[23],"tags":[],"class_list":["post-490154","post","type-post","status-publish","format-standard","hentry","category-latinoamerica"],"_links":{"self":[{"href":"https:\/\/diarioelpopular.com\/index.php\/wp-json\/wp\/v2\/posts\/490154","targetHints":{"allow":["GET"]}}],"collection":[{"href":"https:\/\/diarioelpopular.com\/index.php\/wp-json\/wp\/v2\/posts"}],"about":[{"href":"https:\/\/diarioelpopular.com\/index.php\/wp-json\/wp\/v2\/types\/post"}],"author":[{"embeddable":true,"href":"https:\/\/diarioelpopular.com\/index.php\/wp-json\/wp\/v2\/users\/99"}],"replies":[{"embeddable":true,"href":"https:\/\/diarioelpopular.com\/index.php\/wp-json\/wp\/v2\/comments?post=490154"}],"version-history":[{"count":1,"href":"https:\/\/diarioelpopular.com\/index.php\/wp-json\/wp\/v2\/posts\/490154\/revisions"}],"predecessor-version":[{"id":490156,"href":"https:\/\/diarioelpopular.com\/index.php\/wp-json\/wp\/v2\/posts\/490154\/revisions\/490156"}],"wp:attachment":[{"href":"https:\/\/diarioelpopular.com\/index.php\/wp-json\/wp\/v2\/media?parent=490154"}],"wp:term":[{"taxonomy":"category","embeddable":true,"href":"https:\/\/diarioelpopular.com\/index.php\/wp-json\/wp\/v2\/categories?post=490154"},{"taxonomy":"post_tag","embeddable":true,"href":"https:\/\/diarioelpopular.com\/index.php\/wp-json\/wp\/v2\/tags?post=490154"}],"curies":[{"name":"wp","href":"https:\/\/api.w.org\/{rel}","templated":true}]}}