{"id":490204,"date":"2020-04-19T14:54:15","date_gmt":"2020-04-19T18:54:15","guid":{"rendered":"https:\/\/diarioelpopular.com\/?p=490204"},"modified":"2020-04-19T14:54:15","modified_gmt":"2020-04-19T18:54:15","slug":"las-dudas-que-deja-el-numero-de-muertos-en-ecuador","status":"publish","type":"post","link":"https:\/\/diarioelpopular.com\/index.php\/2020\/04\/19\/las-dudas-que-deja-el-numero-de-muertos-en-ecuador\/","title":{"rendered":"Las dudas que deja el n\u00famero de muertos en Ecuador"},"content":{"rendered":"<div id=\"attachment_490205\" style=\"width: 310px\" class=\"wp-caption alignnone\"><img loading=\"lazy\" decoding=\"async\" aria-describedby=\"caption-attachment-490205\" class=\"size-medium wp-image-490205\" src=\"https:\/\/diarioelpopular.com\/wp-content\/uploads\/2020\/04\/ecuador_virus3_3-300x199.jpg\" alt=\"\" width=\"300\" height=\"199\" \/><p id=\"caption-attachment-490205\" class=\"wp-caption-text\">Ecuador, principalmente la provincia de Guayas, es uno de los pa\u00edses m\u00e1s afectados por COVID-19.EFE<\/p><\/div>\n<p>&nbsp;<\/p>\n<h4><em>El desproporcionado \u00edndice de fallecimientos en la provincia de Guayas en la primera quincena de abril abre interrogantes sobre el verdadero alcance de la pandemia en Ecuador, cuando la Organizaci\u00f3n Mundial de la Salud pide a todos los pa\u00edses esclarecer sus cifras.<\/em><\/h4>\n<p>&nbsp;<\/p>\n<p>De acuerdo a las autoridades, hay un desfase de unos 5.700 muertos en la provincia del Guayas, la m\u00e1s castigada por el coronavirus -con m\u00e1s de 6.000 de los contagiados a nivel nacional, que superaron la barrera de los 9.000-, y donde habitualmente mueren unas 2.000 personas al mes por diversas causas.<\/p>\n<p>Tras cruzar cifras con diferentes instituciones del Estado, &#8220;tenemos aproximadamente 6.703 fallecidos reportados en estos 15 d\u00edas de abril en la provincia del Guayas&#8221;, dijo el jueves el jefe de la Fuerza de Tarea Conjunta (FTC), Jorge Wated, quien adem\u00e1s ndic\u00f3 que est\u00e1 &#8220;disminuyendo&#8221; el n\u00famero de muertos en los hospitales, lo que es una &#8220;medida muy alentadora&#8221;, pero que la cifra de fallecidos reportados en otros registros parece ser mucho m\u00e1s alta de lo normal.<\/p>\n<div class=\"teads-inread teads-display sm-screen\">\n<div><\/div>\n<\/div>\n<p>Teniendo en cuenta que el &#8220;promedio usual mensual (en Guayas) es de aproximadamente 2.000 personas&#8221;, el desfase a estas alturas ser\u00eda de unos 5.700 muertos por encima de lo habitual, lo que Wated atribuy\u00f3 a &#8220;diferentes causas: COVID-19, presunto COVID\u00a0y muertes naturales&#8221;.<\/p>\n<p>Unos c\u00e1lculos que no son &#8220;tan ciertos&#8221; para Byron Villac\u00eds, exdirector del Instituto Nacional de Estad\u00edsticas y Censos (INEC), ya que en una pandemia &#8220;hay muertes que no ocurren pues hay cuarentena&#8221; y se reducen los accidentes de tr\u00e1nsito (de alta ocurrencia en Ecuador), hay menos ri\u00f1as y homicidios.<\/p>\n<p>Seg\u00fan la ministra de Gobierno, Mar\u00eda Paula Romo, no se podr\u00e1 conocer la causa real de todas las muertes pues &#8220;no se est\u00e1n aplicando pruebas a todas las personas que murieron&#8221;, pero s\u00ed &#8220;un protocolo de recolecci\u00f3n de datos para poder tener causas posibles&#8221;.<\/p>\n<p>Recogen as\u00ed algunos datos de la familia, de quien ha estado cerca para poder saber cu\u00e1ntos de los decesos son atribuibles a COVID-19.<\/p>\n<h2><strong>Certificado de defunci\u00f3n<\/strong><\/h2>\n<p>La cantidad de fallecidos en Guayas, la negativa de algunas funerarias a trabajar por temor al contagio y problemas en los cementerios, provocaron a finales de marzo un colapso del sistema funerario, que deriv\u00f3 en que muchos tuvieron que convivir d\u00edas con los cad\u00e1veres de sus familiares en casa.<\/p>\n<p>Ello oblig\u00f3 al Gobierno a crear la FTC para avanzar en el levantamiento de cad\u00e1veres, y a cambiar el sistema de suscripci\u00f3n de actas de defunciones para agilizar su entrega.<\/p>\n<p>Una decisi\u00f3n cuestionada por Villac\u00eds, quien record\u00f3 a Efe que internacionalmente se sigue un proceso estandarizado para conocer la causa de una muerte, con una persona especializada que firma el certificado de defunci\u00f3n.<\/p>\n<p>Al &#8220;relajar&#8221; el procedimiento en medio de la emergencia por el COVID-19, -dijo- lo que antes ten\u00eda que certificar un m\u00e9dico, &#8220;ahora lo puede hacer cualquier funcionario p\u00fablico, un polic\u00eda&#8221;, y por ello ser\u00e1 &#8220;much\u00edsimo m\u00e1s dif\u00edcil o va a tomar a\u00f1os,&#8221; determinar la causa de la muerte.<\/p>\n<p>Mientras el Gobierno avanza en sus intentos por mejorar el tema sanitario, Villac\u00eds cree que Ecuador vive &#8220;una crisis de salud p\u00fablica generalizada&#8221; y urge al esclarecimiento de los datos pues las cifras oficiales de contagios le parecen muy conservadoras.<\/p>\n<h2><strong>Cifras y decisiones<\/strong><\/h2>\n<p>El pasado 2 de abril, cuando oficialmente hab\u00eda 3.163 contagios y 120 muertes por COVID-19, el presidente, Len\u00edn Moreno, pidi\u00f3 que se transparente la informaci\u00f3n &#8220;por dolorosa que esta sea&#8221;. Y apunt\u00f3: &#8220;Seg\u00fan los investigadores cient\u00edficos, con toda seguridad, hoy tenemos decenas de miles de contagios y ya cientos de vidas cegadas por este virus&#8221;.<\/p>\n<p>Aunque se desconoce si los miles de decesos en Guayas la primera quincena de abril fueron por COVID-19, para Villac\u00eds el haber revelado esta semana la &#8220;grave&#8221; cifra de fallecidos en esa provincia es &#8220;un paso&#8221;, pero &#8220;peque\u00f1ito&#8221;.<\/p>\n<p>Y advierte de un &#8220;gran problema&#8221; en torno a la falta de transparencia sobre protocolos de c\u00f3mo se contabilizan los muertos y el n\u00famero de pruebas realizadas, as\u00ed como por la calidad de los actuales certificados de defunci\u00f3n, elementos claves para la toma de decisiones, m\u00e1s a\u00fan, durante una emergencia sanitaria.<\/p>\n<p>Por ello, le parece complejo que en la misma semana en que se revelara la alta cifra de fallecidos, el Gobierno haya comenzado a hablar de la posibilidad de aligerar poco a poco las restricciones para ciertos sectores, con planes piloto para reactivar la econom\u00eda.<\/p>\n<p>&#8220;\u00bfC\u00f3mo vamos a controlar ahorita si ni siquiera el n\u00famero de muertos podemos contar bien?&#8221;, se pregunt\u00f3 Villac\u00eds.<\/p>\n<p>Tomar decisiones sin informaci\u00f3n fidedigna -dijo- es como si se apagara el panel de control de un auto en movimiento y, sin datos de su funcionamiento, se decidiera acelerar e ir por caminos m\u00e1s peligrosos. &#8220;Eso es lo que est\u00e1n haciendo ahorita&#8221;, advirti\u00f3.<\/p>\n","protected":false},"excerpt":{"rendered":"<p>&nbsp; El desproporcionado \u00edndice de fallecimientos en la provincia de Guayas en la primera quincena de abril abre interrogantes sobre el verdadero alcance de la&hellip;<\/p>\n","protected":false},"author":99,"featured_media":0,"comment_status":"open","ping_status":"open","sticky":false,"template":"","format":"standard","meta":{"footnotes":""},"categories":[23],"tags":[],"class_list":["post-490204","post","type-post","status-publish","format-standard","hentry","category-latinoamerica"],"_links":{"self":[{"href":"https:\/\/diarioelpopular.com\/index.php\/wp-json\/wp\/v2\/posts\/490204","targetHints":{"allow":["GET"]}}],"collection":[{"href":"https:\/\/diarioelpopular.com\/index.php\/wp-json\/wp\/v2\/posts"}],"about":[{"href":"https:\/\/diarioelpopular.com\/index.php\/wp-json\/wp\/v2\/types\/post"}],"author":[{"embeddable":true,"href":"https:\/\/diarioelpopular.com\/index.php\/wp-json\/wp\/v2\/users\/99"}],"replies":[{"embeddable":true,"href":"https:\/\/diarioelpopular.com\/index.php\/wp-json\/wp\/v2\/comments?post=490204"}],"version-history":[{"count":1,"href":"https:\/\/diarioelpopular.com\/index.php\/wp-json\/wp\/v2\/posts\/490204\/revisions"}],"predecessor-version":[{"id":490206,"href":"https:\/\/diarioelpopular.com\/index.php\/wp-json\/wp\/v2\/posts\/490204\/revisions\/490206"}],"wp:attachment":[{"href":"https:\/\/diarioelpopular.com\/index.php\/wp-json\/wp\/v2\/media?parent=490204"}],"wp:term":[{"taxonomy":"category","embeddable":true,"href":"https:\/\/diarioelpopular.com\/index.php\/wp-json\/wp\/v2\/categories?post=490204"},{"taxonomy":"post_tag","embeddable":true,"href":"https:\/\/diarioelpopular.com\/index.php\/wp-json\/wp\/v2\/tags?post=490204"}],"curies":[{"name":"wp","href":"https:\/\/api.w.org\/{rel}","templated":true}]}}