{"id":490210,"date":"2020-04-19T18:04:17","date_gmt":"2020-04-19T22:04:17","guid":{"rendered":"https:\/\/diarioelpopular.com\/?p=490210"},"modified":"2020-04-20T00:29:23","modified_gmt":"2020-04-20T04:29:23","slug":"mas-de-10-muertos-incluido-el-oficial-de-la-rcmp-en-tiroteo-en-nova-scocia","status":"publish","type":"post","link":"https:\/\/diarioelpopular.com\/index.php\/2020\/04\/19\/mas-de-10-muertos-incluido-el-oficial-de-la-rcmp-en-tiroteo-en-nova-scocia\/","title":{"rendered":"Al menos 17 muertos, incluido el oficial de la RCMP en tiroteo en Nova Scocia"},"content":{"rendered":"<div id=\"attachment_490212\" style=\"width: 310px\" class=\"wp-caption alignnone\"><img loading=\"lazy\" decoding=\"async\" aria-describedby=\"caption-attachment-490212\" class=\"size-medium wp-image-490212\" src=\"https:\/\/diarioelpopular.com\/wp-content\/uploads\/2020\/04\/RCMP-NOVA-SCOTIA-SHOOTING-300x169.jpg\" alt=\"\" width=\"300\" height=\"169\" \/><p id=\"caption-attachment-490212\" class=\"wp-caption-text\">Oficiales de la RCMP bloquearon la estaci\u00f3n de servicio.<\/p><\/div>\n<p>&nbsp;<\/p>\n<h4><em>La RCMP confirm\u00f3 este domingo de tarde que al menos 17 personas est\u00e1n muertas, incluido el sospechoso y un oficial, luego de una larga persecuci\u00f3n policial en Nova Scocia.<\/em><\/h4>\n<p>&nbsp;<\/p>\n<p>HALIFAX.- La RCMP identific\u00f3 a Cst. Heidi Stevenson, una veterana de la fuerza de 23 a\u00f1os y madre de dos ni\u00f1os, muri\u00f3 en el incidente.<\/p>\n<p>Adem\u00e1s se confirm\u00f3 que el sospechoso muri\u00f3 este domingo en la estaci\u00f3n de servicio de Enfield, N.S., a unos 35 kil\u00f3metros al noroeste del centro de Halifax.<\/p>\n<div id=\"attachment_490213\" style=\"width: 310px\" class=\"wp-caption alignnone\"><img loading=\"lazy\" decoding=\"async\" aria-describedby=\"caption-attachment-490213\" class=\"size-medium wp-image-490213\" src=\"https:\/\/diarioelpopular.com\/wp-content\/uploads\/2020\/04\/wortman-nova-scotia-suspect-300x200.jpg\" alt=\"\" width=\"300\" height=\"200\" \/><p id=\"caption-attachment-490213\" class=\"wp-caption-text\">La RCMP lo identific\u00f3 como Gabriel Wortman, de 51 a\u00f1os.<\/p><\/div>\n<p>&nbsp;<\/p>\n<p>La polic\u00eda tambi\u00e9n dijo que otro miembro de la RCMP result\u00f3 herido en el condado de Colchester de Nova Scocia durante la cacer\u00eda humana que result\u00f3 en &#8220;m\u00faltiples v\u00edctimas&#8221;.<\/p>\n<p>Los funcionarios de la RCMP dijeron que al menos 17 personas hab\u00edan sido asesinadas y que no est\u00e1n &#8220;completamente conscientes de cu\u00e1l podr\u00eda ser el total&#8221; en t\u00e9rminos de la cantidad de muertes en este momento.<\/p>\n<p>La declaraci\u00f3n del presidente de la Federaci\u00f3n Nacional de Polic\u00eda, Brian Sauve, dedic\u00f3 sus cpondolencias a la familia y amigos de la oficial asesinada.<\/p>\n<p>Sauve dijo que otro miembro result\u00f3 herido en el cumplimiento del deber.<\/p>\n<p>El sindicato dijo que los representantes est\u00e1n en el \u00e1rea de Halifax para apoyar a los miembros y las familias, y agradeci\u00f3 a los miembros involucrados en la persecuci\u00f3n por resolver el ataque.<\/p>\n<p>\u201cNuestros corazones est\u00e1n llenos de dolor y tristeza hoy, ya que hemos perdido uno de los nuestros. Nuestros pensamientos est\u00e1n con la familia y amigos de nuestros miembros &#8220;, dijo Sauve.<\/p>\n<p>&#8220;Nuestro m\u00e1s sincero agradecimiento a los Miembros involucrados en la persecuci\u00f3n y la resoluci\u00f3n oportuna de este violento ataque. Sus esfuerzos y desinter\u00e9s en esta situaci\u00f3n son heroicos, invaluables y han mantenido seguros a otros en la comunidad &#8220;.<\/p>\n<p>La polic\u00eda ha dicho que hubo &#8220;v\u00edctimas m\u00faltiples&#8221; en un incidente que comenz\u00f3 el s\u00e1bado por la noche en una peque\u00f1a aldea costera, donde los residentes locales asustados se refugiaron en sus s\u00f3tanos durante la noche.<\/p>\n<p>A \u00faltima hora del domingo por la ma\u00f1ana, el sospechoso estaba a unos 90 kil\u00f3metros de distancia en Enfield.<\/p>\n<p>La escena estaba rodeada por media docena de veh\u00edculos policiales. Una cinta policial amarilla rodeaba las bombas de combustible, y la polic\u00eda estaba investigando un todoterreno SUV plateado.<\/p>\n<p>Se vio un cuerpo tendido en la estaci\u00f3n de servicio. La polic\u00eda no hizo comentarios sobre la identidad del cuerpo.<\/p>\n<p>La polic\u00eda no dijo de inmediato cu\u00e1ntas v\u00edctimas hubo, o la naturaleza de sus lesiones, pero el premier Stephen McNeil ofreci\u00f3 sus condolencias a las &#8220;familias de las v\u00edctimas&#8221; y calific\u00f3 el incidente como &#8220;uno de los actos de violencia m\u00e1s insensatos en la historia de nuestra provincia. &#8221;<\/p>\n<p>&#8220;Nunca imagin\u00e9 cuando me fui a la cama anoche que me despertar\u00eda con la horrible noticia de que un tirador activo andaba suelto en Nova Scocia&#8221;, dijo McNeil en Halifax en una conferencia de prensa previamente programada sobre la pandemia COVID-19.<\/p>\n<p>&#8220;Las palabras no pueden consolar a las familias afectadas por lo ocurrido en las \u00faltimas 24 horas&#8221;.<\/p>\n<p><em><strong>McNeil inst\u00f3 a la provincia a permanecer unida.<\/strong><\/em><\/p>\n<p><img loading=\"lazy\" decoding=\"async\" class=\"alignnone size-medium wp-image-490214\" src=\"https:\/\/diarioelpopular.com\/wp-content\/uploads\/2020\/04\/image-1-6-300x169.jpg\" alt=\"\" width=\"300\" height=\"169\" \/><\/p>\n<p>&#8220;Estamos todos conmocionados de que tal cosa pueda suceder aqu\u00ed en esta provincia, y hay una gran carga que soportar COVID-19&#8221;. Pero ahora m\u00e1s que nunca debemos mantenernos fuertes juntos \u201d, dijo.<\/p>\n<p>El incidente comenz\u00f3 en el peque\u00f1o pueblo rural de Portapique con residentes que informaban que los veh\u00edculos policiales llenaban las calles y aconsejaban a los residentes de la comunidad a unos 40 kil\u00f3metros al oeste de Truro que cerraran sus casas y se quedaran en sus s\u00f3tanos.<\/p>\n<p>Los residentes tambi\u00e9n informaron varios incendios en edificios, pero la polic\u00eda no confirm\u00f3 de inmediato los detalles.<\/p>\n<p>Christine Mills, residente de la ciudad, dijo que hab\u00eda sido una noche aterradora para la peque\u00f1a ciudad, que de repente se llen\u00f3 de oficiales armados que patrullaban las calles. Por la ma\u00f1ana, helic\u00f3pteros sobrevolaron en busca del sospechoso.<\/p>\n<p>&#8220;Ahora me siento mejor al saber que est\u00e1 bajo custodia&#8221;, dijo, y agreg\u00f3 que tem\u00eda que el tirador hubiera atravesado el bosque e intentado ingresar a su casa.<\/p>\n<p>&#8220;Es estresante porque no sabes si alguien se ha vuelto loco y te va a golpear en la puerta&#8221;, dijo.<\/p>\n<p>Tom Taggart, un concejal que representa el \u00e1rea de Portapique en el municipio de Colchester, dijo que la comunidad tranquila ha sido sacudida.<\/p>\n<p>&#8220;Esta es una comunidad absolutamente maravillosa, tranquila y pac\u00edfica y la idea de que esto podr\u00eda suceder en nuestra comunidad es incre\u00edble&#8221;, dijo Taggart por tel\u00e9fono desde su casa en Bass River, a unos tres kil\u00f3metros de Portapique.<\/p>\n<p>&#8220;La gente vive aqu\u00ed por la paz y la tranquilidad y es una tragedia absoluta&#8221;.<\/p>\n<p>La RCMP declar\u00f3 m\u00e1s temprano este d\u00eda que el sospechoso conduc\u00eda un autom\u00f3vil que parec\u00eda un veh\u00edculo policial, pero a las 11 a.m., hora local, &#8220;se cre\u00eda que conduc\u00eda un todoterreno SUV Chevrolet plateado&#8221;, que viajaba hacia el sur por la autopista 102.<\/p>\n<p>Mills dijo que los agentes de polic\u00eda caminaron por la comunidad con sus armas desenfundadas durante la noche, y helic\u00f3pteros hab\u00edan estado volando sobre las casas el domingo por la ma\u00f1ana.<\/p>\n<p>La RCMP public\u00f3 una actualizaci\u00f3n en Twitter justo despu\u00e9s de las 10:15 a.m., advirtiendo que el sospechoso estaba en el \u00e1rea de Debert y Central Oslow y que podr\u00eda estar vestido como un oficial de polic\u00eda en un veh\u00edculo similar a la polic\u00eda.<\/p>\n<p>En un tuit anterior, la polic\u00eda identific\u00f3 al sospechoso como Wortman y lo describi\u00f3 como &#8220;armado y peligroso&#8221;.<\/p>\n<p>Un Gabriel Wortman figura como dentista en Dartmouth, seg\u00fan el sitio web de la Sociedad de Dentistas de Nova Scocia. Una foto del sospechoo emitida por la RCMP coincide con el video de un hombre que fue entrevistado sobre pr\u00f3tesis dentales por CTV Atlantic en 2014.<\/p>\n<p>Mills tambi\u00e9n dijo que Wortman era conocido localmente como un dentista que divid\u00eda su tiempo entre una residencia en Halifax y una residencia en Portapique.<\/p>\n<p>Taggart dijo que no conoc\u00eda bien a Wortman, pero le habl\u00f3 varias veces cuando telefone\u00f3 sobre asuntos municipales.<\/p>\n<p>Taggart describi\u00f3 conocer la &#8220;gran casa encantadora&#8221; de Wortman en Portapique Beach Road. Dijo que Wortman pose\u00eda algunas otras propiedades en la comunidad y se cre\u00eda que divid\u00eda su tiempo entre Portapique y su negocio en Dartmouth.<\/p>\n<p>Describi\u00f3 Portapique como &#8220;pa\u00eds rural&#8221;, con unos 100 residentes durante todo el a\u00f1o y 250 en el verano.<\/p>\n<p>&#8220;Simplemente no sue\u00f1as que esto va a suceder&#8221;, dijo. &#8220;No puedo entenderlo&#8221;.<\/p>\n<p>La polic\u00eda identific\u00f3 a Wortman aproximadamente nueve horas despu\u00e9s de un tweet inicial alrededor de la medianoche pidi\u00e9ndole a la gente que evite el \u00e1rea de Portapique y permanezca en el interior mientras los oficiales respondieron a una denuncia de armas de fuego.<\/p>\n<p>Cpl. Lisa Croteau, oficial de informaci\u00f3n p\u00fablica de la fuerza provincial, dijo que la polic\u00eda recibi\u00f3 una llamada sobre &#8220;una persona con armas de fuego&#8221; alrededor de las 10:30 p.m. el s\u00e1bado y la investigaci\u00f3n &#8220;se convirti\u00f3 en una investigaci\u00f3n activa de disparos&#8221;.<\/p>\n<p>Agreg\u00f3 que algunas personas fueron evacuadas alrededor de Portapique Beach Road, Bay Shore Road y Five Houses Road, donde se inici\u00f3 la primera denuncia.<\/p>\n<p>El primer ministro Justin Trudeau coment\u00f3 sobre la situaci\u00f3n durante su conferencia de prensa matutina centrada en la crisis COVID-19.<\/p>\n<p>&#8220;Mi coraz\u00f3n est\u00e1 con todos los afectados en lo que es una situaci\u00f3n terrible&#8221;, dijo. &#8220;Quiero agradecer a la polic\u00eda por su arduo trabajo y a las personas por cooperar con las autoridades&#8221;.<\/p>\n","protected":false},"excerpt":{"rendered":"<p>&nbsp; La RCMP confirm\u00f3 este domingo de tarde que al menos 17 personas est\u00e1n muertas, incluido el sospechoso y un oficial, luego de una larga&hellip;<\/p>\n","protected":false},"author":99,"featured_media":0,"comment_status":"open","ping_status":"open","sticky":false,"template":"","format":"standard","meta":{"footnotes":""},"categories":[21,11191],"tags":[],"class_list":["post-490210","post","type-post","status-publish","format-standard","hentry","category-canada","category-top-news"],"_links":{"self":[{"href":"https:\/\/diarioelpopular.com\/index.php\/wp-json\/wp\/v2\/posts\/490210","targetHints":{"allow":["GET"]}}],"collection":[{"href":"https:\/\/diarioelpopular.com\/index.php\/wp-json\/wp\/v2\/posts"}],"about":[{"href":"https:\/\/diarioelpopular.com\/index.php\/wp-json\/wp\/v2\/types\/post"}],"author":[{"embeddable":true,"href":"https:\/\/diarioelpopular.com\/index.php\/wp-json\/wp\/v2\/users\/99"}],"replies":[{"embeddable":true,"href":"https:\/\/diarioelpopular.com\/index.php\/wp-json\/wp\/v2\/comments?post=490210"}],"version-history":[{"count":3,"href":"https:\/\/diarioelpopular.com\/index.php\/wp-json\/wp\/v2\/posts\/490210\/revisions"}],"predecessor-version":[{"id":490219,"href":"https:\/\/diarioelpopular.com\/index.php\/wp-json\/wp\/v2\/posts\/490210\/revisions\/490219"}],"wp:attachment":[{"href":"https:\/\/diarioelpopular.com\/index.php\/wp-json\/wp\/v2\/media?parent=490210"}],"wp:term":[{"taxonomy":"category","embeddable":true,"href":"https:\/\/diarioelpopular.com\/index.php\/wp-json\/wp\/v2\/categories?post=490210"},{"taxonomy":"post_tag","embeddable":true,"href":"https:\/\/diarioelpopular.com\/index.php\/wp-json\/wp\/v2\/tags?post=490210"}],"curies":[{"name":"wp","href":"https:\/\/api.w.org\/{rel}","templated":true}]}}