{"id":490221,"date":"2020-04-20T00:50:34","date_gmt":"2020-04-20T04:50:34","guid":{"rendered":"https:\/\/diarioelpopular.com\/?p=490221"},"modified":"2020-04-20T00:50:34","modified_gmt":"2020-04-20T04:50:34","slug":"el-virus-se-acelera-en-latinoamerica","status":"publish","type":"post","link":"https:\/\/diarioelpopular.com\/index.php\/2020\/04\/20\/el-virus-se-acelera-en-latinoamerica\/","title":{"rendered":"El virus se acelera en Latinoam\u00e9rica"},"content":{"rendered":"<div id=\"attachment_490222\" style=\"width: 310px\" class=\"wp-caption alignnone\"><img loading=\"lazy\" decoding=\"async\" aria-describedby=\"caption-attachment-490222\" class=\"size-medium wp-image-490222\" src=\"https:\/\/diarioelpopular.com\/wp-content\/uploads\/2020\/04\/fe8dc0bcc44b2c10d94001d178a609a5-300x213.jpg\" alt=\"\" width=\"300\" height=\"213\" \/><p id=\"caption-attachment-490222\" class=\"wp-caption-text\">Un ni\u00f1o bajo encierro, las mascarillas y la precariedad. Imagen s\u00edmbolo de Guayaquil<\/p><\/div>\n<p>&nbsp;<\/p>\n<h4><em>Diez mil casos en algo mas de 36 horas. Suman 100 mil positivos<\/em><\/h4>\n<p>&nbsp;<\/p>\n<div class=\"mm-photo-img\"><em><strong>BUENOS AIRES, 19 ABR<\/strong><\/em> &#8211; El n\u00famero de infecciones registradas en Am\u00e9rica Latina sum\u00f3 10 mil caos de Covid-19 confirmados en poco m\u00e1s de 36 horas, superando el umbral de 100 mil enfermos con casi cinco mil muertes, seg\u00fan estad\u00edsticas de ANSA.<br \/>\nLos c\u00f3mputos se elaboraron en base a informaciones oficiales de las \u00e1reas de salud de 34 estados y territorios latinoamericanos y muestran un aceleramiento del mal en la regi\u00f3n.<br \/>\nPara ser precisos, las estad\u00edsticas de la regi\u00f3n muestran que las personas con confirmaci\u00f3n de Covid-19 han alcanzado, con la publicaci\u00f3n de los \u00faltimos datos en Brasil, una n\u00famero de 101.636, de los cuales 4.974, luego murieron. Brasil solo representa mucho m\u00e1s de un tercio de los infectados, y casi la mitad de los muertos.<br \/>\nBrasil encabeza con holgura la lista de los diez pa\u00edses que cuentan con m\u00e1s que casos (38.654 infectados y 2.462 muertos), seguido de Per\u00fa (15.628 y 400), Chile (10.088 y 133) y Ecuador (9.468 y 474).<br \/>\nMerece se\u00f1alarse que Ecuador es el que tiene el mayor n\u00famero de infecciones y de v\u00edctimas en comparaci\u00f3n con su poblaci\u00f3n. La m\u00e1xima emergencia ecuatoriana est\u00e1 afincada en la provincia sure\u00f1a de Guayas (cuya capital es Guayaquil) con casi el 70% de los casos.<br \/>\nEn quinto lugar, seg\u00fan el escalaf\u00f3n de ANSA, aparece M\u00e9xico (7.497 y 650), y luego Rep\u00fablica Dominicana (4.680 y 226), Panam\u00e1 (4.273 y 120), Colombia (3.621 y 166), Argentina (2.839 y 132) y Cuba, 1.035 y 34).<\/div>\n","protected":false},"excerpt":{"rendered":"<p>&nbsp; Diez mil casos en algo mas de 36 horas. Suman 100 mil positivos &nbsp; BUENOS AIRES, 19 ABR &#8211; El n\u00famero de infecciones registradas&hellip;<\/p>\n","protected":false},"author":99,"featured_media":0,"comment_status":"open","ping_status":"open","sticky":false,"template":"","format":"standard","meta":{"footnotes":""},"categories":[23],"tags":[],"class_list":["post-490221","post","type-post","status-publish","format-standard","hentry","category-latinoamerica"],"_links":{"self":[{"href":"https:\/\/diarioelpopular.com\/index.php\/wp-json\/wp\/v2\/posts\/490221","targetHints":{"allow":["GET"]}}],"collection":[{"href":"https:\/\/diarioelpopular.com\/index.php\/wp-json\/wp\/v2\/posts"}],"about":[{"href":"https:\/\/diarioelpopular.com\/index.php\/wp-json\/wp\/v2\/types\/post"}],"author":[{"embeddable":true,"href":"https:\/\/diarioelpopular.com\/index.php\/wp-json\/wp\/v2\/users\/99"}],"replies":[{"embeddable":true,"href":"https:\/\/diarioelpopular.com\/index.php\/wp-json\/wp\/v2\/comments?post=490221"}],"version-history":[{"count":1,"href":"https:\/\/diarioelpopular.com\/index.php\/wp-json\/wp\/v2\/posts\/490221\/revisions"}],"predecessor-version":[{"id":490223,"href":"https:\/\/diarioelpopular.com\/index.php\/wp-json\/wp\/v2\/posts\/490221\/revisions\/490223"}],"wp:attachment":[{"href":"https:\/\/diarioelpopular.com\/index.php\/wp-json\/wp\/v2\/media?parent=490221"}],"wp:term":[{"taxonomy":"category","embeddable":true,"href":"https:\/\/diarioelpopular.com\/index.php\/wp-json\/wp\/v2\/categories?post=490221"},{"taxonomy":"post_tag","embeddable":true,"href":"https:\/\/diarioelpopular.com\/index.php\/wp-json\/wp\/v2\/tags?post=490221"}],"curies":[{"name":"wp","href":"https:\/\/api.w.org\/{rel}","templated":true}]}}