{"id":490240,"date":"2020-04-20T11:57:54","date_gmt":"2020-04-20T15:57:54","guid":{"rendered":"https:\/\/diarioelpopular.com\/?p=490240"},"modified":"2020-04-20T11:57:54","modified_gmt":"2020-04-20T15:57:54","slug":"el-crimen-de-volver-al-trabajo-en-chile","status":"publish","type":"post","link":"https:\/\/diarioelpopular.com\/index.php\/2020\/04\/20\/el-crimen-de-volver-al-trabajo-en-chile\/","title":{"rendered":"El &#8220;crimen&#8221; de volver al trabajo en Chile"},"content":{"rendered":"<div id=\"attachment_490241\" style=\"width: 310px\" class=\"wp-caption alignnone\"><img loading=\"lazy\" decoding=\"async\" aria-describedby=\"caption-attachment-490241\" class=\"size-medium wp-image-490241\" src=\"https:\/\/diarioelpopular.com\/wp-content\/uploads\/2020\/04\/713c3b779606c062f33791a938730d76-300x200.jpg\" alt=\"\" width=\"300\" height=\"200\" \/><p id=\"caption-attachment-490241\" class=\"wp-caption-text\">Santiago de Chile en tiempos de peste.<\/p><\/div>\n<p>&nbsp;<\/p>\n<h4><em>Sindicalistas acusaron falta de condiciones adecuadas<\/em><\/h4>\n<p>&nbsp;<\/p>\n<p><em><strong>SANTIAGO DE CHILE, 20 ABR &#8211;<\/strong><\/em> La Agrupaci\u00f3n Nacional de Empleados Fiscales (Anef) consider\u00f3 &#8220;criminal&#8221; la medida del gobierno que ordena a los funcionarios p\u00fablicos en Chile volver este lunes a sus puestos de trabajo. &#8220;Se necesitan las condiciones adecuadas para cumplir las funciones&#8221;, argument\u00f3 la entidad, en medio de la pandemia de coronavirus.<br \/>\nA\u00f1adi\u00f3 que la disposici\u00f3n del Ejecutivo obedece a la solicitud de los sectores empresariales y financieros de intentar &#8220;normalizar la actividad del pa\u00eds, asumiendo los costos en vidas que tendr\u00eda el levantamiento de las limitadas medidas de distanciamiento social y cuarentena en vigencia, como una nueva columna en sus balances corporativos&#8221;.<br \/>\nEl gobierno sali\u00f3 a aclarar que el oficio de los ministerios de Interior y Hacienda dispone que el retorno a las labores presenciales sea &#8220;paulatino y progresivo&#8221;, y de los funcionarios p\u00fablicos &#8220;esenciales&#8221;.<br \/>\n&#8220;Deben volver aquellos trabajadores en forma paulatina y progresiva que son esenciales para darle respuestas a toda la poblaci\u00f3n que hoy requieren de esos servicios p\u00fablicos, esos trabajadores esenciales que necesitan estar en presencia&#8221;, respondi\u00f3 la subsecretaria de Salud, Paula Daza.<br \/>\nEn cuanto a las cr\u00edticas del Consejo Asesor que comunic\u00f3 a la ciudadan\u00eda que ellos no fueron consultados, Daza se\u00f1al\u00f3 que &#8220;no todas las medidas son consultadas&#8221; con los organismos asesores.<br \/>\n&#8220;No todas las medidas que toma el Ejecutivo son consultadas a los distintos consejos que existen en el Gobierno, son aquellas medidas sanitarias que nos parecen tremendamente importantes para tomar una determinaci\u00f3n&#8221;, puntualiz\u00f3 respecto del comit\u00e9 asesor de Covid formado por el mismo Ministerio de Salud.<br \/>\nRecalc\u00f3 que todas las decisiones &#8220;son basadas en la evidencia internacional y nacional, y por supuesto, que tambi\u00e9n en las recomendaciones &#8216;generales&#8217; que han dado los distintos consejos&#8221;, los cuales acusaron &#8220;falta de coherencia&#8221; de la autoridad.<br \/>\nEl presidente de la Agrupaci\u00f3n Nacional de Empleados Fiscales (Anef), Jos\u00e9 P\u00e9rez, anunci\u00f3 una acci\u00f3n judicial y llam\u00f3 a no ir a trabajar este lunes.<br \/>\n&#8220;Hemos declarado p\u00fablicamente que no retomemos las actividades el lunes 20 de abril, y no por un capricho.<br \/>\nSeguiremos trabajando y sirviendo a los chilenos y chilenas&#8221;, reafirm\u00f3 el dirigente. Explico que el recurso de protecci\u00f3n apunta a &#8220;resguardar la tranquilidad frente al amedrentamiento de algunas jefaturas que est\u00e1n mandando se\u00f1ales que tienen que aparecer de a poco&#8221;.<br \/>\nEn tanto, la presidenta de la C\u00e1mara del Senado, Adriana Mu\u00f1oz, hizo un llamado a que la oposici\u00f3n se mantenga unida para contrarrestar las medidas del Gobierno.<br \/>\n&#8220;Nos convoca la defensa de la salud y la vida humana, sabemos que hay problemas que rebotan en la econom\u00eda, puede haber una recesi\u00f3n y lo tenemos que abordar, pero no a costa de la vida humana&#8221;, se\u00f1al\u00f3 Mu\u00f1oz, del opositor Partido Por la Democracia. &#8220;Hay que generar un contrapeso pol\u00edtico a lo que est\u00e1 generando el Gobierno&#8221;, agreg\u00f3 la senadora.<br \/>\nMientras el ministro de Salud, Jaime Ma\u00f1alich, afirm\u00f3 en entrevista con canal 13 que &#8220;los funcionarios p\u00fablicos estamos obligados a servir a las personas y, para ser sinceros, la mayor\u00eda del teletrabajo es muy ineficiente&#8221;.<br \/>\nTambi\u00e9n se refiri\u00f3 a que la medida no fue consultada con el comit\u00e9 asesor, a lo que contest\u00f3o que &#8220;no correspond\u00eda&#8221;.<br \/>\n&#8220;Correspond\u00eda que ellos nos dieran un consejo, y nos dimos por aconsejados. Si fueran responsables de las decisiones, podr\u00edan ser perseguidos penalmente&#8221;, finaliz\u00f3.<br \/>\nEl tambi\u00e9n opositor Partido Socialista anunci\u00f3 que convocar\u00e1 a sesi\u00f3n especial de la C\u00e1mara para que los ministros den explicaciones frente a lo que denominaron &#8220;relajamiento de las medidas sanitarias de aislamiento social&#8221;.<br \/>\nCalificaron la vuelta al trabajo y apertura de comercio como &#8220;imprudente, apresurada e irresponsable que no se condice con lo que el propio presidente (Sebasti\u00e1n) Pi\u00f1era ha se\u00f1alado, en el sentido de que estamos entrando en las semanas m\u00e1s complejas de propagaci\u00f3n de la epidemia en el pa\u00eds&#8221;.<\/p>\n","protected":false},"excerpt":{"rendered":"<p>&nbsp; Sindicalistas acusaron falta de condiciones adecuadas &nbsp; SANTIAGO DE CHILE, 20 ABR &#8211; La Agrupaci\u00f3n Nacional de Empleados Fiscales (Anef) consider\u00f3 &#8220;criminal&#8221; la medida&hellip;<\/p>\n","protected":false},"author":99,"featured_media":0,"comment_status":"open","ping_status":"open","sticky":false,"template":"","format":"standard","meta":{"footnotes":""},"categories":[23],"tags":[],"class_list":["post-490240","post","type-post","status-publish","format-standard","hentry","category-latinoamerica"],"_links":{"self":[{"href":"https:\/\/diarioelpopular.com\/index.php\/wp-json\/wp\/v2\/posts\/490240","targetHints":{"allow":["GET"]}}],"collection":[{"href":"https:\/\/diarioelpopular.com\/index.php\/wp-json\/wp\/v2\/posts"}],"about":[{"href":"https:\/\/diarioelpopular.com\/index.php\/wp-json\/wp\/v2\/types\/post"}],"author":[{"embeddable":true,"href":"https:\/\/diarioelpopular.com\/index.php\/wp-json\/wp\/v2\/users\/99"}],"replies":[{"embeddable":true,"href":"https:\/\/diarioelpopular.com\/index.php\/wp-json\/wp\/v2\/comments?post=490240"}],"version-history":[{"count":1,"href":"https:\/\/diarioelpopular.com\/index.php\/wp-json\/wp\/v2\/posts\/490240\/revisions"}],"predecessor-version":[{"id":490242,"href":"https:\/\/diarioelpopular.com\/index.php\/wp-json\/wp\/v2\/posts\/490240\/revisions\/490242"}],"wp:attachment":[{"href":"https:\/\/diarioelpopular.com\/index.php\/wp-json\/wp\/v2\/media?parent=490240"}],"wp:term":[{"taxonomy":"category","embeddable":true,"href":"https:\/\/diarioelpopular.com\/index.php\/wp-json\/wp\/v2\/categories?post=490240"},{"taxonomy":"post_tag","embeddable":true,"href":"https:\/\/diarioelpopular.com\/index.php\/wp-json\/wp\/v2\/tags?post=490240"}],"curies":[{"name":"wp","href":"https:\/\/api.w.org\/{rel}","templated":true}]}}