{"id":490252,"date":"2020-04-20T12:06:24","date_gmt":"2020-04-20T16:06:24","guid":{"rendered":"https:\/\/diarioelpopular.com\/?p=490252"},"modified":"2020-04-20T12:06:24","modified_gmt":"2020-04-20T16:06:24","slug":"la-muerte-llega-a-los-pueblos-del-amazonas","status":"publish","type":"post","link":"https:\/\/diarioelpopular.com\/index.php\/2020\/04\/20\/la-muerte-llega-a-los-pueblos-del-amazonas\/","title":{"rendered":"La muerte llega a los pueblos del Amazonas"},"content":{"rendered":"<div id=\"attachment_490253\" style=\"width: 310px\" class=\"wp-caption alignnone\"><img loading=\"lazy\" decoding=\"async\" aria-describedby=\"caption-attachment-490253\" class=\"size-medium wp-image-490253\" src=\"https:\/\/diarioelpopular.com\/wp-content\/uploads\/2020\/04\/6737bab75bbff16d30fc6a52b2785110-300x169.jpg\" alt=\"\" width=\"300\" height=\"169\" \/><p id=\"caption-attachment-490253\" class=\"wp-caption-text\">Siete pobladores originarios del Amazonas brasile\u00f1o, muertos por Covid-19.<\/p><\/div>\n<h4><em>Recomiendan reforzar aislamiento de aldeas para frenar el virus<\/em><\/h4>\n<p>&nbsp;<\/p>\n<p><em><strong>BRASILIA, 20 ABR &#8211;<\/strong><\/em> Al menos siete ind\u00edgenas murieron, la mayor\u00eda en la regi\u00f3n amaz\u00f3nica de Brasil, a ra\u00edz del coronavirus, dolencia que puede causar consecuencias &#8220;muy graves&#8221; si contin\u00faan las invasiones de grupos ilegales a las reservas, dijeron representantes de entidades vinculadas a los pueblos originarios.<br \/>\nUn vocero de la Articulaci\u00f3n de los Pueblos Ind\u00edgenas de Brasil (APIB) dijo a radio CBN que los muertos son siete y no tres como se\u00f1al\u00f3 el ministerio de Salud, la mayor\u00eda de ellos en los estados amaz\u00f3nicos de Amazonas y Roraima.<br \/>\nLa diferencia estriba en que el ministerio de Salud considera s\u00f3lo a los fallecimientos ocurridos dentro de las aldeas, mientras la APIB contabiliza tambi\u00e9n a los que viven en las ciudades.<br \/>\nSobre una poblaci\u00f3n total de cerca un mill\u00f3n de ind\u00edgenas en todo Brasil, cerca de 400 mil residen en centros urbanos como Manaus, la capital de Amazonas, el estado m\u00e1s poblado de la Amazonia. Por otra parte el Instituto Socio Ambiental (ISA) consign\u00f3 que cuatro ind\u00edgenas murieron en Amazonas donde se aguarda la instalaci\u00f3n de un hospital de campa\u00f1a s\u00f3lo para miembros de los pueblos originarios.<br \/>\nThiago Moreira, investigador del ISA, dijo que las invasiones ilegales de aldeas por parte de explotadores de minerales y agricultores &#8221; puede agravar la vulnerabilidad de los ind\u00edgenas ante&#8221; el Covid-19.<br \/>\n&#8220;Esto no es una gripecita, esto es altamente letal&#8221;, asever\u00f3 Sonia Guajajara, en alusi\u00f3n a la definici\u00f3n del coronavirus dada por el presidente Jair Bolsonaro.<br \/>\n&#8220;La mejor forma de prevenir el avance (virus) es mantener las comunidades aisladas y orientar a la gente para que no salga de all\u00ed , tenemos una historia de enfermedades contagiosas que nos diezmaron&#8221;, agreg\u00f3 Sonia Guajajara, coordinadora de la APIB.<\/p>\n","protected":false},"excerpt":{"rendered":"<p>Recomiendan reforzar aislamiento de aldeas para frenar el virus &nbsp; BRASILIA, 20 ABR &#8211; Al menos siete ind\u00edgenas murieron, la mayor\u00eda en la regi\u00f3n amaz\u00f3nica&hellip;<\/p>\n","protected":false},"author":99,"featured_media":0,"comment_status":"open","ping_status":"open","sticky":false,"template":"","format":"standard","meta":{"footnotes":""},"categories":[23],"tags":[],"class_list":["post-490252","post","type-post","status-publish","format-standard","hentry","category-latinoamerica"],"_links":{"self":[{"href":"https:\/\/diarioelpopular.com\/index.php\/wp-json\/wp\/v2\/posts\/490252","targetHints":{"allow":["GET"]}}],"collection":[{"href":"https:\/\/diarioelpopular.com\/index.php\/wp-json\/wp\/v2\/posts"}],"about":[{"href":"https:\/\/diarioelpopular.com\/index.php\/wp-json\/wp\/v2\/types\/post"}],"author":[{"embeddable":true,"href":"https:\/\/diarioelpopular.com\/index.php\/wp-json\/wp\/v2\/users\/99"}],"replies":[{"embeddable":true,"href":"https:\/\/diarioelpopular.com\/index.php\/wp-json\/wp\/v2\/comments?post=490252"}],"version-history":[{"count":1,"href":"https:\/\/diarioelpopular.com\/index.php\/wp-json\/wp\/v2\/posts\/490252\/revisions"}],"predecessor-version":[{"id":490254,"href":"https:\/\/diarioelpopular.com\/index.php\/wp-json\/wp\/v2\/posts\/490252\/revisions\/490254"}],"wp:attachment":[{"href":"https:\/\/diarioelpopular.com\/index.php\/wp-json\/wp\/v2\/media?parent=490252"}],"wp:term":[{"taxonomy":"category","embeddable":true,"href":"https:\/\/diarioelpopular.com\/index.php\/wp-json\/wp\/v2\/categories?post=490252"},{"taxonomy":"post_tag","embeddable":true,"href":"https:\/\/diarioelpopular.com\/index.php\/wp-json\/wp\/v2\/tags?post=490252"}],"curies":[{"name":"wp","href":"https:\/\/api.w.org\/{rel}","templated":true}]}}