{"id":490290,"date":"2020-04-21T12:11:10","date_gmt":"2020-04-21T16:11:10","guid":{"rendered":"https:\/\/diarioelpopular.com\/?p=490290"},"modified":"2020-04-21T12:11:10","modified_gmt":"2020-04-21T16:11:10","slug":"presidente-de-el-salvador-lidera-efectividad-frente-al-covid-19","status":"publish","type":"post","link":"https:\/\/diarioelpopular.com\/index.php\/2020\/04\/21\/presidente-de-el-salvador-lidera-efectividad-frente-al-covid-19\/","title":{"rendered":"Presidente de El Salvador lidera efectividad frente al COVID-19"},"content":{"rendered":"<div id=\"attachment_490291\" style=\"width: 310px\" class=\"wp-caption alignnone\"><img loading=\"lazy\" decoding=\"async\" aria-describedby=\"caption-attachment-490291\" class=\"size-medium wp-image-490291\" src=\"https:\/\/diarioelpopular.com\/wp-content\/uploads\/2020\/04\/5e95eb70dcc75.r_1587139279005.0-85-1053-608-300x150.jpg\" alt=\"\" width=\"300\" height=\"150\" \/><p id=\"caption-attachment-490291\" class=\"wp-caption-text\"><em>Aprobaci\u00f3n presidencial al manejo de la crisis.<\/em><\/p><\/div>\n<p>&nbsp;<\/p>\n<h4><em>Latinoamericana destaca trabajo de El Salvador. Per\u00fa, Argentina y Guatemala tambi\u00e9n son evaluados.<\/em><\/h4>\n<p>&nbsp;<\/p>\n<p id=\"p484272-m160-159-161\" class=\"contenido\">De once pa\u00edses de Latinoamerica que est\u00e1n enfrentando al COVID-19, solo El Salvador, Per\u00fa, Argentina y Guatemala tiene una poblaci\u00f3n que se siente segura y confiada de las acciones que est\u00e1n tomando sus respectivos gobiernos para frenar la enfermedad, seg\u00fan un estudio de opini\u00f3n realizado por la casa encuestadora mexicana Mitofsky en marzo.<\/p>\n<p class=\"contenido\">De esos cuatro pa\u00edses, es El Salvador quien encabeza las percepciones positivas con un 96% de confianza. La calificaci\u00f3n de los otros tres evaluados ronda entre el 89 y 85%. En contraste, los gobiernos de M\u00e9xico, Rep\u00fablica Dominicana, Chile y Ecuador enlistan los \u00faltimos cuatro puestos de la encuesta, c\u00f3mo los pa\u00edses donde la mayor\u00eda de sus pobladores creen que la estrategia seguida contra el virus es la incorrecta.<\/p>\n<p>\u00bfQu\u00e9 hace que el pa\u00eds m\u00e1s peque\u00f1o de Centroam\u00e9rica destaque? El que su presidente Nayib Bukele fuera el primero en Am\u00e9rica Latina en prohibir el ingreso de ciudadanos de China, Corea, Espa\u00f1a e Italia cuando se conoci\u00f3 que en esos pa\u00edses se increment\u00f3 el virus; y que fuera el segundo en el mundo en cerrar las fronteras, impidiendo el ingreso de cualquier extranjero, salvo los que tienen residencia o los diplom\u00e1ticos acreditatos; sumado al cierre de su aeropuerto internacional para la llegada de cualquier vuelo comercial.<\/p>\n<p>El gobierno de El Salvador dispuso desde el 11 de marzo enviar albergues a todos los salvadore\u00f1os que ingresaron al pa\u00eds procedente de otras naciones y posteriormente, orden\u00f3 una cuarentena domiciliar para toda la poblaci\u00f3n.<\/p>\n<div id=\"p484272-m210-3-211\" class=\"fotografia\">\n<div class=\"imagen-cuerpo-bk\">\n<figure id=\"m215-214-216\" class=\"foto-galeria-articulo\"><img decoding=\"async\" src=\"https:\/\/www.eltiempo.com\/files\/article_content\/files\/crop\/uploads\/2020\/04\/14\/5e95ea317fb9d.r_1587139279039.116-57-1288-936.png\" alt=\"2\" width=\"600px\" height=\"450px\" data-original=\"\/files\/article_content\/files\/crop\/uploads\/2020\/04\/14\/5e95ea317fb9d.r_1587139279039.116-57-1288-936.png\" \/><\/figure>\n<\/div>\n<div class=\"figcaption-cuerpo-bk credito-image-bk\">\n<div class=\"titulo-foto-bk\">\n<p id=\"m222-1-223\" class=\"titulo\"><em>Confianza en su gobierno<\/em><\/p>\n<p>&nbsp;<\/p>\n<\/div>\n<\/div>\n<\/div>\n<p id=\"p484272-m236-4-237\" class=\"contenido\">Las decisiones de Bukele hacen que un 97% de la sociedad salvadore\u00f1a apruebe su proceder, todo un contraste con el 14% que recibe su simil en Ecuador, Lenin Moreno; el 19% favorable del presidente chileno Sebasti\u00e1n Pi\u00f1era; el 30% que alcanza el dominicano Danilo Medina; el 46% que logra Iv\u00e1n Duque M\u00e1rquez como presidente de Colombia y el 48% de Manuel L\u00f3pez Obrador en M\u00e9xico.<\/p>\n<p>Otro aspecto que favorece los \u00edndices de El Salvador, que refleja la encuesta que Mitosky realiz\u00f3 en latinoam\u00e9rica es el plan que el Gobierno de ese pa\u00eds puso en marcha para contrarrestar el impacto econ\u00f3mico que la crisis sanitaria est\u00e1 generando. As\u00ed, se orden\u00f3 alivios fiscales para todo el sector tur\u00edstico, y ofreci\u00f3 una pr\u00f3rroga en el pago de servicios b\u00e1sicos, cuotas bancarias y de cr\u00e9dito para todos los emprendedores, propietarios de negocios, deportistas, trabajadores por cuenta propia que han dejado de percibir ingresos por la cuarentena domiciliar obligatoria en dicho pa\u00eds centroamericano.<\/p>\n<p>Adem\u00e1s, ha comenzado la entrega de un bono de $300 para alimentaci\u00f3n, beneficiando a m\u00e1s de 1.5 millones de familias, un beneficio que es entregado por primera vez en la historia de El Salvador.<\/p>\n","protected":false},"excerpt":{"rendered":"<p>&nbsp; Latinoamericana destaca trabajo de El Salvador. Per\u00fa, Argentina y Guatemala tambi\u00e9n son evaluados. &nbsp; De once pa\u00edses de Latinoamerica que est\u00e1n enfrentando al COVID-19,&hellip;<\/p>\n","protected":false},"author":99,"featured_media":0,"comment_status":"open","ping_status":"open","sticky":false,"template":"","format":"standard","meta":{"footnotes":""},"categories":[23],"tags":[],"class_list":["post-490290","post","type-post","status-publish","format-standard","hentry","category-latinoamerica"],"_links":{"self":[{"href":"https:\/\/diarioelpopular.com\/index.php\/wp-json\/wp\/v2\/posts\/490290","targetHints":{"allow":["GET"]}}],"collection":[{"href":"https:\/\/diarioelpopular.com\/index.php\/wp-json\/wp\/v2\/posts"}],"about":[{"href":"https:\/\/diarioelpopular.com\/index.php\/wp-json\/wp\/v2\/types\/post"}],"author":[{"embeddable":true,"href":"https:\/\/diarioelpopular.com\/index.php\/wp-json\/wp\/v2\/users\/99"}],"replies":[{"embeddable":true,"href":"https:\/\/diarioelpopular.com\/index.php\/wp-json\/wp\/v2\/comments?post=490290"}],"version-history":[{"count":1,"href":"https:\/\/diarioelpopular.com\/index.php\/wp-json\/wp\/v2\/posts\/490290\/revisions"}],"predecessor-version":[{"id":490292,"href":"https:\/\/diarioelpopular.com\/index.php\/wp-json\/wp\/v2\/posts\/490290\/revisions\/490292"}],"wp:attachment":[{"href":"https:\/\/diarioelpopular.com\/index.php\/wp-json\/wp\/v2\/media?parent=490290"}],"wp:term":[{"taxonomy":"category","embeddable":true,"href":"https:\/\/diarioelpopular.com\/index.php\/wp-json\/wp\/v2\/categories?post=490290"},{"taxonomy":"post_tag","embeddable":true,"href":"https:\/\/diarioelpopular.com\/index.php\/wp-json\/wp\/v2\/tags?post=490290"}],"curies":[{"name":"wp","href":"https:\/\/api.w.org\/{rel}","templated":true}]}}