{"id":490303,"date":"2020-04-21T22:52:03","date_gmt":"2020-04-22T02:52:03","guid":{"rendered":"https:\/\/diarioelpopular.com\/?p=490303"},"modified":"2020-04-21T22:52:03","modified_gmt":"2020-04-22T02:52:03","slug":"el-coronavirus-amenaza-con-llevar-a-la-pobreza-a-29-millones-de-personas-en-america-latina","status":"publish","type":"post","link":"https:\/\/diarioelpopular.com\/index.php\/2020\/04\/21\/el-coronavirus-amenaza-con-llevar-a-la-pobreza-a-29-millones-de-personas-en-america-latina\/","title":{"rendered":"El coronavirus amenaza con llevar a la pobreza a 29 millones de personas en Am\u00e9rica Latina"},"content":{"rendered":"<div id=\"attachment_490306\" style=\"width: 310px\" class=\"wp-caption alignnone\"><img loading=\"lazy\" decoding=\"async\" aria-describedby=\"caption-attachment-490306\" class=\"size-medium wp-image-490306\" src=\"https:\/\/diarioelpopular.com\/wp-content\/uploads\/2020\/04\/A7C4YC4YHJFO3KPZO6L2TJRSN4-300x200.jpg\" alt=\"\" width=\"300\" height=\"200\" \/><p id=\"caption-attachment-490306\" class=\"wp-caption-text\">Habitantes del barrio Los Jazmines en Lima, durante la cuarentena por el coronavirus.JUAN PONCE VALENZUELA \/ EFE<\/p><\/div>\n<p>&nbsp;<\/p>\n<h4 class=\"a_st font_secondary color_gray_dark \"><em>La regi\u00f3n se enfrenta a una ca\u00edda del 5,3% del PIB en 2020 en lo que es la peor crisis econ\u00f3mica de su historia, seg\u00fan la Cepal<\/em><\/h4>\n<p>&nbsp;<\/p>\n<p class=\"\">El coronavirus dejar\u00e1 el cuerpo de Latinoam\u00e9rica m\u00e1s flaco y falto de vitaminas de lo que ya estaba. El PIB de la regi\u00f3n caer\u00e1 un estimado del 5,3% en 2020 en lo que ser\u00e1 la peor crisis de su historia, seg\u00fan un an\u00e1lisis de la Comisi\u00f3n Econ\u00f3mica para Am\u00e9rica Latina y el Caribe (Cepal) sobre el impacto de la pandemia y publicado este martes. El frenazo amenaza con provocar, a su vez, un incremento del 4,4% en la tasa de pobreza y del 2,5% en la incidencia de la carest\u00eda extrema. En suma, <a href=\"https:\/\/elpais.com\/economia\/2020-04-03\/la-pandemia-amenaza-con-dejar-entre-14-y-22-millones-de-personas-mas-en-pobreza-extrema-en-america-latina.html\" target=\"_blank\" rel=\"noopener\" data-link-track-dtm=\"\">el agujero de la pobreza<\/a> se tragar\u00e1 a una poblaci\u00f3n de casi 29 millones de personas.<\/p>\n<p class=\"\">Para encontrar un choque comparable hay que remontarse a la Gran Recesi\u00f3n de los a\u00f1os treinta o incluso antes, a la d\u00e9cada de 1910. La tasa de desempleo pasar\u00e1 del 8,1% al 11,5%, lo que implica un aumento de casi 12 millones de desempleados, seg\u00fan el organismo de Naciones Unidas. Eso agravar\u00e1 unos \u00edndices de pobreza que ya hab\u00edan empeorado en los \u00faltimos a\u00f1os \u2013en 2019 hubo 5,4 millones de pobres m\u00e1s que en 2018\u2013. Sin embargo, el salto va a ser exponencial en 2020. De 186 millones de pobres en 2019 se pasar\u00e1 a 214,7 millones este a\u00f1o y, dentro de esta cifra, aquellos que viven en pobreza extrema ir\u00e1n de 67,5 millones a 83,4 millones.<\/p>\n<p class=\"\">La proyecci\u00f3n de una contracci\u00f3n del 5,3% del PIB es el puntapi\u00e9 definitivo para una regi\u00f3n que acaba de cerrar el lustro de menor crecimiento en m\u00e1s de medio siglo. \u201cDesde 2014, la regi\u00f3n ha crecido a promedios del 0,4%. El inicio de esta crisis nos va a generar una situaci\u00f3n muy delicada\u201d, ha alertado la secretaria ejecutiva de la Cepal, Alicia B\u00e1rcena, en conferencia de prensa desde Santiago de Chile. Venezuela encabeza la lista con una contracci\u00f3n del 18%. Las econom\u00edas de M\u00e9xico, cuyo estancamiento es ya marca de la casa, y Argentina, inmersa en negociaciones con sus acreedores para reestructurar la deuda, caer\u00e1n un 6,5% y la de Brasil, el mayor motor del subcontinente, un 5,2%. Las proyecciones no se alejan de las publicadas por el <a href=\"https:\/\/elpais.com\/economia\/2020-04-14\/la-economia-mexicana-retrocedera-un-66-en-2020-la-mayor-caida-de-los-grandes-paises-de-america-latina.html\" target=\"_blank\" rel=\"noopener\" data-link-track-dtm=\"\">Fondo Monetario Internacional (FMI)<\/a> la semana pasada.<\/p>\n<p class=\"\">Uno de los canales de transmisi\u00f3n de las turbulencias vendr\u00e1 del exterior, a trav\u00e9s del desplome del comercio internacional. El valor de las exportaciones latinoamericanas se reducir\u00e1 un 15% y el volumen del comercio se contraer\u00e1 un 6%. Se trata de una revisi\u00f3n a la baja de las estimaciones de este mismo organismo de hace un par de semanas, cuando calcul\u00f3 en un 10% la ca\u00edda del valor. El frenazo de China golpear\u00e1 de forma particular a aquellas econom\u00edas que le venden materias primas. Es el caso de Brasil, Per\u00fa, Chile y Uruguay, con m\u00e1s del 20% de sus exportaciones destinadas al gigante asi\u00e1tico.<\/p>\n<p class=\"\">M\u00e9xico, con un importante sector manufacturero atado al mercado norteamericano, tambi\u00e9n se ver\u00e1 arrastrado al ser un engranaje importante de cadenas globales de producci\u00f3n con un pie en China y otro en EE UU. Adem\u00e1s, <a href=\"https:\/\/elpais.com\/economia\/2020-03-23\/el-hundimiento-del-petroleo-empieza-a-hacer-mella-a-los-paises-exportadores.html\" target=\"_blank\" rel=\"noopener\" data-link-track-dtm=\"\">la baja cotizaci\u00f3n del petr\u00f3leo<\/a> tendr\u00e1 \u201cun impacto muy fuerte\u201d, seg\u00fan Alicia B\u00e1rcena, en las finanzas p\u00fablicas mexicanas y en las cuentas de Pemex, la muy endeudada petrolera estatal. La Cepal estima una ca\u00edda de casi el 20% en el valor de las exportaciones petroleras de la regi\u00f3n.<\/p>\n<p class=\"\">Centroam\u00e9rica tampoco se libra del frenazo mundial. <a href=\"https:\/\/elpais.com\/economia\/2020-04-15\/la-caida-de-las-remesas-coloca-en-numero-rojos-a-las-familias-de-migrantes-mexicanos.html\" target=\"_blank\" rel=\"noopener\" data-link-track-dtm=\"\">La disminuci\u00f3n de las remesas<\/a>, de entre un 10% y un 15% este a\u00f1o de acuerdo con el organismo de la ONU, abre una v\u00eda de agua importante. Un 20% del PIB de El Salvador y Honduras procede de los env\u00edos de dinero de migrantes en el exterior y en Guatemala y Nicaragua su peso supera el 10% de la econom\u00eda. Esto tendr\u00e1 una traducci\u00f3n directa en los niveles de pobreza, ya que entre un 80% y 90% de las remesas se usan para cubrir necesidades b\u00e1sicas.<\/p>\n<p class=\"\">Ante este panorama, la Cepal apunta a una serie de vulnerabilidades que limita la respuesta de la regi\u00f3n, entre ellas, la baja recaudaci\u00f3n tributaria (18% del PIB, frente a m\u00e1s del 30% en el caso de la OCDE) y un alto nivel de endeudamiento, que ha ido escalando desde la crisis econ\u00f3mica de la \u00faltima d\u00e9cada. De situarse en un 30% en 2008 ahora alcanza un 44% en promedio y eso tiene un impacto en el bolsillo de los Estados. La regi\u00f3n paga un promedio del 2,6% del PIB en intereses, m\u00e1s del 2,3% que invierte en salud. En pa\u00edses como Argentina o Brasil la deuda supera el 70%.<\/p>\n<p class=\"\">Varios pa\u00edses latinoamericanos han anunciado paquetes de reactivaci\u00f3n contundentes, con medidas que incluyen alivios tributarios y garant\u00edas de cr\u00e9dito. Sin embargo, el organismo considera que estos esfuerzos no son suficientes. \u201cNo alcanza con lo que est\u00e1n haciendo y van a requerir de m\u00e1s financiamiento\u201d, ha advertido Alicia B\u00e1rcena. La secretaria ejecutiva apunta a la necesidad de que las instituciones financieras internacionales, el FMI y el Banco Mundial, faciliten el acceso a cr\u00e9dito y abran la puerta al alivio o \u201ceventual condonaci\u00f3n\u201d de la deuda.<\/p>\n<p>&nbsp;<\/p>\n<p>&nbsp;<\/p>\n","protected":false},"excerpt":{"rendered":"<p>&nbsp; La regi\u00f3n se enfrenta a una ca\u00edda del 5,3% del PIB en 2020 en lo que es la peor crisis econ\u00f3mica de su historia,&hellip;<\/p>\n","protected":false},"author":99,"featured_media":0,"comment_status":"open","ping_status":"open","sticky":false,"template":"","format":"standard","meta":{"footnotes":""},"categories":[23],"tags":[],"class_list":["post-490303","post","type-post","status-publish","format-standard","hentry","category-latinoamerica"],"_links":{"self":[{"href":"https:\/\/diarioelpopular.com\/index.php\/wp-json\/wp\/v2\/posts\/490303","targetHints":{"allow":["GET"]}}],"collection":[{"href":"https:\/\/diarioelpopular.com\/index.php\/wp-json\/wp\/v2\/posts"}],"about":[{"href":"https:\/\/diarioelpopular.com\/index.php\/wp-json\/wp\/v2\/types\/post"}],"author":[{"embeddable":true,"href":"https:\/\/diarioelpopular.com\/index.php\/wp-json\/wp\/v2\/users\/99"}],"replies":[{"embeddable":true,"href":"https:\/\/diarioelpopular.com\/index.php\/wp-json\/wp\/v2\/comments?post=490303"}],"version-history":[{"count":1,"href":"https:\/\/diarioelpopular.com\/index.php\/wp-json\/wp\/v2\/posts\/490303\/revisions"}],"predecessor-version":[{"id":490307,"href":"https:\/\/diarioelpopular.com\/index.php\/wp-json\/wp\/v2\/posts\/490303\/revisions\/490307"}],"wp:attachment":[{"href":"https:\/\/diarioelpopular.com\/index.php\/wp-json\/wp\/v2\/media?parent=490303"}],"wp:term":[{"taxonomy":"category","embeddable":true,"href":"https:\/\/diarioelpopular.com\/index.php\/wp-json\/wp\/v2\/categories?post=490303"},{"taxonomy":"post_tag","embeddable":true,"href":"https:\/\/diarioelpopular.com\/index.php\/wp-json\/wp\/v2\/tags?post=490303"}],"curies":[{"name":"wp","href":"https:\/\/api.w.org\/{rel}","templated":true}]}}