{"id":490308,"date":"2020-04-21T23:31:19","date_gmt":"2020-04-22T03:31:19","guid":{"rendered":"https:\/\/diarioelpopular.com\/?p=490308"},"modified":"2020-04-21T23:31:40","modified_gmt":"2020-04-22T03:31:40","slug":"el-negocio-a-cualquier-precio-en-las-oficinas-del-grupo-salinas-en-plena-pandemia","status":"publish","type":"post","link":"https:\/\/diarioelpopular.com\/index.php\/2020\/04\/21\/el-negocio-a-cualquier-precio-en-las-oficinas-del-grupo-salinas-en-plena-pandemia\/","title":{"rendered":"El negocio a cualquier precio: en las oficinas del Grupo Salinas en plena pandemia"},"content":{"rendered":"<div id=\"article_header\" class=\"a_hg basic | \">\n<div id=\"attachment_490309\" style=\"width: 310px\" class=\"wp-caption alignnone\"><img loading=\"lazy\" decoding=\"async\" aria-describedby=\"caption-attachment-490309\" class=\"size-medium wp-image-490309\" src=\"https:\/\/diarioelpopular.com\/wp-content\/uploads\/2020\/04\/Screen-Shot-2020-04-21-at-11.30.03-PM-300x201.png\" alt=\"\" width=\"300\" height=\"201\" \/><p id=\"caption-attachment-490309\" class=\"wp-caption-text\">Una sucursal de Banco Azteca, en Ciudad de M\u00e9xico.MONICA GONZALEZ<\/p><\/div>\n<p>&nbsp;<\/p>\n<h4 class=\"a_st font_secondary color_gray_dark \"><em>Trabajadores del poderoso emporio empresarial mexicano acuden a sus oficinas por orden de su due\u00f1o pese al llamamiento de las autoridades a quedarse en casa<\/em><\/h4>\n<\/div>\n<div class=\"sb | width_full border_bottom border_5\">\n<div class=\"sb_w | border_bottom border_1 padding_bottom flex justify_space_between relative\">\n<div class=\"flex container_row social-icons right-links horizontal \"><\/div>\n<\/div>\n<\/div>\n<div>\n<p class=\"\">Un carrito con dulces y aperitivos se atasca en las puertas del ascensor, los dos empleados que lo manejan batallan con \u00e9l hasta que consiguen introducirlo. Dentro, seis personas m\u00e1s esperan la maniobra, hombro con hombro, cabeza agachada y manos en el celular. Ni guantes ni cubrebocas. Son las 12.30 en las oficinas de Total Play, la divisi\u00f3n de telefon\u00eda e Internet del <a href=\"https:\/\/elpais.com\/internacional\/2020-04-18\/ricardo-salinas-pliego-el-millonario-mexicano-que-niega-la-pandemia.html\" target=\"_blank\" rel=\"noopener\" data-link-track-dtm=\"\">imperio empresarial de Ricardo Salinas Pliego<\/a>. El segundo hombre m\u00e1s rico de M\u00e9xico ha decidido que su negocio no se detenga <a href=\"https:\/\/elpais.com\/noticias\/coronavirus\/\" target=\"_blank\" rel=\"noopener\" data-link-track-dtm=\"\">ni en mitad de la pandemia<\/a>. Sus 70.000 trabajadores acuden a sus puestos de trabajo como si fuera de ah\u00ed el mundo no estuviera en pausa. Seis de ellos cuentan an\u00f3nimamente c\u00f3mo se arriesgan cada d\u00eda a contagiar a su familia, al resto del pa\u00eds. Solo el miedo a quedarse sin trabajo en estos tiempos es lo que los empuja a ese elevador.<\/p>\n<section class=\"more_info | border_1 border_top pull_right\">\n<h3 class=\"uppercase color_black padding_top\">M\u00c1S INFORMACI\u00d3N<\/h3>\n<ul class=\"list_unstyled font_secondary\">\n<li class=\"info_item | border_1 border_bottom border_gray_ultra_light flex container_column\">\n<figure class=\"margin_bottom width_full height_full_mobile\"><img decoding=\"async\" class=\"block width_full height_full_mobile\" src=\"https:\/\/imagenes.elpais.com\/resizer\/PqQwhqSRPhzbW1z_FEjyAUYwpPU=\/600x450\/arc-anglerfish-eu-central-1-prod-prisa.s3.amazonaws.com\/public\/6JSRDY74ZVVBJTGDV4TZAORWNE.jpg\" alt=\"L\u00f3pez Obrador y Ricardo Salinas Pliego, en diciembre de 2018.\" \/><\/figure>\n<\/li>\n<li class=\"info_item | border_1 border_bottom border_gray_ultra_light flex container_column\">Un d\u00eda despu\u00e9s de que M\u00e9xico <a href=\"https:\/\/elpais.com\/sociedad\/2020-03-31\/mexico-declara-la-emergencia-sanitaria-y-la-suspension-de-actividades-hasta-el-30-de-abril.html\" target=\"_blank\" rel=\"noopener\" data-link-track-dtm=\"\">decretara la emergencia sanitaria<\/a> a finales de marzo e hiciera un llamamiento masivo a la poblaci\u00f3n y a todos los sectores productivos a quedarse en casa, los trabajadores del Grupo Salinas recibieron un mensaje que sonaba a advertencia en su bandeja de entrada: \u201cM\u00e9xico nos necesita\u201d, se le\u00eda en el comunicado <a href=\"https:\/\/elpais.com\/internacional\/2020-04-18\/ricardo-salinas-pliego-el-millonario-mexicano-que-niega-la-pandemia.html\" target=\"_blank\" rel=\"noopener\" data-link-track-dtm=\"\">firmado por el presidente de la compa\u00f1\u00eda<\/a>. Un mensaje con trampa que fing\u00eda animar a sus empleados a trabajar con normalidad, pese a que el resto del pa\u00eds comenzaba a prepararse para el teletrabajo. Aquel d\u00eda M\u00e9xico avanz\u00f3 en la paralizaci\u00f3n de la econom\u00eda, pese a que no hab\u00eda sanciones para quienes incumpl\u00edan el llamamiento, muchas empresas acataron la petici\u00f3n del Ejecutivo.<\/li>\n<\/ul>\n<\/section>\n<p class=\"\">Este martes, el Gobierno <a href=\"https:\/\/elpais.com\/america\/sociedad\/2020-04-21\/coronavirus-en-america-ultimas-noticias-de-la-covid-19-en-vivo.html\" target=\"_blank\" rel=\"noopener\" data-link-track-dtm=\"\">ha anunciado que el pa\u00eds entra en la fase m\u00e1s cr\u00edtica<\/a> de la pandemia, sin embargo, ninguna autoridad ha aclarado qu\u00e9 implicaciones tendr\u00e1 en la vida cotidiana de los habitantes y las empresas. De momento, no hay multas contra los que se salten la orden de quedarse en casa. L\u00f3pez Obrador solo ha advertido de que expondr\u00e1 p\u00fablicamente a las compa\u00f1\u00edas que no acaten el aislamiento. Nada m\u00e1s.<\/p>\n<p class=\"\">El conglomerado empresarial de negocios financieros, comerciales y de comunicaci\u00f3n, de servicios de seguridad y energ\u00eda se escudaba en que sus actividades hab\u00edan sido catalogadas de \u201cesenciales\u201d por las autoridades. Pero adem\u00e1s de quienes atienden en <a href=\"https:\/\/elpais.com\/economia\/2015\/01\/22\/actualidad\/1421926831_204182.html\" target=\"_blank\" rel=\"noopener\" data-link-track-dtm=\"\">las tiendas de Elektra (de electrodom\u00e9sticos y cr\u00e9ditos r\u00e1pidos)<\/a> o en las sucursales del Banco Azteca (una opci\u00f3n bancaria para millones de pobres en M\u00e9xico), hay miles que realizan trabajos corporativos que no requieren su presencia en la oficina. Pese a ello, la norma se aplicaba a todos por igual.<\/p>\n<p class=\"\">En las oficinas de Total Play de Ciudad de M\u00e9xico, la cantidad de personal que convive cada d\u00eda roza las 1.800 personas. En la cuarta planta, un grupo de unos 10 est\u00e1n reunidos alrededor de una pantalla de televisi\u00f3n, ninguno lleva mascarilla y est\u00e1n pegados. A un lado, decenas de trabajadores se amontonan en mesas ovaladas sin distancia de seguridad, tambi\u00e9n sin cubrebocas ni guantes. En varios puntos, dos empleados est\u00e1n viendo algo en el ordenador de un compa\u00f1ero recarg\u00e1ndose pr\u00e1cticamente encima de \u00e9l. La \u00fanica medida de seguridad visible contra la pandemia es un bote de gel antibacterial en el ascensor. El ambiente en estos pisos es el habitual de hace tres meses en el resto del mundo. Inimaginable para muchos estos d\u00edas.<\/p>\n<p class=\"\">En la planta baja, el comedor se prepara para recibir a cientos de empleados que en media hora llenar\u00e1n sus mesas. Un grupo de cuatro personas est\u00e1 ya comiendo filetes de carne con arroz y un refresco. Uno de ellos lleva una mascarilla a la altura de la barbilla. A unos metros de ah\u00ed, un par de compa\u00f1eros salen con bolsas de patatas de un OXXO \u2014cadena de alimentaci\u00f3n 24 horas\u2014 privado para el edificio.<\/p>\n<p class=\"\">Un trabajador del corporativo <a href=\"https:\/\/elpais.com\/economia\/2016\/11\/03\/actualidad\/1478195718_693464.html\" target=\"_blank\" rel=\"noopener\" data-link-track-dtm=\"\">de Banco Azteca<\/a>, a unos kil\u00f3metros de ah\u00ed, donde trabajan unas 3.500 personas, llama desde un n\u00famero que no es el suyo. No dice su nombre, ni su puesto, aunque se ha podido comprobar que forma parte de la compa\u00f1\u00eda. Tiene miedo a cualquier represalia del Grupo. Otro compa\u00f1ero con un puesto de responsabilidad, con quien ha hablado la prensa, denuncia que fue despedido recientemente por publicar en redes sociales que lo que hac\u00edan en la empresa era \u201cinaceptable e inhumano. \u201cEst\u00e1n m\u00e1s preocupados por el tema de no perder el negocio que de la salud de sus trabajadores. \u00bfDe qu\u00e9 sirve que mis hijos no vayan a la escuela si yo soy un riesgo para ellos?\u201d, se\u00f1ala el empleado desde el otro lado del tel\u00e9fono.<\/p>\n<p class=\"\">El ambiente, describen los seis consultados, es muy tenso. Ni siquiera muchos directores de \u00e1rea est\u00e1n de acuerdo con esta medida. E incluso algunos de ellos le propusieron a su equipo saltarse la orden y que la mitad hiciera <i>home office <\/i>cuando <a href=\"https:\/\/elpais.com\/sociedad\/2020-03-31\/mexico-declara-la-emergencia-sanitaria-y-la-suspension-de-actividades-hasta-el-30-de-abril.html\" target=\"_blank\" rel=\"noopener\" data-link-track-dtm=\"\">se decret\u00f3 la emergencia sanitaria<\/a>. \u201c\u00bfY sabe lo que pas\u00f3? Que vinieron los de Recursos Humanos y nos dijeron que eso ser\u00edan faltas injustificadas y que habr\u00eda consecuencias. Es absurdo, le digo que todo lo que hacemos aqu\u00ed lo podr\u00edamos hacer desde casa\u201d, insiste otro empleado del corporativo de Banco Azteca. \u201cMi jefe literalmente nos hizo una invitaci\u00f3n a que si no estamos a gusto, renunciemos. \u201cNi siquiera se quejen\u201d, nos dijo\u201d, cuenta una compa\u00f1era de Elektra.<\/p>\n<p class=\"\">\u201cNo entendemos por qu\u00e9 nos hacen venir si las autoridades <a href=\"https:\/\/elpais.com\/sociedad\/2020-03-31\/mexico-declara-la-emergencia-sanitaria-y-la-suspension-de-actividades-hasta-el-30-de-abril.html\" target=\"_blank\" rel=\"noopener\" data-link-track-dtm=\"\">est\u00e1n ordenando lo contrario<\/a>. Sabemos que otras bancas est\u00e1n trabajando desde casa\u201d, explica el empleado de Banco Azteca. Y a\u00f1ade: \u201cYo me lavo las manos, intento comer fuera, no saludar de mano, mantener la distancia\u2026 Pero a pesar de todo eso, tengo que tomar el metro cada d\u00eda, con 50 o 60 personas en cada vag\u00f3n y en la oficina, a mi alrededor hay m\u00ednimo 30 personas en un espacio reducido y el inmobiliario tiene alfombra. No soy experto, pero s\u00e9 que es un material que no se limpia tan f\u00e1cil\u201d.<\/p>\n<p class=\"\">La \u00fanica justificaci\u00f3n para faltar al trabajo es que el empleado haya dado positivo por la covid-19, seg\u00fan lo que les han comunicado a estos trabajadores desde Recursos Humanos. Para que en M\u00e9xico se realice una prueba en un centro p\u00fablico de salud, seg\u00fan las normas de las autoridades sanitarias, <a href=\"https:\/\/elpais.com\/sociedad\/2020-04-04\/los-agujeros-negros-del-discurso-oficial-mexicano-frente-a-la-pandemia.html\" target=\"_blank\" rel=\"noopener\" data-link-track-dtm=\"\">se requiere la presentaci\u00f3n de s\u00edntomas<\/a>. Algo que han desmentido desde la comunidad cient\u00edfica, pues al menos la mitad de los contagios en el mundo se ha producido desde personas asintom\u00e1ticas. Un compa\u00f1ero del Grupo sigue yendo a trabajar pese a que su pareja, con la que vive, ha dado positivo. Como \u00e9l no tiene s\u00edntomas, no le han realizado la prueba, y no puede faltar. Un riesgo para miles de compa\u00f1eros m\u00e1s.<\/p>\n<p class=\"\">A las nueve de la ma\u00f1ana, en las puertas de las torres de Banco Azteca y Elektra al sur de la capital, una decena de puestos ambulantes de comida hace el agosto estos d\u00edas. Con todos los restaurantes cerrados a su alrededor, son la \u00fanica alternativa para los 3.500 empleados de estas oficinas. Tortas de salchicha, milanesa de pollo, jam\u00f3n y queso, jugos de naranja y chocolates. Solo en media hora, han ingresado al corporativo 150 personas y el goteo de empleados, algunos con cubrebocas y la mayor\u00eda sin ellos, contin\u00faa hasta el medio d\u00eda.<\/p>\n<p class=\"\">Todo el aparato empresarial del Grupo Salinas parece obstinado en contribuir a que en M\u00e9xico no se detenga nada, amparado en la ausencia de restricciones m\u00e1s duras por parte del Gobierno. Desde la cadena de televisi\u00f3n del Grupo, Tv Azteca \u2014con una audiencia de 92 millones de espectadores al mes, <a href=\"https:\/\/www.gruposalinas.com\/documents\/es\/GS4T18v2019.pdf\" target=\"_blank\" rel=\"noopener\" data-link-track-dtm=\"\">seg\u00fan sus propias cuentas<\/a>\u2014 el presentador de noticias Javier Alatorre inst\u00f3 en <i>prime time<\/i> el viernes a no seguir a las recomendaciones del Gobierno. \u201cYa no le hagan caso a L\u00f3pez-Gatell. Sus cifras se volvieron irrelevantes\u201d, se\u00f1al\u00f3 en el noticiero sobre las ruedas de prensa del subsecretario de Salud, que ejerce de portavoz del Gobierno ante el coronavirus. Tras la pol\u00e9mica por las declaraciones, y sin desdecirse de ellas, este lunes Alatorre entrevist\u00f3 para su programa de la noche a L\u00f3pez-Gatell, en un cuando menos sorprendentente cambio de tono, que no proporcion\u00f3 ninguna explicaci\u00f3n ni del presentador ni de la cadena.<\/p>\n<p class=\"\">Los v\u00eddeos de los comedores repletos de trabajadores \u2014alrededor de 800 personas desde la una de la tarde a las tres\u2014 y los rumores en los grupos de Whatsapp de la empresa sobre posibles compa\u00f1eros contagiados o fallecidos, alimentan el temor de quienes cada d\u00eda no tienen otra opci\u00f3n que acudir a su puesto de trabajo. Los seis empleados con los que ha hablado la prensa est\u00e1n actualizando su curr\u00edculum y buscando empleo en otra parte. \u201cSinceramente, me encantar\u00eda encontrar trabajo en otro sitio. Lo que nos est\u00e1n haciendo aqu\u00ed es inhumano. Sientes que no le importas a la empresa, que solo eres un n\u00famero m\u00e1s. Que su visi\u00f3n es solo monetaria\u201d, cuenta la trabajadora de Elektra.<\/p>\n<p class=\"\">En la cabeza de los empleados revolotea una premisa, que comprendieron desde que llegaron a trabajar y les hicieron firmar contratos con empresas temporales cotizando lo m\u00ednimo, y que ahora recobra todav\u00eda m\u00e1s sentido: \u201cEsta empresa no se construy\u00f3 siendo amable y cuidando a los trabajadores. Esto se construy\u00f3 as\u00ed y por eso estamos en uno de los negocios con m\u00e1s rentabilidad del pa\u00eds\u201d, cuenta una de las empleadas del corporativo de Elektra.<\/p>\n<p class=\"\">Mientras la econom\u00eda mexicana se despe\u00f1a \u2014el FMI proyecta una ca\u00edda de hasta el 6,6% del PIB\u2014, <a href=\"https:\/\/elpais.com\/internacional\/2020-04-18\/ricardo-salinas-pliego-el-millonario-mexicano-que-niega-la-pandemia.html\" target=\"_blank\" rel=\"noopener\" data-link-track-dtm=\"\">Salinas Pliego acumula concesiones<\/a> tanto del Gobierno Federal como del Ejecutivo de Ciudad de M\u00e9xico, ambos en manos del partido Movimiento de Regeneraci\u00f3n Nacional (Morena), que aup\u00f3 a la presidencia a L\u00f3pez Obrador. Las m\u00e1s recientes han sido de su compa\u00f1\u00eda de seguros, que gan\u00f3 la licitaci\u00f3n para cubrir los accidentes de los polic\u00edas y funcionarios de la capital \u2014casi tres millones de d\u00f3lares\u2014 y para cubrir \u201ctodos los bienes muebles e inmuebles\u201d de la secretar\u00eda de Educaci\u00f3n por m\u00e1s de 42 millones de d\u00f3lares.<\/p>\n<p class=\"\">Este empresario, miembro de una poderosa saga familiar de Monterrey (el coraz\u00f3n industrial del pa\u00eds), cercano a L\u00f3pez Obrador, <a href=\"https:\/\/elpais.com\/internacional\/2020-04-18\/ricardo-salinas-pliego-el-millonario-mexicano-que-niega-la-pandemia.html\" target=\"_blank\" rel=\"noopener\" data-link-track-dtm=\"\">que celebr\u00f3 con \u00e9l su victoria en julio de 2018<\/a> y forma parte de su consejo empresarial, parece decidido a seguir fortaleciendo su imperio a cualquier precio.<\/p>\n<\/div>\n","protected":false},"excerpt":{"rendered":"<p>&nbsp; Trabajadores del poderoso emporio empresarial mexicano acuden a sus oficinas por orden de su due\u00f1o pese al llamamiento de las autoridades a quedarse en&hellip;<\/p>\n","protected":false},"author":99,"featured_media":0,"comment_status":"open","ping_status":"open","sticky":false,"template":"","format":"standard","meta":{"footnotes":""},"categories":[23],"tags":[],"class_list":["post-490308","post","type-post","status-publish","format-standard","hentry","category-latinoamerica"],"_links":{"self":[{"href":"https:\/\/diarioelpopular.com\/index.php\/wp-json\/wp\/v2\/posts\/490308","targetHints":{"allow":["GET"]}}],"collection":[{"href":"https:\/\/diarioelpopular.com\/index.php\/wp-json\/wp\/v2\/posts"}],"about":[{"href":"https:\/\/diarioelpopular.com\/index.php\/wp-json\/wp\/v2\/types\/post"}],"author":[{"embeddable":true,"href":"https:\/\/diarioelpopular.com\/index.php\/wp-json\/wp\/v2\/users\/99"}],"replies":[{"embeddable":true,"href":"https:\/\/diarioelpopular.com\/index.php\/wp-json\/wp\/v2\/comments?post=490308"}],"version-history":[{"count":2,"href":"https:\/\/diarioelpopular.com\/index.php\/wp-json\/wp\/v2\/posts\/490308\/revisions"}],"predecessor-version":[{"id":490311,"href":"https:\/\/diarioelpopular.com\/index.php\/wp-json\/wp\/v2\/posts\/490308\/revisions\/490311"}],"wp:attachment":[{"href":"https:\/\/diarioelpopular.com\/index.php\/wp-json\/wp\/v2\/media?parent=490308"}],"wp:term":[{"taxonomy":"category","embeddable":true,"href":"https:\/\/diarioelpopular.com\/index.php\/wp-json\/wp\/v2\/categories?post=490308"},{"taxonomy":"post_tag","embeddable":true,"href":"https:\/\/diarioelpopular.com\/index.php\/wp-json\/wp\/v2\/tags?post=490308"}],"curies":[{"name":"wp","href":"https:\/\/api.w.org\/{rel}","templated":true}]}}