{"id":490320,"date":"2020-04-22T12:16:31","date_gmt":"2020-04-22T16:16:31","guid":{"rendered":"https:\/\/diarioelpopular.com\/?p=490320"},"modified":"2020-04-22T12:16:31","modified_gmt":"2020-04-22T16:16:31","slug":"ivan-duque-multiplica-sus-apariciones-y-levanta-su-imagen-en-medio-de-la-pandemia","status":"publish","type":"post","link":"https:\/\/diarioelpopular.com\/index.php\/2020\/04\/22\/ivan-duque-multiplica-sus-apariciones-y-levanta-su-imagen-en-medio-de-la-pandemia\/","title":{"rendered":"Iv\u00e1n Duque multiplica sus apariciones y levanta su imagen en medio de la pandemia"},"content":{"rendered":"<div id=\"attachment_490321\" style=\"width: 310px\" class=\"wp-caption alignnone\"><img loading=\"lazy\" decoding=\"async\" aria-describedby=\"caption-attachment-490321\" class=\"size-medium wp-image-490321\" src=\"https:\/\/diarioelpopular.com\/wp-content\/uploads\/2020\/04\/SSUTKKCKLNCALCLKUC3BFDON6E-300x200.jpg\" alt=\"\" width=\"300\" height=\"200\" \/><p id=\"caption-attachment-490321\" class=\"wp-caption-text\">El presidente Iv\u00e1n Duque durante uno de sus programas diarios.PRESIDENCIA DE COLOMBIA \/ HANDOU \/ EFE<\/p><\/div>\n<h4 class=\"a_st font_secondary color_gray_dark \"><em>El presidente de Colombia se vuelca a un programa diario para gestionar la emergencia y superar una crisis de popularidad<\/em><\/h4>\n<p>&nbsp;<\/p>\n<p class=\"\">El presidente <a href=\"https:\/\/elpais.com\/noticias\/ivan-duque-marquez\/\" target=\"_blank\" rel=\"noopener\" data-link-track-dtm=\"\">Iv\u00e1n Duque<\/a> llega al final de cada jornada a los hogares de los colombianos, confinados en una cuarentena nacional que se extender\u00e1 por lo menos hasta el pr\u00f3ximo 11 de mayo. Al menos as\u00ed lo escenifica su programa diario \u201cprevenci\u00f3n y acci\u00f3n\u201d, un especial televisivo de una hora que se emite sin falta a las 18.00 por las diversas plataformas de la Presidencia. All\u00ed lee estad\u00edsticas sobre el coronavirus, hace anuncios o contesta preguntas, pero tambi\u00e9n le da la palabra a expertos, dirigentes gremiales o miembros de su Gabinete. Ning\u00fan invitado es improvisado, ni son siempre los mismos. Su acompa\u00f1ante m\u00e1s asiduo es el ministro de Salud, Fernando Ruiz. Algunas veces, el mandatario viste una chaqueta marcada con su nombre; otras, blazer y camisa; pero siempre junto a una peque\u00f1a bandera y un frasco de desinfectante sobre la mesa.<\/p>\n<p class=\"\">\u201cEl concepto general con el que estamos trabajando es el aislamiento preventivo\u201d, reiteraba en la emisi\u00f3n de este lunes, mientras miraba fijamente a la c\u00e1mara, al anunciar la prolongaci\u00f3n de un confinamiento que ya est\u00e1 a punto de cumplir un mes. Como parte de la esperada \u201creactivaci\u00f3n de la vida productiva\u201d, a partir del pr\u00f3ximo lunes los sectores de la construcci\u00f3n y la industria manufacturera se sumar\u00e1n a los servicios esenciales y comenzar\u00e1n a salir a las calles bajo ciertos protocolos. Con m\u00e1s de 4.000 casos detectados y 196 muertes relacionadas con la covid-19, el presidente asegur\u00f3 que el pa\u00eds ha conseguido ralentizar la propagaci\u00f3n, como detall\u00f3 m\u00e1s adelante Martha Ospina, directora del Instituto Nacional de Salud (INS), otra de sus invitadas. Sin embargo, apuntill\u00f3 el mandatario, \u201cno se puede cantar victoria\u201d.<\/p>\n<p class=\"\">Duque, haciendo eco de la canciller alemana \u00c1ngela Merkel, ha calificado la crisis del coronavirus como \u201cla situaci\u00f3n m\u00e1s desafiante que ha tenido el planeta desde la Segunda Guerra Mundial\u201d. Su respuesta ha estado caracterizada por una elevad\u00edsima exposici\u00f3n medi\u00e1tica que incluye largas entrevistas con varios medios todos los d\u00edas. <a href=\"https:\/\/elpais.com\/internacional\/2020-03-24\/la-gestion-de-la-crisis-en-colombia-enfrenta-a-los-liderazgos-de-ivan-duque-y-claudia-lopez.html\" target=\"_blank\" rel=\"noopener\" data-link-track-dtm=\"\">Tambi\u00e9n por un pulso de liderazgos con la alcaldesa de Bogot\u00e1, Claudia L\u00f3pez<\/a>. De momento, parece estar rindiendo frutos. De alguna manera, sigue un manual establecido. La comunicaci\u00f3n de riesgos en salud recomienda un portavoz permanente, en horarios definidos, que exhiba control de la situaci\u00f3n. Pero no en todos los pa\u00edses ese portavoz es el propio presidente. Con la cuarentena, la gente se refugi\u00f3 en sus hogares y volvi\u00f3 a consumir televisi\u00f3n. \u201cPrevenci\u00f3n y acci\u00f3n\u201d le ha permitido a Duque contextualizar qu\u00e9 est\u00e1 pasando y copar con su mensaje el <i>prime time<\/i>, que en Colombia empieza a las 19.00.<\/p>\n<p class=\"\">\u201cSu estrategia de comunicaci\u00f3n es acertada, pero en un principio ha sido tard\u00eda y ahora se vuelve un poco repetitiva y mon\u00f3tona\u201d, valora Eug\u00e9nie Richard, docente e investigadora de la Universidad Externado de Colombia. En un primer momento, los mandatarios locales le tomaron la delantera, como mostraba una encuesta de Cifras y Conceptos a comienzos de abril en la que aparec\u00eda detr\u00e1s de alcaldes y gobernadores. \u201cEl escenario de crisis ha sido muy propicio para Duque para construir una narrativa de Gobierno, algo que no ten\u00eda y que realmente le hac\u00eda falta&#8221;, se\u00f1ala esta experta en comunicaci\u00f3n y <i>marketing<\/i> pol\u00edtico. &#8220;Con el coronavirus tuvo la oportunidad de revelarse como l\u00edder y encontr\u00f3 una causa para su presidencia\u201d.<\/p>\n<p class=\"\">El mandatario result\u00f3 elegido hace menos de dos a\u00f1os con una in\u00e9dita cifra de m\u00e1s de diez millones de votos, bajo la alargada sombra del expresidente y senador \u00c1lvaro Uribe, su mentor pol\u00edtico. Desde entonces, ha transitado una pronunciada crisis de popularidad. El Centro Democr\u00e1tico, el partido de Gobierno, ha avivado en numerosas ocasiones la polarizaci\u00f3n que impera desde la negociaci\u00f3n del acuerdo de paz, aunque el presidente se retrate como un moderado. Hab\u00eda cierto consenso en que su mandato carec\u00eda de rumbo definido. <a href=\"https:\/\/elpais.com\/internacional\/2020-03-20\/la-pandemia-trastoca-la-agenda-politica-y-eclipsa-los-escandalos-en-colombia.html\" target=\"_blank\" rel=\"noopener\" data-link-track-dtm=\"\">Pero el coronavirus trastoc\u00f3 la agenda pol\u00edtica<\/a>. En medio de la crisis sanitaria, ya no luce asediado por las encuestas ni las protestas en unas calles que ahora se encuentran vac\u00edas por el confinamiento. El estruendo de los cacerolazos de finales del a\u00f1o pasado se ha acallado. Por momentos incluso ha dado paso a t\u00edmidos aplausos para homenajear a m\u00e9dicos y personal sanitario.<\/p>\n<p class=\"\">Desde que Colombia detect\u00f3 su primer caso de la covid-19, <a href=\"https:\/\/elpais.com\/sociedad\/2020-03-06\/colombia-y-peru-registran-su-primer-caso-de-coronavirus.html\" target=\"_blank\" rel=\"noopener\" data-link-track-dtm=\"\">el pasado 6 de marzo<\/a>, Duque ha declarado un estado de emergencia \u2013inicialmente sanitaria, despu\u00e9s social y econ\u00f3mica\u2013 que le ha permitido precipitar una cascada de medidas de todo tipo, con \u00e9nfasis en el aislamiento y el distanciamiento social. Comenz\u00f3 por la cuarentena obligatoria de los viajeros que llegaban de pa\u00edses que hab\u00edan sido foco de contagio, y muy pronto, de la mano de las directrices de la Organizaci\u00f3n Mundial de la Salud, prohibi\u00f3 las aglomeraciones de personas. Sigui\u00f3 con el <a href=\"https:\/\/elpais.com\/internacional\/2020-03-16\/sudamerica-cierra-sus-fronteras-por-el-coronavirus.html\" target=\"_blank\" rel=\"noopener\" data-link-track-dtm=\"\">cierre de sus fronteras<\/a> \u2013que termin\u00f3 por incluir la frontera a\u00e9rea\u2013, la suspensi\u00f3n de clases presenciales en colegios y universidades y <a href=\"https:\/\/elpais.com\/sociedad\/2020-03-18\/colombia-decreta-el-aislamiento-obligatorio-de-los-mayores-de-70-anos.html\" target=\"_blank\" rel=\"noopener\" data-link-track-dtm=\"\">el aislamiento de los mayores de 70 a\u00f1os<\/a>. Esas decisiones estuvieron acompa\u00f1adas por alivios y cr\u00e9ditos para los sectores m\u00e1s golpeados, mayores recursos para el sistema de salud y <a href=\"https:\/\/elpais.com\/internacional\/2020-03-26\/colombia-se-moviliza-para-que-los-mas-vulnerables-puedan-cumplir-la-cuarentena.html\" target=\"_blank\" rel=\"noopener\" data-link-track-dtm=\"\">m\u00e1s giros para los beneficiarios de los programas gubernamentales de transferencia de recursos<\/a>.<\/p>\n<p class=\"\">Cuando todav\u00eda no se hab\u00eda reportado ning\u00fan fallecimiento, <a href=\"https:\/\/elpais.com\/sociedad\/2020-03-21\/colombia-se-declara-en-cuarentena-hasta-el-13-de-abril-para-frenar-el-coronavirus.html\" target=\"_blank\" rel=\"noopener\" data-link-track-dtm=\"\">dio el paso m\u00e1s dr\u00e1stico<\/a>. El mandatario decret\u00f3 desde el 24 de marzo una cuarentena nacional, <a href=\"https:\/\/elpais.com\/sociedad\/2020-03-22\/bogota-se-encierra-en-un-ensayo-de-la-inminente-cuarentena-total-de-colombia.html\" target=\"_blank\" rel=\"noopener\" data-link-track-dtm=\"\">precedida en cinco d\u00edas por el simulacro que ya hab\u00eda impulsado la alcaldesa de Bogot\u00e1<\/a> y que termin\u00f3 convertido en un valioso ensayo del encierro. \u201cSi frenamos la propagaci\u00f3n de este virus, estamos salvando muchas familias\u201d, declar\u00f3 Duque en una solemne alocuci\u00f3n televisada en la que lo acompa\u00f1aba su vicepresidenta, Marta Luc\u00eda Ram\u00edrez, el ministro de Salud y un grupo de epidemi\u00f3logos, m\u00e9dicos y cient\u00edficos, representantes de asociaciones que hab\u00edan presionado por esa medida.<\/p>\n<p class=\"\">A partir de ese momento, retom\u00f3 la iniciativa, valora el analista pol\u00edtico Pedro Viveros. \u201cLos colombianos, el mundo, sus detractores, est\u00e1n conociendo a Iv\u00e1n Duque sin Uribe\u201d, apunta. \u201cEse es el Iv\u00e1n Duque real. Un se\u00f1or que da la sensaci\u00f3n de que de verdad est\u00e1 batallando para que no se mueran colombianos. Y lo est\u00e1 haciendo de forma cient\u00edfica y ponderada, sin ser un presidente estramb\u00f3tico, ni responder cr\u00edticas, ni estar peleando\u201d. Advierte, sin embargo, que muchos coletazos de la crisis est\u00e1n por dejarse sentir, entre ellos los econ\u00f3micos, y m\u00e1s adelante pueden pasarle factura.<\/p>\n<p class=\"\">La erosionada imagen del presidente, que ha aparecido sostenidamente en n\u00fameros rojos, ha encontrado ox\u00edgeno en la gesti\u00f3n de la pandemia. Un estudio de la firma Guarumo le concedi\u00f3 esta semana una inesperada favorabilidad de 62% \u2013aunque por debajo del 78% de Claudia L\u00f3pez, que en cualquier caso acusa menos desgaste desde su toma de posesi\u00f3n en enero\u2013. Aparecer rodeado de cient\u00edficos, y emancipado de los pol\u00edticos, se antoja como uno de sus principales aciertos.<\/p>\n","protected":false},"excerpt":{"rendered":"<p>El presidente de Colombia se vuelca a un programa diario para gestionar la emergencia y superar una crisis de popularidad &nbsp; El presidente Iv\u00e1n Duque&hellip;<\/p>\n","protected":false},"author":99,"featured_media":0,"comment_status":"open","ping_status":"open","sticky":false,"template":"","format":"standard","meta":{"footnotes":""},"categories":[23],"tags":[],"class_list":["post-490320","post","type-post","status-publish","format-standard","hentry","category-latinoamerica"],"_links":{"self":[{"href":"https:\/\/diarioelpopular.com\/index.php\/wp-json\/wp\/v2\/posts\/490320","targetHints":{"allow":["GET"]}}],"collection":[{"href":"https:\/\/diarioelpopular.com\/index.php\/wp-json\/wp\/v2\/posts"}],"about":[{"href":"https:\/\/diarioelpopular.com\/index.php\/wp-json\/wp\/v2\/types\/post"}],"author":[{"embeddable":true,"href":"https:\/\/diarioelpopular.com\/index.php\/wp-json\/wp\/v2\/users\/99"}],"replies":[{"embeddable":true,"href":"https:\/\/diarioelpopular.com\/index.php\/wp-json\/wp\/v2\/comments?post=490320"}],"version-history":[{"count":1,"href":"https:\/\/diarioelpopular.com\/index.php\/wp-json\/wp\/v2\/posts\/490320\/revisions"}],"predecessor-version":[{"id":490322,"href":"https:\/\/diarioelpopular.com\/index.php\/wp-json\/wp\/v2\/posts\/490320\/revisions\/490322"}],"wp:attachment":[{"href":"https:\/\/diarioelpopular.com\/index.php\/wp-json\/wp\/v2\/media?parent=490320"}],"wp:term":[{"taxonomy":"category","embeddable":true,"href":"https:\/\/diarioelpopular.com\/index.php\/wp-json\/wp\/v2\/categories?post=490320"},{"taxonomy":"post_tag","embeddable":true,"href":"https:\/\/diarioelpopular.com\/index.php\/wp-json\/wp\/v2\/tags?post=490320"}],"curies":[{"name":"wp","href":"https:\/\/api.w.org\/{rel}","templated":true}]}}