{"id":490335,"date":"2020-04-22T12:33:16","date_gmt":"2020-04-22T16:33:16","guid":{"rendered":"https:\/\/diarioelpopular.com\/?p=490335"},"modified":"2020-04-22T12:33:16","modified_gmt":"2020-04-22T16:33:16","slug":"mas-de-300-mexicanos-muertos-en-eeuu","status":"publish","type":"post","link":"https:\/\/diarioelpopular.com\/index.php\/2020\/04\/22\/mas-de-300-mexicanos-muertos-en-eeuu\/","title":{"rendered":"M\u00e1s de 300 mexicanos muertos en EEUU"},"content":{"rendered":"<div id=\"attachment_490336\" style=\"width: 486px\" class=\"wp-caption alignnone\"><img loading=\"lazy\" decoding=\"async\" aria-describedby=\"caption-attachment-490336\" class=\"size-custom-full-size wp-image-490336\" src=\"https:\/\/diarioelpopular.com\/wp-content\/uploads\/2020\/04\/bf20eaefad1bcf6b922a0f51d27d391b.jpg\" alt=\"\" width=\"476\" height=\"307\" \/><p id=\"caption-attachment-490336\" class=\"wp-caption-text\">M\u00e1s de 300 mexicanos muertos en EEUU.<br \/>(foto: EPA)<\/p><\/div>\n<p>&nbsp;<\/p>\n<h4><em>Canciller reporta que mayor\u00eda de v\u00edctimas son nativos de Puebla<\/em><\/h4>\n<p>&nbsp;<\/p>\n<p><strong><em>CIUDAD DE MEXICO, 22 ABR &#8211;<\/em> <\/strong>M\u00e1s de 300 mexicanos que viv\u00edan en Estados Unidos han perdido la vida por la pandemia de coronavirus, la mayor\u00eda originarios del estado de Puebla, ubicado al oriente de la capital, seg\u00fan cifras oficiales.<br \/>\nLa comunidad m\u00e1s grande de poblanos en ese pa\u00eds son indocumentados, pobres y residentes del barrio de Queens, conocido por ello como &#8220;Pueblayork&#8221;.<br \/>\nEl canciller mexicano Marcelo Ebrard inform\u00f3 que 120 de los mexicanos muertos por la pandemia que se ha ensa\u00f1ado con Estados Unidos, el pa\u00eds con m\u00e1s contagios y fallecidos en el mundo, nacieron en Puebla.<br \/>\n&#8220;El consulado est\u00e1 trabajando m\u00e1s para facilitar los traslados y los recursos de esas 120 familias que nos han pedido apoyo&#8221;, se\u00f1al\u00f3 en referencia a los mexicanos que perecieron en la &#8220;urbe de hierro&#8221;.<br \/>\nEbrard dijo que instrucci\u00f3n del presidente Andr\u00e9s L\u00f3pez Obrador se ampliaron los recursos destinados a la repatriaci\u00f3n de los restos de los fallecidos en el exterior de 75 millones de pesos a 325 millones de pesos (3,5 a 15 millones de d\u00f3lares). &#8220;Esto significa que vamos a poder apoyar aproximadamente a 5.500 familias&#8221;, indic\u00f3.<br \/>\nLuego de que el presidente de Estados Unidos, Donald Trump decidi\u00f3 suspender temporalmente la migraci\u00f3n a ese pa\u00eds por la pandemia de Covid-19, el jefe de la diplomacia mexicana dijo que todav\u00eda no conocemos cu\u00e1l es su traducci\u00f3n legal. El funcionario expuso que el cierre de fronteras y la suspensi\u00f3n de la migraci\u00f3n &#8220;son dos cuestiones distintas&#8221;.<br \/>\nEbrard afirm\u00f3 que el gobierno de Estados Unidos est\u00e1 aplicando una ley que les permite, cuando hay una emergencia sanitaria, regresar de manera expedita a una persona detenida en territorio norteamericano cuando ingresa de &#8220;una manera irregular o indocumentada&#8221;.<br \/>\nNo obstante, indic\u00f3 que este mes tendremos el n\u00famero de personas al que le aplican ese proceso m\u00e1s bajo en todo el siglo, unas 15.000 personas, de las cuales 72% son mexicanos, es decir son repatriados habituales.<\/p>\n","protected":false},"excerpt":{"rendered":"<p>&nbsp; Canciller reporta que mayor\u00eda de v\u00edctimas son nativos de Puebla &nbsp; CIUDAD DE MEXICO, 22 ABR &#8211; M\u00e1s de 300 mexicanos que viv\u00edan en&hellip;<\/p>\n","protected":false},"author":99,"featured_media":0,"comment_status":"open","ping_status":"open","sticky":false,"template":"","format":"standard","meta":{"footnotes":""},"categories":[23],"tags":[],"class_list":["post-490335","post","type-post","status-publish","format-standard","hentry","category-latinoamerica"],"_links":{"self":[{"href":"https:\/\/diarioelpopular.com\/index.php\/wp-json\/wp\/v2\/posts\/490335","targetHints":{"allow":["GET"]}}],"collection":[{"href":"https:\/\/diarioelpopular.com\/index.php\/wp-json\/wp\/v2\/posts"}],"about":[{"href":"https:\/\/diarioelpopular.com\/index.php\/wp-json\/wp\/v2\/types\/post"}],"author":[{"embeddable":true,"href":"https:\/\/diarioelpopular.com\/index.php\/wp-json\/wp\/v2\/users\/99"}],"replies":[{"embeddable":true,"href":"https:\/\/diarioelpopular.com\/index.php\/wp-json\/wp\/v2\/comments?post=490335"}],"version-history":[{"count":1,"href":"https:\/\/diarioelpopular.com\/index.php\/wp-json\/wp\/v2\/posts\/490335\/revisions"}],"predecessor-version":[{"id":490337,"href":"https:\/\/diarioelpopular.com\/index.php\/wp-json\/wp\/v2\/posts\/490335\/revisions\/490337"}],"wp:attachment":[{"href":"https:\/\/diarioelpopular.com\/index.php\/wp-json\/wp\/v2\/media?parent=490335"}],"wp:term":[{"taxonomy":"category","embeddable":true,"href":"https:\/\/diarioelpopular.com\/index.php\/wp-json\/wp\/v2\/categories?post=490335"},{"taxonomy":"post_tag","embeddable":true,"href":"https:\/\/diarioelpopular.com\/index.php\/wp-json\/wp\/v2\/tags?post=490335"}],"curies":[{"name":"wp","href":"https:\/\/api.w.org\/{rel}","templated":true}]}}