{"id":490348,"date":"2020-04-22T18:19:28","date_gmt":"2020-04-22T22:19:28","guid":{"rendered":"https:\/\/diarioelpopular.com\/?p=490348"},"modified":"2020-04-22T18:19:28","modified_gmt":"2020-04-22T22:19:28","slug":"argentina-se-esperanza-puede-no-haber-pico","status":"publish","type":"post","link":"https:\/\/diarioelpopular.com\/index.php\/2020\/04\/22\/argentina-se-esperanza-puede-no-haber-pico\/","title":{"rendered":"Argentina se esperanza, puede no haber pico"},"content":{"rendered":"<div id=\"attachment_490349\" style=\"width: 160px\" class=\"wp-caption alignnone\"><img loading=\"lazy\" decoding=\"async\" aria-describedby=\"caption-attachment-490349\" class=\"size-thumbnail wp-image-490349\" src=\"https:\/\/diarioelpopular.com\/wp-content\/uploads\/2020\/04\/85ba98a9c4303222db1c98fb38f3ee7f-150x150.jpg\" alt=\"\" width=\"150\" height=\"150\" \/><p id=\"caption-attachment-490349\" class=\"wp-caption-text\">Buenos Aires en pandemia. La estaci\u00f3n Constituci\u00f3n -terminal ferroviaria- desolada y desinfectada.<\/p><\/div>\n<p>&nbsp;<\/p>\n<h4>Comportamiento de curvas de crecimiento. Igual, futuro sinuoso<\/h4>\n<p>&nbsp;<\/p>\n<p><em><strong>BUENOS AIRES, 22 ABR &#8211;<\/strong><\/em> Los n\u00fameros de la pandemia en Argentina (algo m\u00e1s de 150 decesos y casi 3.150 infectados) a un mes y 19 d\u00edas del &#8220;paciente uno&#8221; muestra un aplanamiento de la curva estad\u00edstica de la enfermedad, que alientan la posibilidad de ausencia de un pico de casos.<br \/>\nLa m\u00e9dica infect\u00f3loga Paula Rodr\u00edguez Iantoro, consultada por el diario La Naci\u00f3n, destac\u00f3 que en la Argentina se est\u00e1 &#8220;ante los primeros resultados de la primera cuarentena, que demuestra que se est\u00e1 teniendo una aparici\u00f3n estable de casos&#8221;, en los \u00faltimos d\u00eda entre 100 y 120 diarios.<br \/>\nPero para tener mayores certezas habr\u00eda que realizar m\u00e1s ex\u00e1menes coinciden los expertos. Argentina realiza aproximadamente 157 an\u00e1lisis por cada mill\u00f3n de habitantes, una cifra muy baja, seg\u00fan los epidemi\u00f3logos.<br \/>\nNo obstante, los matem\u00e1ticos y vir\u00f3logos sostienen que en la actualidad hay un 17\/18% de positivos de todos los testeos, pero que realmente se podr\u00e1 afirmar que hay un control de la epidemia en Argentina cuando emerja un 10% de positivos en los chequeados.<br \/>\nPor lo pronto, es temprano para sacar conclusiones, pero si las tendencias se mantienen es posible que Argentina no se encamine a un pico de casos y m\u00e1s bien tenga &#8220;una sucesi\u00f3n de peque\u00f1as elevaciones&#8221;administradas&#8221; producto de intervenciones, pero de \u00f3rdenes de magnitud muy inferiores a lo que se imagina.<br \/>\nEs claro que las restricciones, la cuarentena obligatoria, los cierres de frontera y los bloqueos a la circulaci\u00f3n interna, tajantemente aplicados por el gobierno, con acuerdo mayoritario de la oposici\u00f3n y el compromiso de la ciudadan\u00eda son claves en la batalla.<br \/>\nArgentina aplic\u00f3 la cuarentena obligatoria el 20 de marzo y la extendi\u00f3 luego hasta el 26 de abril, pese a que flexibiliz\u00f3 algunos aspectos m\u00ednimos y est\u00e1 proyectando una nueva extensi\u00f3n de esos bloqueos, probablemente hasta mediados de mayo.<br \/>\nEl lunes 30 de marzo hab\u00eda 966 casos en el pa\u00eds, esto significa que llev\u00f3 11 d\u00edas que se duplicara el n\u00famero de infectados.<br \/>\n&#8220;El aumento promedio de casos de un d\u00eda para el otro durante toda la \u00faltima semana demuestra que la velocidad de crecimiento de contagio se mantiene constante y por esto no es exponencial&#8221;, tal el a\u00f1orado objetivo de las medidas de contenci\u00f3n y supresi\u00f3n que tom\u00f3 el Gobierno nacional desde la aparici\u00f3n del primer caso en el pa\u00eds&#8221;, dijo a Infobae el m\u00e9dico neur\u00f3logo Conrado Estol.<br \/>\nY destac\u00f3 que &#8220;son muy pocos los pa\u00edses donde el n\u00famero de casos se duplica cada m\u00e1s de siete d\u00edas&#8221; y sostuvo que ese dato &#8220;hace sugerir que la curva est\u00e1 plana&#8221; en Argentina.<br \/>\n&#8220;Creo que en ese pa\u00edses como Nueva Zelanda, que tom\u00f3 medidas similares a las que se implementaron ac\u00e1, y en la Argentina se est\u00e1 demostrando que el gradualismo no funciona y que para frenar esta pandemia se debe reaccionar dr\u00e1sticamente con todos los recursos de aislamiento en forma repentina&#8221;, opin\u00f3 Estol.<br \/>\nLos n\u00fameros indican, al menos por el momento, que los casos se duplican cada 48 o 72 horas, lo que habla de que en la Argentina se est\u00e1 dando una curva de ascenso suave que, a diferencia de otros pa\u00edses, no tuvo hasta el momento un crecimiento exponencial. Pero nada es para cantar victoria, como dijo el presidente Alberto Fern\u00e1ndez, cada vez m\u00e1s defensor de la cuarentena y firme en su idea de extenderla, &#8220;estamos lejos de relajarnos, la batalla es d\u00edas a d\u00eda&#8221;.<br \/>\nSus palabras parecieron quedar confirmadas este mismo mi\u00e9rcoles cuando Argentina se despert\u00f3 con dos noticias de alarma ligadas a la pandemia.<br \/>\nPor un lado, 19 contagios en un geri\u00e1trico de la capital argentina, lo que puede disparar los n\u00fameros de muerte como ocurri\u00f3 en otros pa\u00edses.<br \/>\nY adem\u00e1s, el primer positivo en la Villa 31, uno de los m\u00e1s grandes asentamientos pobres de la capital. Justamente esos barrios precarios -favelas como las llaman en Brasil- abundan en la periferia de la capital y la propagaci\u00f3n de Covid-19 en esas \u00e1reas puede hacer a\u00f1icos en horas cualquier proyecci\u00f3n estad\u00edstica optimista.<\/p>\n","protected":false},"excerpt":{"rendered":"<p>&nbsp; Comportamiento de curvas de crecimiento. Igual, futuro sinuoso &nbsp; BUENOS AIRES, 22 ABR &#8211; Los n\u00fameros de la pandemia en Argentina (algo m\u00e1s de&hellip;<\/p>\n","protected":false},"author":99,"featured_media":0,"comment_status":"open","ping_status":"open","sticky":false,"template":"","format":"standard","meta":{"footnotes":""},"categories":[23],"tags":[],"class_list":["post-490348","post","type-post","status-publish","format-standard","hentry","category-latinoamerica"],"_links":{"self":[{"href":"https:\/\/diarioelpopular.com\/index.php\/wp-json\/wp\/v2\/posts\/490348","targetHints":{"allow":["GET"]}}],"collection":[{"href":"https:\/\/diarioelpopular.com\/index.php\/wp-json\/wp\/v2\/posts"}],"about":[{"href":"https:\/\/diarioelpopular.com\/index.php\/wp-json\/wp\/v2\/types\/post"}],"author":[{"embeddable":true,"href":"https:\/\/diarioelpopular.com\/index.php\/wp-json\/wp\/v2\/users\/99"}],"replies":[{"embeddable":true,"href":"https:\/\/diarioelpopular.com\/index.php\/wp-json\/wp\/v2\/comments?post=490348"}],"version-history":[{"count":1,"href":"https:\/\/diarioelpopular.com\/index.php\/wp-json\/wp\/v2\/posts\/490348\/revisions"}],"predecessor-version":[{"id":490350,"href":"https:\/\/diarioelpopular.com\/index.php\/wp-json\/wp\/v2\/posts\/490348\/revisions\/490350"}],"wp:attachment":[{"href":"https:\/\/diarioelpopular.com\/index.php\/wp-json\/wp\/v2\/media?parent=490348"}],"wp:term":[{"taxonomy":"category","embeddable":true,"href":"https:\/\/diarioelpopular.com\/index.php\/wp-json\/wp\/v2\/categories?post=490348"},{"taxonomy":"post_tag","embeddable":true,"href":"https:\/\/diarioelpopular.com\/index.php\/wp-json\/wp\/v2\/tags?post=490348"}],"curies":[{"name":"wp","href":"https:\/\/api.w.org\/{rel}","templated":true}]}}