{"id":490380,"date":"2020-04-23T12:34:25","date_gmt":"2020-04-23T16:34:25","guid":{"rendered":"https:\/\/diarioelpopular.com\/?p=490380"},"modified":"2020-04-23T12:34:25","modified_gmt":"2020-04-23T16:34:25","slug":"hasta-el-pensamiento-termina-carcomido","status":"publish","type":"post","link":"https:\/\/diarioelpopular.com\/index.php\/2020\/04\/23\/hasta-el-pensamiento-termina-carcomido\/","title":{"rendered":"Hasta el pensamiento termina carcomido"},"content":{"rendered":"<div id=\"attachment_490381\" style=\"width: 160px\" class=\"wp-caption alignnone\"><img loading=\"lazy\" decoding=\"async\" aria-describedby=\"caption-attachment-490381\" class=\"size-thumbnail wp-image-490381\" src=\"https:\/\/diarioelpopular.com\/wp-content\/uploads\/2020\/04\/7cc08e5317fc7d50cb950b09dd3c21f0-150x150.jpg\" alt=\"\" width=\"150\" height=\"150\" \/><p id=\"caption-attachment-490381\" class=\"wp-caption-text\">CEl virus lo ha transformado todo, hasta los pensamientos de los chilenos.<\/p><\/div>\n<p>&nbsp;<\/p>\n<h4><em>Un mes de cuarentenas, 2 de cada 3 dicen tener estr\u00e9s, seg\u00fan un sondeo en Chile<\/em><\/h4>\n<p>&nbsp;<\/p>\n<p><em><strong>SANTIAGO DE CHILE, 23 ABR &#8211;<\/strong><\/em> El 78% de los chilenos piensa en la posibilidad de la muerte de cercanos, amigos o familiares a causa del Covid-19, seg\u00fan arroj\u00f3 el quinto estudio de la crisis realizado por la consultora internacional Ipsos.<br \/>\nLa mitad de los entrevistados ha pensado en la posibilidad de su propia muerte a causa del virus. Esta cifra aumenta a un 60% entre los mayores de 46 a\u00f1os y alcanza un 70% entre quienes declaran alguna enfermedad de base como c\u00e1ncer, diabetes, hipertensi\u00f3n o problemas cardiovasculares.<br \/>\nA un mes de iniciado en Chile el sistema de cuarentenas parciales por territorio, las personas mantienen un alto nivel de alerta y preocupaci\u00f3n por la presencia del Covid19.<br \/>\nEl tiempo ha hecho que tambi\u00e9n los ciudadanos experimenten distintos estados de \u00e1nimo y den espacio a reflexiones que probablemente hoy est\u00e9n m\u00e1s presentes que antes, por ejemplo, respecto a la muerte.<br \/>\nDos de cada tres personas consideran que tiene un alto nivel de estr\u00e9s, resultado especialmente alto (71%) entre los residentes de regiones. En casi la misma medida, pero en el lado opuesto, el 64% de los entrevistados declara un alto nivel de optimismo y un 63% de tolerancia.<br \/>\nUno de cada tres declara haber vivido un alto nivel de depresi\u00f3n. Este resultado es particularmente preocupante en adultos entre 36 y 45 a\u00f1os donde este sentimiento alcanza a casi la mitad de aquella poblaci\u00f3n.<br \/>\nPara Alejandra Ojeda, directora de Asuntos P\u00fablicos de Ipsos Chile uno de los temas &#8220;m\u00e1s desafiantes para Chile ser\u00e1 diagnosticar y tratar la salud mental de la ciudadan\u00eda una vez que se supere la pandemia. Ya desde el estallido social recib\u00edamos se\u00f1ales de la poblaci\u00f3n sobre el aumento del estr\u00e9s, depresi\u00f3n y\/o angustia&#8221;. &#8220;Pero, con el confinamiento y, adem\u00e1s enfrent\u00e1ndonos a temas que no son habituales en nuestras conversaciones, como es la posibilidad de muerte, es de esperar un importante deterioro en materia de salud mental. No sabemos cu\u00e1l es la gravedad y el alcance en el tiempo de las secuelas que trae esta crisis de salud. Y tampoco sabemos c\u00f3mo afectar\u00e1 seg\u00fan g\u00e9nero, edad o condici\u00f3n social&#8221;, agreg\u00f3.<br \/>\nTambi\u00e9n asociado a la muerte, el tema de los ventiladores mec\u00e1nicos, su uso acotado, si debe usarse o no en adultos mayores, ha estado en la discusi\u00f3n. Hay m\u00e1s desacuerdo en que terceras personas decidan los tratamientos m\u00e9dicos seg\u00fan las probabilidades de sobrevivencia de los pacientes.<br \/>\nEl 38% rechaz\u00f3 que el personal m\u00e9dico decida a qui\u00e9n conectar un ventilador seg\u00fan probabilidades de sobrevivencia. Por el contrario, un 37% est\u00e1 de acuerdo que la decisi\u00f3n quede en manos del personal m\u00e9dico.<br \/>\nEl 43% est\u00e1 en desacuerdo que los familiares de adultos mayores contagiados decidan no someterlos a tratamientos invasivos. Este nivel de desacuerdo es m\u00e1s alto entre quienes tienen mayor edad y\/o poseen alguna enfermedad de base.<br \/>\nEl 40% est\u00e1 en desacuerdo en ceder su lugar en un ventilador a otras personas con mayores posibilidades de sobrevivir. Un 30% s\u00ed estar\u00eda dispuesto a ceder su lugar.<br \/>\n&#8220;Probablemente, lo que estamos observando es un estado de negaci\u00f3n o declinaci\u00f3n respecto del tema, dado que estamos todav\u00eda en una fase temprana de maduraci\u00f3n de esta discusi\u00f3n&#8221; analiz\u00f3 Ojeda.<br \/>\nEl estudio midi\u00f3 tambi\u00e9n la gesti\u00f3n del gobierno: el 54% le coloc\u00f3 una nota entre 1 y 4 (en la escala del 1 al 7) a la forma en que el gobierno ha enfrentado la crisis sanitaria mientras s\u00f3lo un 11% marc\u00f3 entre 6 y 7. Los j\u00f3venes son los m\u00e1s cr\u00edticos al subir el porcentaje a 62%.<\/p>\n","protected":false},"excerpt":{"rendered":"<p>&nbsp; Un mes de cuarentenas, 2 de cada 3 dicen tener estr\u00e9s, seg\u00fan un sondeo en Chile &nbsp; SANTIAGO DE CHILE, 23 ABR &#8211; El&hellip;<\/p>\n","protected":false},"author":99,"featured_media":0,"comment_status":"open","ping_status":"open","sticky":false,"template":"","format":"standard","meta":{"footnotes":""},"categories":[23],"tags":[],"class_list":["post-490380","post","type-post","status-publish","format-standard","hentry","category-latinoamerica"],"_links":{"self":[{"href":"https:\/\/diarioelpopular.com\/index.php\/wp-json\/wp\/v2\/posts\/490380","targetHints":{"allow":["GET"]}}],"collection":[{"href":"https:\/\/diarioelpopular.com\/index.php\/wp-json\/wp\/v2\/posts"}],"about":[{"href":"https:\/\/diarioelpopular.com\/index.php\/wp-json\/wp\/v2\/types\/post"}],"author":[{"embeddable":true,"href":"https:\/\/diarioelpopular.com\/index.php\/wp-json\/wp\/v2\/users\/99"}],"replies":[{"embeddable":true,"href":"https:\/\/diarioelpopular.com\/index.php\/wp-json\/wp\/v2\/comments?post=490380"}],"version-history":[{"count":1,"href":"https:\/\/diarioelpopular.com\/index.php\/wp-json\/wp\/v2\/posts\/490380\/revisions"}],"predecessor-version":[{"id":490382,"href":"https:\/\/diarioelpopular.com\/index.php\/wp-json\/wp\/v2\/posts\/490380\/revisions\/490382"}],"wp:attachment":[{"href":"https:\/\/diarioelpopular.com\/index.php\/wp-json\/wp\/v2\/media?parent=490380"}],"wp:term":[{"taxonomy":"category","embeddable":true,"href":"https:\/\/diarioelpopular.com\/index.php\/wp-json\/wp\/v2\/categories?post=490380"},{"taxonomy":"post_tag","embeddable":true,"href":"https:\/\/diarioelpopular.com\/index.php\/wp-json\/wp\/v2\/tags?post=490380"}],"curies":[{"name":"wp","href":"https:\/\/api.w.org\/{rel}","templated":true}]}}