{"id":490394,"date":"2020-04-23T12:42:29","date_gmt":"2020-04-23T16:42:29","guid":{"rendered":"https:\/\/diarioelpopular.com\/?p=490394"},"modified":"2020-04-23T12:42:29","modified_gmt":"2020-04-23T16:42:29","slug":"cali-teme-por-la-frontera-rota-con-ecuador","status":"publish","type":"post","link":"https:\/\/diarioelpopular.com\/index.php\/2020\/04\/23\/cali-teme-por-la-frontera-rota-con-ecuador\/","title":{"rendered":"Cali teme por la frontera rota con Ecuador"},"content":{"rendered":"<div id=\"attachment_490395\" style=\"width: 160px\" class=\"wp-caption alignnone\"><img loading=\"lazy\" decoding=\"async\" aria-describedby=\"caption-attachment-490395\" class=\"size-thumbnail wp-image-490395\" src=\"https:\/\/diarioelpopular.com\/wp-content\/uploads\/2020\/04\/65604890ecb96aeed34950969b2494c5-150x150.jpg\" alt=\"\" width=\"150\" height=\"150\" \/><p id=\"caption-attachment-490395\" class=\"wp-caption-text\">Controles sanitarios en las calles de Cali, Colombia.<\/p><\/div>\n<p>&nbsp;<\/p>\n<h4><em>Alcalde pide crear corredor humanitario para venezolanos<\/em><\/h4>\n<p>&nbsp;<\/p>\n<p><em><strong>BOGOTA, 23 ABR &#8211;<\/strong><\/em> El alcalde de Cali, Jorge Iv\u00e1n Ospina, pidi\u00f3 sellar la frontera con Ecuador o establecer mayores controles, ante la llegada masiva de venezolanos y otros ciudadanos que huyen de la pandemia y que pretenden retornar a su pa\u00eds.<br \/>\n&#8220;\u00a1Bloqueen esa frontera!&#8221;, clam\u00f3 el mandatario de la capital del departamento del Valle del Cauca (suroeste), que despu\u00e9s de Bogot\u00e1 es la regi\u00f3n del pa\u00eds con el mayor n\u00famero de contagios por Covid-19.<br \/>\nDesde cuando el gobierno decret\u00f3 la cuarentena nacional, el pasado 25 de marzo, se orden\u00f3 el cierre de fronteras pero eso no detuvo el flujo de personas sigue transitando por varios pasos ilegales, en particular en los l\u00edmites con Ecuador.<br \/>\nSeg\u00fan los registros del Instituto Nacional Salud, el Valle del Cauca tiene 713 positivos, de los cuales 545 est\u00e1n Cali, donde han fallecido 33 personas.<br \/>\nPara Ospina, que es m\u00e9dico cirujano, la tercera ciudad en importancia del pa\u00eds est\u00e1 en una &#8220;situaci\u00f3n administrable y proyectable, incluso esperada&#8221;, respecto del n\u00famero de contagiados y v\u00edctimas de la pandemia.<br \/>\nLa aseveraci\u00f3n del mandatario contrasta con los datos suministrados este mi\u00e9rcoles por la iniciativa ciudadana y empresarial llamada &#8220;Cali c\u00f3mo vamos&#8221;, que mide el desarrollo de la cuidad, y que se\u00f1al\u00f3 que esa capital tiene una tasa de contagio superior a Bogot\u00e1.<br \/>\n&#8220;Cerca de 22 de cada 100 mil habitantes en Cali son casos positivos para Covid-19, una tasa de contagio superior a la que tiene Bogot\u00e1 (20,7 por cada 100 mil habitantes)&#8221;, dijo el reporte. La capital colombiana es el mayor foco de la pandemia con 1.752 contagiados.<br \/>\nOspina explic\u00f3 hoy que la enfermedad lleg\u00f3 a la ciudad con los viajeros internacionales de los barrios acomodados, que luego infectaron a sus cuidadores y empleados, quienes llevaron el contagio a los barrios populares.<br \/>\nSin embargo, en las \u00faltimas semanas la enfermedad est\u00e1 llegando por la frontera con Ecuador (sur), desde donde arriban a diario decenas de venezolanos, ecuatorianos y colombianos que huyen de la peste en ese pa\u00eds.<br \/>\nUn flujo importante de esas personas buscan el retorno a Venezuela, lo que implica una traves\u00eda de d\u00edas hasta llegar a los dos pasos fronterizos: Arauca en el este y C\u00facuta en el noroeste.<br \/>\nLa alcald\u00eda de Cali envi\u00f3 hace poco a unos 600 venezolanos hasta C\u00facuta en autobuses, pero hoy Ospina dijo no tener m\u00e1s dinero para facilitar ese retorno.<br \/>\n&#8220;No voy, ni puedo orientar recursos para enviar a estos migrantes hasta la frontera con Venezuela, pues ya hemos hecho una ardua e importante labor al ayudar a regresar a m\u00e1s de 600 personas, en el marco de un proceso de repatriaci\u00f3n&#8221;, dijo Ospina citado en un comunicado oficial.<br \/>\nEl mandatario de la principal ciudad sobre el Pac\u00edfico colombiano reclam\u00f3 al gobierno de Iv\u00e1n Duque para que establezca un &#8220;di\u00e1logo&#8221; con sus pares de Ecuador y Venezuela a fin de que se cree un &#8220;corredor humanitario&#8221; que facilite ese flujo de migrantes.<br \/>\n&#8220;Para todo aquel que sea positivo se debe adelantar un campamento de aislamiento. Puede ser ecuatoriano, venezolano, colombiano es un ser humano que puede diseminar la enfermedad y por eso es tan importante que se bloquee y se adelante una cuarentena de aislamiento&#8221;, sugiri\u00f3 en di\u00e1logo con Blu Radio.<br \/>\n&#8220;Tenemos que prepararnos mejor porque lo que se nos viene es muy dif\u00edcil&#8221;, a\u00f1adi\u00f3 Ospina.<\/p>\n","protected":false},"excerpt":{"rendered":"<p>&nbsp; Alcalde pide crear corredor humanitario para venezolanos &nbsp; BOGOTA, 23 ABR &#8211; El alcalde de Cali, Jorge Iv\u00e1n Ospina, pidi\u00f3 sellar la frontera con&hellip;<\/p>\n","protected":false},"author":99,"featured_media":0,"comment_status":"open","ping_status":"open","sticky":false,"template":"","format":"standard","meta":{"footnotes":""},"categories":[23],"tags":[],"class_list":["post-490394","post","type-post","status-publish","format-standard","hentry","category-latinoamerica"],"_links":{"self":[{"href":"https:\/\/diarioelpopular.com\/index.php\/wp-json\/wp\/v2\/posts\/490394","targetHints":{"allow":["GET"]}}],"collection":[{"href":"https:\/\/diarioelpopular.com\/index.php\/wp-json\/wp\/v2\/posts"}],"about":[{"href":"https:\/\/diarioelpopular.com\/index.php\/wp-json\/wp\/v2\/types\/post"}],"author":[{"embeddable":true,"href":"https:\/\/diarioelpopular.com\/index.php\/wp-json\/wp\/v2\/users\/99"}],"replies":[{"embeddable":true,"href":"https:\/\/diarioelpopular.com\/index.php\/wp-json\/wp\/v2\/comments?post=490394"}],"version-history":[{"count":1,"href":"https:\/\/diarioelpopular.com\/index.php\/wp-json\/wp\/v2\/posts\/490394\/revisions"}],"predecessor-version":[{"id":490396,"href":"https:\/\/diarioelpopular.com\/index.php\/wp-json\/wp\/v2\/posts\/490394\/revisions\/490396"}],"wp:attachment":[{"href":"https:\/\/diarioelpopular.com\/index.php\/wp-json\/wp\/v2\/media?parent=490394"}],"wp:term":[{"taxonomy":"category","embeddable":true,"href":"https:\/\/diarioelpopular.com\/index.php\/wp-json\/wp\/v2\/categories?post=490394"},{"taxonomy":"post_tag","embeddable":true,"href":"https:\/\/diarioelpopular.com\/index.php\/wp-json\/wp\/v2\/tags?post=490394"}],"curies":[{"name":"wp","href":"https:\/\/api.w.org\/{rel}","templated":true}]}}