{"id":490408,"date":"2020-04-23T22:54:06","date_gmt":"2020-04-24T02:54:06","guid":{"rendered":"https:\/\/diarioelpopular.com\/?p=490408"},"modified":"2020-04-23T22:54:06","modified_gmt":"2020-04-24T02:54:06","slug":"ecuador-duplica-casos-de-contagio-tras-datos-de-pruebas-retrasadas","status":"publish","type":"post","link":"https:\/\/diarioelpopular.com\/index.php\/2020\/04\/23\/ecuador-duplica-casos-de-contagio-tras-datos-de-pruebas-retrasadas\/","title":{"rendered":"Ecuador duplica casos de contagio tras datos de pruebas retrasadas"},"content":{"rendered":"<section class=\"intro\">\n<div class=\"lead\">\n<div id=\"attachment_490409\" style=\"width: 646px\" class=\"wp-caption alignnone\"><img loading=\"lazy\" decoding=\"async\" aria-describedby=\"caption-attachment-490409\" class=\"size-custom-full-size wp-image-490409\" src=\"https:\/\/diarioelpopular.com\/wp-content\/uploads\/2020\/04\/5e876b4406206-636x318.jpeg\" alt=\"\" width=\"636\" height=\"318\" \/><p id=\"caption-attachment-490409\" class=\"wp-caption-text\"><em>Con esta nueva cifra, Ecuador, uno de los pa\u00edses m\u00e1s castigados por la pandemia, se situar\u00eda en segundo lugar de Am\u00e9rica Latina en contagios, despu\u00e9s de Brasil.<\/em><\/p><\/div>\n<p>&nbsp;<\/p>\n<h4 id=\"p487876-m475-474-476\" class=\"info\"><em>El pa\u00eds lleg\u00f3 a los\u00a022.160 positivos, luego de que autoridades confirmaran nuevos resultados.<\/em><\/h4>\n<p>&nbsp;<\/p>\n<\/div>\n<\/section>\n<div class=\"articulos\">\n<section class=\"container_col\">\n<p id=\"p487876-m513-512-514\" class=\"contenido\">Ecuador duplic\u00f3 este jueves su cifra oficial de contagios a 22.160 despu\u00e9s de obtener los resultados de miles de pruebas de covid-19 que estaban retrasadas, inform\u00f3 el ministro de Salud, Juan Carlos Zevallos, en una rueda de prensa.<\/p>\n<p>Zevallos precis\u00f3 que los resultados a\u00fan &#8220;no est\u00e1n subidos&#8221; en las infograf\u00edas oficiales, en los que aparecen 11.183 contagios, a los que ahora habr\u00eda que agregar los <b>10.977 <\/b>que han dado positivo en el conjunto de pruebas que esperaban respuesta.<\/p>\n<p class=\"contenido\">&#8220;Los 10.977 deber\u00edan a\u00f1adirse&#8221;, dijo Zevallos, quien argument\u00f3 que tambi\u00e9n habr\u00eda que agregar a los casos descartados otros 12.879, con lo cual &#8220;la proporci\u00f3n (de contagio) se mantiene&#8221;.<\/p>\n<p>&#8220;Es obvio que cuando hay m\u00e1s casos testeados va a subir el numero de positivos, pero tambi\u00e9n hay que contrarrestar con los casos que dieron negativos&#8221;, apunt\u00f3 Zevallos, en una rueda de prensa poco despu\u00e9s de que la titular de Gobierno, Mar\u00eda Paula Romo, diera a conocer los datos oficiales de este jueves.<\/p>\n<p>Con esta nueva cifra, Ecuador, uno de los pa\u00edses m\u00e1s castigados por la pandemia, se situar\u00eda en segundo lugar de Am\u00e9rica Latina en contagios, despu\u00e9s de Brasil, que supera los 46.000, y pasando a Per\u00fa y Chile, que la adelantaban hasta ahora en positivos, aunque no en fallecimientos.<\/p>\n<p>Zevallos explic\u00f3 que el pa\u00eds ten\u00eda <b>&#8220;represadas&#8221;<\/b> miles de pruebas que estaban pendiente de respuesta y que a\u00fan deben actualizarse en los datos oficiales, por lo que no hay a\u00fan una clasificaci\u00f3n por regiones de los nuevos positivos.<\/p>\n<p class=\"contenido\">De acuerdo con la \u00faltima informaci\u00f3n que facilita el Ministerio de Salud P\u00fablica, por provincias, la de Guayas, cuya capital es Guayaquil, sigue aglutinando la mayor parte de los casos, seguida de Pichincha, con Quito como cabecera, y Azuay, de la que Cuenca es su capital.<\/p>\n<p>En su comparecencia previa, Romo tambi\u00e9n explic\u00f3 las medidas que analiza el Comit\u00e9 de Operaciones de Emergencia sobre c\u00f3mo ser\u00e1 la transici\u00f3n de la situaci\u00f3n de aislamiento domiciliario a la del mantenimiento de una distancia personal, en previsi\u00f3n de que paulatinamente se suavicen las medidas restrictivas por covid-19 en virtud del n\u00famero de contagios en determinados puntos del pa\u00eds.<\/p>\n<p>Aunque subray\u00f3 que las directrices a la poblaci\u00f3n siguen siendo las de permanecer en casa, en las pr\u00f3ximas semanas se valorar\u00e1 permitir la reanudaci\u00f3n de algunas actividades, lo que requerir\u00e1 &#8220;aforos m\u00e1s peque\u00f1os, mayor distancia en la calle, organizaci\u00f3n de jornadas por turnos&#8221; o que se prioricen las entregas a domicilios.<\/p>\n<p>La presidenta del comit\u00e9 que gestiona la crisis sanitaria en Ecuador subray\u00f3 que en las oficinas se tendr\u00e1n que seguir unos protocolos, as\u00ed como en los transportes, parques y calles en una eventual pr\u00f3xima etapa.<\/p>\n<\/section>\n<\/div>\n","protected":false},"excerpt":{"rendered":"<p>&nbsp; El pa\u00eds lleg\u00f3 a los\u00a022.160 positivos, luego de que autoridades confirmaran nuevos resultados. &nbsp; Ecuador duplic\u00f3 este jueves su cifra oficial de contagios a&hellip;<\/p>\n","protected":false},"author":99,"featured_media":0,"comment_status":"open","ping_status":"open","sticky":false,"template":"","format":"standard","meta":{"footnotes":""},"categories":[23],"tags":[],"class_list":["post-490408","post","type-post","status-publish","format-standard","hentry","category-latinoamerica"],"_links":{"self":[{"href":"https:\/\/diarioelpopular.com\/index.php\/wp-json\/wp\/v2\/posts\/490408","targetHints":{"allow":["GET"]}}],"collection":[{"href":"https:\/\/diarioelpopular.com\/index.php\/wp-json\/wp\/v2\/posts"}],"about":[{"href":"https:\/\/diarioelpopular.com\/index.php\/wp-json\/wp\/v2\/types\/post"}],"author":[{"embeddable":true,"href":"https:\/\/diarioelpopular.com\/index.php\/wp-json\/wp\/v2\/users\/99"}],"replies":[{"embeddable":true,"href":"https:\/\/diarioelpopular.com\/index.php\/wp-json\/wp\/v2\/comments?post=490408"}],"version-history":[{"count":1,"href":"https:\/\/diarioelpopular.com\/index.php\/wp-json\/wp\/v2\/posts\/490408\/revisions"}],"predecessor-version":[{"id":490410,"href":"https:\/\/diarioelpopular.com\/index.php\/wp-json\/wp\/v2\/posts\/490408\/revisions\/490410"}],"wp:attachment":[{"href":"https:\/\/diarioelpopular.com\/index.php\/wp-json\/wp\/v2\/media?parent=490408"}],"wp:term":[{"taxonomy":"category","embeddable":true,"href":"https:\/\/diarioelpopular.com\/index.php\/wp-json\/wp\/v2\/categories?post=490408"},{"taxonomy":"post_tag","embeddable":true,"href":"https:\/\/diarioelpopular.com\/index.php\/wp-json\/wp\/v2\/tags?post=490408"}],"curies":[{"name":"wp","href":"https:\/\/api.w.org\/{rel}","templated":true}]}}