{"id":490426,"date":"2020-04-24T18:01:33","date_gmt":"2020-04-24T22:01:33","guid":{"rendered":"https:\/\/diarioelpopular.com\/?p=490426"},"modified":"2020-04-24T18:01:33","modified_gmt":"2020-04-24T22:01:33","slug":"el-oro-y-el-barro-con-los-medicos","status":"publish","type":"post","link":"https:\/\/diarioelpopular.com\/index.php\/2020\/04\/24\/el-oro-y-el-barro-con-los-medicos\/","title":{"rendered":"El oro y el barro con los m\u00e9dicos"},"content":{"rendered":"<div id=\"attachment_490427\" style=\"width: 160px\" class=\"wp-caption alignnone\"><img loading=\"lazy\" decoding=\"async\" aria-describedby=\"caption-attachment-490427\" class=\"size-thumbnail wp-image-490427\" src=\"https:\/\/diarioelpopular.com\/wp-content\/uploads\/2020\/04\/488460594cf115e495af51163fc0e4f7-150x150.jpg\" alt=\"\" width=\"150\" height=\"150\" \/><p id=\"caption-attachment-490427\" class=\"wp-caption-text\">Los m\u00e9dicos colombianos, en la primera trinchera contra la enfermedad. Tambi\u00e9n amenazados<\/p><\/div>\n<p>&nbsp;<\/p>\n<h4>Crece violencia en Colombia, ACNUR sugiere a galenos refugiados<\/h4>\n<p>&nbsp;<\/p>\n<p><strong>BOGOTA, 24 ABR &#8211;<\/strong> Mientras en Colombia aumentaron las amenazas contra los trabajadores de la salud, ACNUR propuso que los m\u00e9dicos refugiados y migrantes apoyen la respuesta sanitaria de los gobiernos latinoamericanos frente a la pandemia.<br \/>\nHace dos d\u00edas apareci\u00f3 escrito en la pared exterior del apartamento de un m\u00e9dico en Bogot\u00e1 un mensaje que gener\u00f3 el rechazo del pa\u00eds y la orden de la Fiscal\u00eda de investigar lo ocurrido, porque ten\u00eda tintes delincuenciales.<br \/>\n&#8220;Doctor si no se va matamos a su esposa e hijos&#8221;, dec\u00eda el mensaje escrito en la pared.<br \/>\n&#8220;Da mucha tristeza y dolor que el personal m\u00e9dico y del sector de la salud en Colombia est\u00e9 siendo amenazado, estigmatizado y discriminado cuando deb\u00edamos recibirlos con aplausos y vitores&#8221;, asegur\u00f3 este viernes el defensor del Pueblo, Carlos Negret.<br \/>\nEl hecho motiv\u00f3 al funcionario a abrir un correo electr\u00f3nico al que en cuesti\u00f3n de horas llegaron 17 quejas de trabajadores sanitarios, incluidas dos nuevas denuncias de amenazas a m\u00e9dicos en los departamentos de Norte de Santander (noreste) y Magdalena (norte).<br \/>\nNegret report\u00f3 de esas intimidaciones a la Fiscal\u00eda e indaga por las dem\u00e1s quejas que incluyen falta de suministro de elementos de bioseguridad para el personal de la salud y atrasos o no pagos de salarios.<br \/>\nEsta semana se supo que los m\u00e9dicos del \u00fanico hospital del Leticia, en el selv\u00e1tico departamento del Amazonas, frontera con Brasil, renunciaron a sus cargos por la desidia de sus administradores frente al riesgo de contagio tanto de los galenos como de los usuarios.<br \/>\nDesde que se dieron los primeros casos de personas infectadas con Covid-19 en el pa\u00eds, surgieron denuncias de actos discriminatorios contra trabajadores sanitarios, que con el paso de las semanas han ido tomando una dimensi\u00f3n violenta.<br \/>\nNegret conjetur\u00f3 que si hoy amenazan a un m\u00e9dico, que est\u00e1n en la primera fila de resistencia contra la enfermedad, ma\u00f1ana aparecer\u00e1n las intimidaciones contra los funcionarios o los periodistas por simple hecho de salir a la calle.<br \/>\n&#8220;No es un momento f\u00e1cil para Colombia, pero es un momento solidario, de uni\u00f3n, entre todos&#8221;, urgi\u00f3 el defensor del Pueblo a radios locales.<br \/>\nEn una orilla distinta se ubic\u00f3 la Agencia para los Refugiados de las Naciones Unidas (ACNUR) que propuso este viernes a los m\u00e9dicos y enfermeras en calidad de migrantes o refugiados que se sumen a los esfuerzos que hacen los pa\u00edses de la regi\u00f3n para encarar la peste.<br \/>\nLa oficina de la ONU dijo que algunos pa\u00edses pusieron en &#8220;marcha&#8221; acciones para facilitar la &#8220;contrataci\u00f3n&#8221; de &#8220;profesionales y t\u00e9cnicos sanitarios extranjeros cualificados&#8221; y cit\u00f3 los casos de Per\u00fa, Argentina, Chile, Cuba, M\u00e9xico y la misma Colombia donde hay normas o se tramitan leyes para reclutar personal sanitario.<br \/>\nACNUR dijo que existen redes de &#8220;profesionales sanitarios extranjeros&#8221; dispuestos a ayudar en los pa\u00edses de acogida e incluso ha servido de puente entre &#8220;m\u00e9dicos refugiados cualificados&#8221; con hospitales urgidos de personal.<br \/>\nTambi\u00e9n rog\u00f3 para que en general los refugiados tengan acceso a los servicios sanitarios en los pa\u00edses donde se encuentran no solo para garantizar su salud, sino para evitar contagios.<\/p>\n","protected":false},"excerpt":{"rendered":"<p>&nbsp; Crece violencia en Colombia, ACNUR sugiere a galenos refugiados &nbsp; BOGOTA, 24 ABR &#8211; Mientras en Colombia aumentaron las amenazas contra los trabajadores de&hellip;<\/p>\n","protected":false},"author":99,"featured_media":0,"comment_status":"open","ping_status":"open","sticky":false,"template":"","format":"standard","meta":{"footnotes":""},"categories":[23],"tags":[],"class_list":["post-490426","post","type-post","status-publish","format-standard","hentry","category-latinoamerica"],"_links":{"self":[{"href":"https:\/\/diarioelpopular.com\/index.php\/wp-json\/wp\/v2\/posts\/490426","targetHints":{"allow":["GET"]}}],"collection":[{"href":"https:\/\/diarioelpopular.com\/index.php\/wp-json\/wp\/v2\/posts"}],"about":[{"href":"https:\/\/diarioelpopular.com\/index.php\/wp-json\/wp\/v2\/types\/post"}],"author":[{"embeddable":true,"href":"https:\/\/diarioelpopular.com\/index.php\/wp-json\/wp\/v2\/users\/99"}],"replies":[{"embeddable":true,"href":"https:\/\/diarioelpopular.com\/index.php\/wp-json\/wp\/v2\/comments?post=490426"}],"version-history":[{"count":1,"href":"https:\/\/diarioelpopular.com\/index.php\/wp-json\/wp\/v2\/posts\/490426\/revisions"}],"predecessor-version":[{"id":490428,"href":"https:\/\/diarioelpopular.com\/index.php\/wp-json\/wp\/v2\/posts\/490426\/revisions\/490428"}],"wp:attachment":[{"href":"https:\/\/diarioelpopular.com\/index.php\/wp-json\/wp\/v2\/media?parent=490426"}],"wp:term":[{"taxonomy":"category","embeddable":true,"href":"https:\/\/diarioelpopular.com\/index.php\/wp-json\/wp\/v2\/categories?post=490426"},{"taxonomy":"post_tag","embeddable":true,"href":"https:\/\/diarioelpopular.com\/index.php\/wp-json\/wp\/v2\/tags?post=490426"}],"curies":[{"name":"wp","href":"https:\/\/api.w.org\/{rel}","templated":true}]}}