{"id":490455,"date":"2020-04-25T11:45:46","date_gmt":"2020-04-25T15:45:46","guid":{"rendered":"https:\/\/diarioelpopular.com\/?p=490455"},"modified":"2020-04-25T11:45:46","modified_gmt":"2020-04-25T15:45:46","slug":"a-clases-en-chile-cuando-pase-lo-peor","status":"publish","type":"post","link":"https:\/\/diarioelpopular.com\/index.php\/2020\/04\/25\/a-clases-en-chile-cuando-pase-lo-peor\/","title":{"rendered":"A clases en Chile cuando pase lo peor"},"content":{"rendered":"<div id=\"attachment_490456\" style=\"width: 160px\" class=\"wp-caption alignnone\"><img loading=\"lazy\" decoding=\"async\" aria-describedby=\"caption-attachment-490456\" class=\"size-thumbnail wp-image-490456\" src=\"https:\/\/diarioelpopular.com\/wp-content\/uploads\/2020\/04\/896122c05d49697d8fba4af767e17b04-1-150x150.jpg\" alt=\"\" width=\"150\" height=\"150\" \/><p id=\"caption-attachment-490456\" class=\"wp-caption-text\"><em>Sebasti\u00e1n Pi\u00f1era, presidente de Chile.<\/em><\/p><\/div>\n<p>&nbsp;<\/p>\n<h4><em>El presidente Sebasti\u00e1n Pi\u00f1era volvi\u00f3 sobre sus dichos<\/em><\/h4>\n<p>&nbsp;<\/p>\n<p><em><strong>SANTIAGO DE CHILE, 25 ABR &#8211;<\/strong><\/em> El presidente de Chile, Sebasti\u00e1n Pi\u00f1era, se vio obligado a rectificar y aclarar que el retorno a clases ser\u00e1 cuando el pico m\u00e1ximo del Covid-19 haya pasado en el pa\u00eds.<br \/>\nLa semana pasada se instal\u00f3 la reapertura de escuelas de manera escalonada, con menos ni\u00f1os por curso y recreos diferidos. Las clases se suspendieron el 16 de marzo, a una semana del inicio del a\u00f1o escolar. En abril, el ministerio de Educaci\u00f3n adelant\u00f3 las vacaciones de invierno que culminan el pr\u00f3ximo lunes. Sebasti\u00e1n Pi\u00f1era declar\u00f3 a un matinal de televisi\u00f3n que &#8220;no nos vamos a anticipar, va a ocurrir cuando podamos asegurar que somos capaces de darle protecci\u00f3n a los empleados p\u00fablicos, a los ni\u00f1os y j\u00f3venes que volver\u00e1n a las escuelas, y eso nosotros creemos que va a producirse en el mes de mayo. Por lo mismo tenemos que empezar a prepararnos&#8221;.<br \/>\n&#8220;El &#8216;retorno seguro&#8217; ser\u00e1 cuando el punto m\u00e1s \u00e1lgido haya pasado&#8221;, puntualiz\u00f3.<br \/>\nEl ministro de Educaci\u00f3n, Ra\u00fal Figueroa, sostuvo hace dos d\u00edas que ser\u00eda irresponsable poner una fecha al retorno a clases porque &#8220;depende de una serie de factores esencialmente sanitarios que, obviamente, escapan a mi responsabilidad y conocimiento&#8221;.<br \/>\nDurante una sesi\u00f3n a distancia de la comisi\u00f3n de Educaci\u00f3n de la C\u00e1mara de Diputados, expres\u00f3 que el retorno ser\u00e1 gradual y se desmarc\u00f3 de los dichos del ministro de Salud, Jaime Ma\u00f1alich, quien ped\u00eda que el regreso deb\u00eda ser lo m\u00e1s pronto posible.<br \/>\nFigueroa explic\u00f3 que &#8220;lo que s\u00ed podemos, y en eso estamos trabajando y espero poder transmitirlo con mayor claridad, son las fases en que esto se tiene que hacer, la gradualidad necesaria, el foco en la seguridad que el retorno a clases tiene que tener&#8221;.<br \/>\nAfirm\u00f3 que el coronavirus afecta en menor medida a los ni\u00f1os y j\u00f3venes, que los que se contagian no corren mayor riesgo y recalc\u00f3 que los &#8220;ni\u00f1os no son un factor de riesgo&#8221;, aseveraci\u00f3n que gener\u00f3 cr\u00edticas en redes sociales.<br \/>\nM\u00e1s tarde explic\u00f3 que &#8220;ustedes saben que el coronavirus afecta en mucho menor medida a los ni\u00f1os y j\u00f3venes. Se contagian, es cierto, pero tienen una tasa de incidencia mucho menor y los que se contagian no corren mayor riesgo en t\u00e9rminos vitales&#8221;.<br \/>\n&#8220;Eso es muy importante, porque a veces, el discurso de pap\u00e1s y mam\u00e1s es que sienten que volver a clases, sea cuando sea el momento, significa poner en extremo riesgo a sus hijos y sabemos que eso no es as\u00ed&#8221;, defendi\u00f3.<br \/>\nEl ministro Ma\u00f1alich, quien coloc\u00f3 el tema al sostener d\u00edas atr\u00e1s que &#8216;fue un error suspender las clases&#8217;, hoy suaviz\u00f3 sus t\u00e9rminos. &#8220;La preparaci\u00f3n que se est\u00e1 haciendo en el Gobierno es muy cuidadosa, responsable, orientada por criterios sanitarios y por el consejo que asesora al Ministerio de Salud y autoridades internacionales para ver cu\u00e1les son los pasos concretos&#8221;, afirm\u00f3.<br \/>\nEl jefe m\u00e1ximo en Salud al parecer fue reprendido por los conflictos no forzados que ha desatado. Impl\u00edcitamente lo reconoci\u00f3 hoy el presidente Pi\u00f1era. Cont\u00f3 en televisi\u00f3n que &#8220;yo le dije ayer, Jaime es tan importante el rol que est\u00e1 jugando usted como ministro de Salud, que, por favor, conc\u00e9ntrese en una sola cosa, proteger la salud de los chilenos y todo lo dem\u00e1s d\u00e9jelo de lado o para m\u00e1s adelante&#8221;.<br \/>\nEn tanto, el presidente del Colegio de Profesores, Mario Aguilar, dijo que espera que el Gobierno capte &#8220;la sensibilidad ciudadana y se d\u00e9 cuenta que este intento de forzar el retorno a como d\u00e9 lugar en las pr\u00f3ximas semanas durante mayo est\u00e1 teniendo much\u00edsima resistencia, fundamentalmente en los apoderados&#8221;.<br \/>\nAdvirti\u00f3 en declaraciones a radio Cooperativa que si la gente no se siente segura, &#8220;no va a mandar a sus hijos al colegio&#8221;, Pidi\u00f3 que a\u00fan cuando se retomen en alg\u00fan momento las clases presenciales, &#8220;las evaluaciones tienen que flexibilizarse mucho&#8221;.<br \/>\n&#8220;Lo que debe haber es mucha autonom\u00eda para que las mismas comunidades docentes, el consejo de profesores, cada colegio defina, debe haber mucha flexibilidad, priorizar las evaluaciones formativas por sobre las sumativas (notas)&#8221;, expres\u00f3, recalcando que &#8220;las calificaciones en este momento no corresponden&#8221;.<\/p>\n","protected":false},"excerpt":{"rendered":"<p>&nbsp; El presidente Sebasti\u00e1n Pi\u00f1era volvi\u00f3 sobre sus dichos &nbsp; SANTIAGO DE CHILE, 25 ABR &#8211; El presidente de Chile, Sebasti\u00e1n Pi\u00f1era, se vio obligado&hellip;<\/p>\n","protected":false},"author":99,"featured_media":0,"comment_status":"open","ping_status":"open","sticky":false,"template":"","format":"standard","meta":{"footnotes":""},"categories":[23],"tags":[],"class_list":["post-490455","post","type-post","status-publish","format-standard","hentry","category-latinoamerica"],"_links":{"self":[{"href":"https:\/\/diarioelpopular.com\/index.php\/wp-json\/wp\/v2\/posts\/490455","targetHints":{"allow":["GET"]}}],"collection":[{"href":"https:\/\/diarioelpopular.com\/index.php\/wp-json\/wp\/v2\/posts"}],"about":[{"href":"https:\/\/diarioelpopular.com\/index.php\/wp-json\/wp\/v2\/types\/post"}],"author":[{"embeddable":true,"href":"https:\/\/diarioelpopular.com\/index.php\/wp-json\/wp\/v2\/users\/99"}],"replies":[{"embeddable":true,"href":"https:\/\/diarioelpopular.com\/index.php\/wp-json\/wp\/v2\/comments?post=490455"}],"version-history":[{"count":1,"href":"https:\/\/diarioelpopular.com\/index.php\/wp-json\/wp\/v2\/posts\/490455\/revisions"}],"predecessor-version":[{"id":490457,"href":"https:\/\/diarioelpopular.com\/index.php\/wp-json\/wp\/v2\/posts\/490455\/revisions\/490457"}],"wp:attachment":[{"href":"https:\/\/diarioelpopular.com\/index.php\/wp-json\/wp\/v2\/media?parent=490455"}],"wp:term":[{"taxonomy":"category","embeddable":true,"href":"https:\/\/diarioelpopular.com\/index.php\/wp-json\/wp\/v2\/categories?post=490455"},{"taxonomy":"post_tag","embeddable":true,"href":"https:\/\/diarioelpopular.com\/index.php\/wp-json\/wp\/v2\/tags?post=490455"}],"curies":[{"name":"wp","href":"https:\/\/api.w.org\/{rel}","templated":true}]}}