{"id":490458,"date":"2020-04-25T11:48:36","date_gmt":"2020-04-25T15:48:36","guid":{"rendered":"https:\/\/diarioelpopular.com\/?p=490458"},"modified":"2020-04-25T11:48:36","modified_gmt":"2020-04-25T15:48:36","slug":"fuerzas-armadas-de-mexico-infectadas","status":"publish","type":"post","link":"https:\/\/diarioelpopular.com\/index.php\/2020\/04\/25\/fuerzas-armadas-de-mexico-infectadas\/","title":{"rendered":"Fuerzas Armadas de M\u00e9xico, infectadas"},"content":{"rendered":"<h4><em>Un marino y cuatro soldados las v\u00edctimas, suman 95 contagiados<\/em><\/h4>\n<div id=\"attachment_490459\" style=\"width: 160px\" class=\"wp-caption alignnone\"><img loading=\"lazy\" decoding=\"async\" aria-describedby=\"caption-attachment-490459\" class=\"size-thumbnail wp-image-490459\" src=\"https:\/\/diarioelpopular.com\/wp-content\/uploads\/2020\/04\/194c4b25ee2594a0dc4792cc9d9997e4-150x150.jpg\" alt=\"\" width=\"150\" height=\"150\" \/><p id=\"caption-attachment-490459\" class=\"wp-caption-text\">El Covid.19 ataca a las Fuerzas Armadas mexicanas.<\/p><\/div>\n<p>&nbsp;<\/p>\n<p><em><strong>CIUDAD DE MEXICO, 25 ABR &#8211;<\/strong><\/em> La pandemia de Covid-19 pas\u00f3 tambi\u00e9n factura a las Fuerzas Armadas mexicanas, con la muerte de cinco miembros y el contagio de 95, informaron los m\u00e1s altos responsables de los cuerpos castrenses.<br \/>\nEn las filas de la Armada de M\u00e9xico hay un marino muerto y 35 infectados, mientras que en el Ej\u00e9rcito y la Fuerza A\u00e9rea se contabilizan cuatro fallecidos y 60 casos positivos de Covid-19.<br \/>\nEn conferencia de prensa, el general Luis Cresencio Sandoval indic\u00f3 que del total de contagios en el Ej\u00e9rcito y la Fuerza A\u00e9rea 60 son militares en activo, ocho retirados y 14 familiares de personal militar, adem\u00e1s de 256 casos sospechosos.<br \/>\n&#8220;Actualmente tenemos nueve hospitalizados, ninguno de gravedad&#8221;, indic\u00f3.<br \/>\nPor su parte, el almirante de la Marina, Rafael Ojeda, se\u00f1al\u00f3 que en este instituto armado suman 35 elementos contagiados de coronavirus, pero no se reportan casos de gravedad y que el \u00fanico elemento que falleci\u00f3 era un capit\u00e1n retirado. En el hospital de la Marina de la Ciudad de M\u00e9xico se ha recibido a 20 civiles hasta ahora, nueve intubados delicados, &#8220;pero est\u00e1n saliendo y dimos de alta a dos&#8221;, indic\u00f3 el funcionario.<br \/>\nEl presidente Andr\u00e9s L\u00f3pez Obrador, presente en la conferencia, envi\u00f3 su p\u00e9same a las familias de los civiles y militares que han fallecido debido al coronavirus.<br \/>\nEl mandatario pidi\u00f3 que se sigan atendiendo las medidas de prevenci\u00f3n y sana distancia para evitar contagios. &#8220;Estamos luchando para que se eviten m\u00e1s muertes. Es muy lamentable que se pierdan vidas humanas, entonces nuestro abrazo a los familiares de los enfermos, a los familiares de fallecidos&#8221;, indic\u00f3.<\/p>\n","protected":false},"excerpt":{"rendered":"<p>Un marino y cuatro soldados las v\u00edctimas, suman 95 contagiados &nbsp; CIUDAD DE MEXICO, 25 ABR &#8211; La pandemia de Covid-19 pas\u00f3 tambi\u00e9n factura a&hellip;<\/p>\n","protected":false},"author":99,"featured_media":0,"comment_status":"open","ping_status":"open","sticky":false,"template":"","format":"standard","meta":{"footnotes":""},"categories":[23],"tags":[],"class_list":["post-490458","post","type-post","status-publish","format-standard","hentry","category-latinoamerica"],"_links":{"self":[{"href":"https:\/\/diarioelpopular.com\/index.php\/wp-json\/wp\/v2\/posts\/490458","targetHints":{"allow":["GET"]}}],"collection":[{"href":"https:\/\/diarioelpopular.com\/index.php\/wp-json\/wp\/v2\/posts"}],"about":[{"href":"https:\/\/diarioelpopular.com\/index.php\/wp-json\/wp\/v2\/types\/post"}],"author":[{"embeddable":true,"href":"https:\/\/diarioelpopular.com\/index.php\/wp-json\/wp\/v2\/users\/99"}],"replies":[{"embeddable":true,"href":"https:\/\/diarioelpopular.com\/index.php\/wp-json\/wp\/v2\/comments?post=490458"}],"version-history":[{"count":1,"href":"https:\/\/diarioelpopular.com\/index.php\/wp-json\/wp\/v2\/posts\/490458\/revisions"}],"predecessor-version":[{"id":490460,"href":"https:\/\/diarioelpopular.com\/index.php\/wp-json\/wp\/v2\/posts\/490458\/revisions\/490460"}],"wp:attachment":[{"href":"https:\/\/diarioelpopular.com\/index.php\/wp-json\/wp\/v2\/media?parent=490458"}],"wp:term":[{"taxonomy":"category","embeddable":true,"href":"https:\/\/diarioelpopular.com\/index.php\/wp-json\/wp\/v2\/categories?post=490458"},{"taxonomy":"post_tag","embeddable":true,"href":"https:\/\/diarioelpopular.com\/index.php\/wp-json\/wp\/v2\/tags?post=490458"}],"curies":[{"name":"wp","href":"https:\/\/api.w.org\/{rel}","templated":true}]}}