{"id":490511,"date":"2020-04-25T22:24:52","date_gmt":"2020-04-26T02:24:52","guid":{"rendered":"https:\/\/diarioelpopular.com\/?p=490511"},"modified":"2020-04-25T22:24:52","modified_gmt":"2020-04-26T02:24:52","slug":"millones-vuelven-al-trabajo-en-colombia","status":"publish","type":"post","link":"https:\/\/diarioelpopular.com\/index.php\/2020\/04\/25\/millones-vuelven-al-trabajo-en-colombia\/","title":{"rendered":"Millones vuelven al trabajo en Colombia"},"content":{"rendered":"<div id=\"attachment_490512\" style=\"width: 160px\" class=\"wp-caption alignnone\"><img loading=\"lazy\" decoding=\"async\" aria-describedby=\"caption-attachment-490512\" class=\"size-thumbnail wp-image-490512\" src=\"https:\/\/diarioelpopular.com\/wp-content\/uploads\/2020\/04\/25c948fd87d030233bda57d49479469b-150x150.jpg\" alt=\"\" width=\"150\" height=\"150\" \/><p id=\"caption-attachment-490512\" class=\"wp-caption-text\"><em>En medio de la pandemia, distribuci\u00f3n de alimentos en Bogot\u00e1.<\/em><\/p><\/div>\n<p>&nbsp;<\/p>\n<h4><em>Desde el lunes a la calle constructores y manufactureros<\/em><\/h4>\n<p>&nbsp;<\/p>\n<p><em><strong>BOGOTA, 25 ABR &#8211;<\/strong> <\/em>Al menos 2,4 millones trabajadores retornar\u00eda desde el pr\u00f3ximo lunes a sus labores, luego que el gobierno levantara la cuarentena para los sectores de la construcci\u00f3n y manufactura.<br \/>\nLa cifra la suministr\u00f3 Juan Daniel Oviedo, director del Departamento Administrativo Nacional de Estad\u00edstica (Dane), con base en datos de cada un de esos renglones de la econom\u00eda.<br \/>\n&#8220;Aproximadamente entre construcci\u00f3n y manufactura podemos estar esperando unos 2,4 millones de personas que estar\u00edan entrando a sus ocupaciones el lunes&#8221;, precis\u00f3 hoy Oviedo a Blu Radio.<br \/>\nEl jefe de la estad\u00edstica oficial sostuvo que esa cifra no corresponde a la totalidad de trabajadores que poseen esos dos sectores y explic\u00f3 c\u00f3mo se componen.<br \/>\nEl sector de la construcci\u00f3n ocupa alrededor de 1,5 millones de personas, tanto en &#8220;segmentos&#8221; formales como informales.<br \/>\nMientras que las actividades manufactureras emplean a 2,5 millones de trabajadores, pero el 57% de esa poblaci\u00f3n est\u00e1 en empresas que tienen entre uno y cinco trabajadores, quienes no se integrar\u00e1n de inmediato a sus actividades porque dependen de que el comercio abra sus puertas.<br \/>\nEsta semana el gobierno amparado en razones cient\u00edficas y necesidades econ\u00f3micas aviso de la reapertura de esas labores desde el 27 de abril.<br \/>\nPreviamente, el ejecutivo hab\u00eda extendido hasta el 11 de mayo la cuarentena, pero urgi\u00f3 por medidas para encender la econom\u00eda, que durante los 32 d\u00edas de encierro que se cumplen hoy solo permit\u00eda la salida a las calles para realizar una treintena de actividades.<br \/>\nBuena parte de esas actividades inclu\u00edan sectores econ\u00f3micos como los proveedores de alimentos y medicamentos, los transportistas y servicios bancarios, entre otros.<br \/>\nLa noche del viernes, el gobierno divulg\u00f3 el decreto en el que ampliaba el confinamiento y de paso listaba las cuarenta actividades exentas de restricciones de movilidad.<br \/>\nAdem\u00e1s de permitir la salida de los trabajadores de la construcci\u00f3n y la manufactura, la administraci\u00f3n de Iv\u00e1n Duque habilit\u00f3 la venta de loter\u00edas y juegos de azar, la comercializaci\u00f3n y reparaci\u00f3n de bicicletas, y la reapertura de los estacionamientos p\u00fablicos.<br \/>\nEstas decisiones enfrentaron durante esta semana al gobierno con la Alcald\u00eda de Bogot\u00e1 que reclam\u00f3 una salida progresiva de los trabajadores de esos sectores para no colapsar el sistema de transporte p\u00fablico, cuya capacidad no puede superar el 35%.<br \/>\nLa alcaldesa de la capital, Claudia L\u00f3pez, reclam\u00f3 al gobierno por protocolos precisos para el desplazamiento de esos trabajadores, en respuesta el ejecutivo expidi\u00f3 una resoluci\u00f3n en la que le ordenaba unas serie de medidas sanitarias a los nuevos sectores econ\u00f3micos exentos del confinamiento.<br \/>\nEntre ellas el uso obligatorios de tapabocas, la orden para que las empresas establezcan distanciamiento social, m\u00e1s ofertas de lugares de lavado de manos, sitios de desinfecci\u00f3n y la posibilidad de flexibilizar sus horarios laborales.<br \/>\nEl director del Dane, estim\u00f3 que poco m\u00e1s de 300 mil trabajadores de la construcci\u00f3n y la manufactura retornar\u00eda a sus labores desde el lunes en Bogot\u00e1.<br \/>\nNeg\u00f3 hablar de la cifra de desempleados que dejar\u00eda la pandemia hasta ahora, al advertir que el pr\u00f3ximo 30 de abril se conocer\u00e1n las cifras oficiales correspondientes a marzo, que adelant\u00f3 no mostrar\u00e1n la magnitud de la p\u00e9rdida de empleos en el pa\u00eds, puesto que ese mes tuvo dos semanas de actividades plenas.<br \/>\nSer\u00e1 en la medici\u00f3n de abril cuando se conozca el impacto real del coronavirus a la econom\u00eda local y las plazas laborales.<br \/>\nAlgunos analistas locales han pronosticado que la cifra de trabajadores que perdieron o perder\u00edan sus trabajos ser\u00eda de 1,5 millones de personas.<\/p>\n","protected":false},"excerpt":{"rendered":"<p>&nbsp; Desde el lunes a la calle constructores y manufactureros &nbsp; BOGOTA, 25 ABR &#8211; Al menos 2,4 millones trabajadores retornar\u00eda desde el pr\u00f3ximo lunes&hellip;<\/p>\n","protected":false},"author":99,"featured_media":0,"comment_status":"open","ping_status":"open","sticky":false,"template":"","format":"standard","meta":{"footnotes":""},"categories":[23],"tags":[],"class_list":["post-490511","post","type-post","status-publish","format-standard","hentry","category-latinoamerica"],"_links":{"self":[{"href":"https:\/\/diarioelpopular.com\/index.php\/wp-json\/wp\/v2\/posts\/490511","targetHints":{"allow":["GET"]}}],"collection":[{"href":"https:\/\/diarioelpopular.com\/index.php\/wp-json\/wp\/v2\/posts"}],"about":[{"href":"https:\/\/diarioelpopular.com\/index.php\/wp-json\/wp\/v2\/types\/post"}],"author":[{"embeddable":true,"href":"https:\/\/diarioelpopular.com\/index.php\/wp-json\/wp\/v2\/users\/99"}],"replies":[{"embeddable":true,"href":"https:\/\/diarioelpopular.com\/index.php\/wp-json\/wp\/v2\/comments?post=490511"}],"version-history":[{"count":1,"href":"https:\/\/diarioelpopular.com\/index.php\/wp-json\/wp\/v2\/posts\/490511\/revisions"}],"predecessor-version":[{"id":490513,"href":"https:\/\/diarioelpopular.com\/index.php\/wp-json\/wp\/v2\/posts\/490511\/revisions\/490513"}],"wp:attachment":[{"href":"https:\/\/diarioelpopular.com\/index.php\/wp-json\/wp\/v2\/media?parent=490511"}],"wp:term":[{"taxonomy":"category","embeddable":true,"href":"https:\/\/diarioelpopular.com\/index.php\/wp-json\/wp\/v2\/categories?post=490511"},{"taxonomy":"post_tag","embeddable":true,"href":"https:\/\/diarioelpopular.com\/index.php\/wp-json\/wp\/v2\/tags?post=490511"}],"curies":[{"name":"wp","href":"https:\/\/api.w.org\/{rel}","templated":true}]}}