{"id":490521,"date":"2020-04-25T22:33:39","date_gmt":"2020-04-26T02:33:39","guid":{"rendered":"https:\/\/diarioelpopular.com\/?p=490521"},"modified":"2020-04-25T22:33:39","modified_gmt":"2020-04-26T02:33:39","slug":"el-virus-avanza-raudo-en-latinoamerica","status":"publish","type":"post","link":"https:\/\/diarioelpopular.com\/index.php\/2020\/04\/25\/el-virus-avanza-raudo-en-latinoamerica\/","title":{"rendered":"El virus avanza raudo en Latinoam\u00e9rica"},"content":{"rendered":"<h4><em>Los contagios superan los 150 mil. Brasil, el peor de todos<\/em><\/h4>\n<p>&nbsp;<\/p>\n<div id=\"attachment_490522\" style=\"width: 160px\" class=\"wp-caption alignnone\"><img loading=\"lazy\" decoding=\"async\" aria-describedby=\"caption-attachment-490522\" class=\"size-thumbnail wp-image-490522\" src=\"https:\/\/diarioelpopular.com\/wp-content\/uploads\/2020\/04\/64eaf63b29c38e962ce178c4ad3fefa4-150x150.jpg\" alt=\"\" width=\"150\" height=\"150\" \/><p id=\"caption-attachment-490522\" class=\"wp-caption-text\"><em>La muertes se multiplican en Latinoam\u00e9rica. Una imagen de Ecuador.<\/em><\/p><\/div>\n<p>&nbsp;<\/p>\n<p><em><strong>BUENOS AIRES, 25 ABR &#8211;<\/strong><\/em> Una fuerte expansi\u00f3n de la pandemia se registra en en Am\u00e9rica Latina, donde las infecciones ya superan los 150 mil casos y las 7.400 muertes, seg\u00fan estad\u00edsticas basadas en reportes oficiales.<br \/>\nEn poco m\u00e1s de 48 horas los infectados con Covid-19 en la regi\u00f3n pasaron de 121.087 a 150,224 (+ 29.137) y los decesos de 6.116 a 7.420 (+1.304). Esto surge de los datos de entes nacionales de los 34 pa\u00edses y territorios latinoamericanos.<br \/>\nEl desarrollo de los datos muestra que, una vez m\u00e1s, Brasil es el pa\u00eds m\u00e1s afectado, dada la importancia de su poblaci\u00f3n (m\u00e1s de 210 millones de personas), con poco m\u00e1s de un tercio de los infectados (52.995) y la mitad de los fallecidos ( 3.670) del subcontinente. Cabe se\u00f1alar que hace d\u00edas, al final de una fase de tensi\u00f3n en la estrategia de contraste Covid-19, el presidente Jair Bolsonaro exoner\u00f3 al ministro de Salud, Luiz Henrique Mandetta, reemplaz\u00e1ndolo por el onc\u00f3logo Nelson Teich.<br \/>\nEcuador es el segundo pa\u00eds de la regi\u00f3n por n\u00famero de personas infectadas, con 22.719 casos y 576 muertes.<\/p>\n","protected":false},"excerpt":{"rendered":"<p>Los contagios superan los 150 mil. Brasil, el peor de todos &nbsp; &nbsp; BUENOS AIRES, 25 ABR &#8211; Una fuerte expansi\u00f3n de la pandemia se&hellip;<\/p>\n","protected":false},"author":99,"featured_media":0,"comment_status":"open","ping_status":"open","sticky":false,"template":"","format":"standard","meta":{"footnotes":""},"categories":[23],"tags":[],"class_list":["post-490521","post","type-post","status-publish","format-standard","hentry","category-latinoamerica"],"_links":{"self":[{"href":"https:\/\/diarioelpopular.com\/index.php\/wp-json\/wp\/v2\/posts\/490521","targetHints":{"allow":["GET"]}}],"collection":[{"href":"https:\/\/diarioelpopular.com\/index.php\/wp-json\/wp\/v2\/posts"}],"about":[{"href":"https:\/\/diarioelpopular.com\/index.php\/wp-json\/wp\/v2\/types\/post"}],"author":[{"embeddable":true,"href":"https:\/\/diarioelpopular.com\/index.php\/wp-json\/wp\/v2\/users\/99"}],"replies":[{"embeddable":true,"href":"https:\/\/diarioelpopular.com\/index.php\/wp-json\/wp\/v2\/comments?post=490521"}],"version-history":[{"count":1,"href":"https:\/\/diarioelpopular.com\/index.php\/wp-json\/wp\/v2\/posts\/490521\/revisions"}],"predecessor-version":[{"id":490523,"href":"https:\/\/diarioelpopular.com\/index.php\/wp-json\/wp\/v2\/posts\/490521\/revisions\/490523"}],"wp:attachment":[{"href":"https:\/\/diarioelpopular.com\/index.php\/wp-json\/wp\/v2\/media?parent=490521"}],"wp:term":[{"taxonomy":"category","embeddable":true,"href":"https:\/\/diarioelpopular.com\/index.php\/wp-json\/wp\/v2\/categories?post=490521"},{"taxonomy":"post_tag","embeddable":true,"href":"https:\/\/diarioelpopular.com\/index.php\/wp-json\/wp\/v2\/tags?post=490521"}],"curies":[{"name":"wp","href":"https:\/\/api.w.org\/{rel}","templated":true}]}}