{"id":490530,"date":"2020-04-25T22:48:23","date_gmt":"2020-04-26T02:48:23","guid":{"rendered":"https:\/\/diarioelpopular.com\/?p=490530"},"modified":"2020-04-25T22:48:23","modified_gmt":"2020-04-26T02:48:23","slug":"aparece-una-mujer-que-fue-dada-por-muerta-en-ecuador-durante-pandemia","status":"publish","type":"post","link":"https:\/\/diarioelpopular.com\/index.php\/2020\/04\/25\/aparece-una-mujer-que-fue-dada-por-muerta-en-ecuador-durante-pandemia\/","title":{"rendered":"Aparece una mujer que fue dada por muerta en Ecuador durante pandemia"},"content":{"rendered":"<div id=\"attachment_490531\" style=\"width: 646px\" class=\"wp-caption alignnone\"><img loading=\"lazy\" decoding=\"async\" aria-describedby=\"caption-attachment-490531\" class=\"size-custom-full-size wp-image-490531\" src=\"https:\/\/diarioelpopular.com\/wp-content\/uploads\/2020\/04\/5e876b4406206-1-636x318.jpeg\" alt=\"\" width=\"636\" height=\"318\" \/><p id=\"caption-attachment-490531\" class=\"wp-caption-text\"><em>Calle de Guayaquil (Ecuador).<\/em><\/p><\/div>\n<p>&nbsp;<\/p>\n<h4><em>Este caso demuestra la crisis que se vive en los hospitales en este pa\u00eds<\/em><\/h4>\n<p>&nbsp;<\/p>\n<p id=\"pnull-m178-177-179\" class=\"contenido\">La repentina aparici\u00f3n de una paciente que hab\u00eda sido declarada muerta hace un mes en un hospital del Suburbio de Guayaquil, epicentro de la pandemia en Ecuador, se ha tornado en un ejemplo del deficiente manejo en las morgues hospitalarias en medio de la crisis sanitaria por covid-19.<\/p>\n<p class=\"contenido\">Los familiares de Alba Maruri Granda, de 74 a\u00f1os y que las autoridades dieron por fallecida el 27 de marzo, han difundido este fin de semana en redes sociales que en realidad la mujer no hab\u00eda perdido la vida, sino que se produjo alg\u00fan tipo de confusi\u00f3n con su nombre y el de otra persona difunta.<\/p>\n<p class=\"contenido\"><em><strong><span id=\"pnull-m299-3-300\" class=\"articulo-subtitulo\">Estaba insconciente<\/span><\/strong><\/em><\/p>\n<p id=\"pnull-m292-3-293\" class=\"contenido\">Granda hab\u00eda ingresado en el hospital Abel Gilbert Pont\u00f3n a finales del mes pasado, con un cuadro de fiebre y dificultad para respirar, por lo que era sospechosa de covid-19.<\/p>\n<p>All\u00ed habr\u00eda perdido la conciencia, y no fue hasta esta semana cuando la recuper\u00f3, tras lo cual se identific\u00f3 y pidi\u00f3 hablar con sus familiares. Sin embargo, los parientes de la supuesta fallecida resolvieron incinerar el cuerpo que les fue entregado en su d\u00eda por el hospital, e incluso donado parte de sus enseres y ropa, tras el desconsuelo de la fatal p\u00e9rdida.<\/p>\n<p>&#8220;Los doctores fueron a casa de mi t\u00eda a corroborar e informar del error. A\u00fan no saben de qui\u00e9n son las cenizas que est\u00e1n en casa&#8221;, asegur\u00f3 en una red social uno de los sobrinos de la mujer, Juan Carlos Ram\u00edrez. El familiar precis\u00f3 que pese a las vicisitudes, Granda se encuentra bien y que &#8220;los milagros a\u00fan existen&#8221;, mientras que la familia espera ahora que el hospital le devuelva el dinero que pagaron por la cremaci\u00f3n del cuerpo de la que pensaban era su t\u00eda.<\/p>\n<p class=\"contenido\">El caso sale a la luz tres semanas despu\u00e9s de que decenas de personas denunciaran la desaparici\u00f3n de los restos mortales de familiares en morgues hospitalarias de la ciudad, y cobros que les hab\u00edan exigido funcionarios en los centros m\u00e9dicos a cambio de informaci\u00f3n sobre los cad\u00e1veres.<\/p>\n<p>Un trabajador de un hospital fue destituido por el Ministerio de Salud P\u00fablica en relaci\u00f3n a la gesti\u00f3n de los dep\u00f3sitos de cad\u00e1veres.<\/p>\n<p class=\"contenido\"><em><strong><span id=\"pnull-m323-5-324\" class=\"articulo-subtitulo\"> balance en Ecuador<\/span><\/strong><\/em><\/p>\n<p id=\"pnull-m316-5-317\" class=\"contenido\">Con 10.400 contagios oficiales, Guayaquil suma el 51 por ciento de casos de todo el pa\u00eds, lo cual se agrava al saber que Guayas, la provincia de la que es capital, suma casi 8.000 fallecimientos &#8220;extra&#8221; desde que comenz\u00f3 la crisis sanitaria en el pa\u00eds el 29 de febrero y de los que, reconocen las propias autoridades, es casi imposible saber las causas exactas.<\/p>\n<p>La emergencia sanitaria se torn\u00f3 dram\u00e1tica hace un mes en la ciudad, escenario de una crisis de cad\u00e1veres que no pod\u00edan ser levantados ni sepultados, al encontrarse autoridades, la industria funeraria y hospitales desbordados por una cifra extremadamente alta de fallecimientos, tanto por covid-19 como por otras causas.<\/p>\n<p>Entre las situaciones m\u00e1s dram\u00e1ticas vividas en la urbe, hubo familiares que dijeron que tuvieron que entrar en las morgues m\u00f3viles a buscar a sus parientes y que nunca los hallaron.<\/p>\n<p class=\"contenido\">La Fiscal\u00eda ecuatoriana investiga desde principios de mes la existencia de una supuesta red delictiva encargada de cobrar dinero por &#8220;entregar cuerpos de fallecidos por covid-19&#8221;, por el presunto delito de concusi\u00f3n, aunque hasta la fecha no se conocen avances.<\/p>\n<div id=\"pnull-m392-7-393\" class=\"fotografia\">\n<div class=\"imagen-cuerpo-bk\">\n<figure id=\"m397-396-398\" class=\"foto-galeria-articulo\"><img decoding=\"async\" src=\"https:\/\/www.eltiempo.com\/files\/article_content\/uploads\/2020\/04\/03\/5e8744040a83c.jpeg\" alt=\"Guayaquil en shock por el manejo de los muertos en plena pandemia\" width=\"600px\" height=\"450px\" data-original=\"\/files\/article_content\/uploads\/2020\/04\/03\/5e8744040a83c.jpeg\" \/><\/figure>\n<\/div>\n<div class=\"figcaption-cuerpo-bk credito-image-bk\">\n<div class=\"titulo-foto-bk\">\n<p id=\"m404-1-405\" class=\"titulo\"><em>Los servicios f\u00fanebres en Guayaquil est\u00e1n desbordados.<\/em><\/p>\n<p>&nbsp;<\/p>\n<\/div>\n<\/div>\n<\/div>\n<p id=\"pnull-m330-7-331\" class=\"contenido\">Por otro lado, el jefe de la Fuerza de Tarea Conjunta,Jorge Wated, al mando de la gesti\u00f3n de la crisis de los cad\u00e1veres, anunci\u00f3 que presentar\u00e1 una denuncia por el caso de Granda, la mujer dada por muerta.<\/p>\n<p>&#8220;Esto es causal de una denuncia que voy a poner este lunes por el manejo de morgues en un hospital de Guayaquil&#8221;, avanz\u00f3 el funcionario, que quiso aclarar que su equipo no gestiona los dep\u00f3sitos, sino los levantamientos y entierros de fallecidos.<\/p>\n<p>Por su parte, el ministro de Salud, Juan Carlos Zevallos, calific\u00f3 el suceso de &#8220;espeluznante&#8221;<b>,<\/b> si bien expres\u00f3 desconocer los detalles, salvo que &#8220;es una se\u00f1ora que ten\u00eda discapacidad mental&#8221;.<\/p>\n<p class=\"contenido\">Decenas de personas siguen a la espera de conocer el paradero de sus seres queridos difuntos, algunos fallecidos hace m\u00e1s de 20 d\u00edas en hospitales o que fueron recogidos en domicilios de Guayaquil, en pleno desbordamiento del sistema funerario y sanitario.<\/p>\n<p>Pese a que el Gobierno puso en marcha una p\u00e1gina oficial para que los familiares pudieran conocer d\u00f3nde se hallaban o eran sepultadas las personas que fallecen en medio de la emergencia sanitaria por el coronavirus, a\u00fan quedan abiertas muchas interrogantes en la ciudad.<\/p>\n<p>Y el caso de la supuesta difunta que nunca lo fue se ha convertido en el triste reflejo de una situaci\u00f3n que parece que va mucho m\u00e1s all\u00e1 de una negligencia puntual.<\/p>\n","protected":false},"excerpt":{"rendered":"<p>&nbsp; Este caso demuestra la crisis que se vive en los hospitales en este pa\u00eds &nbsp; La repentina aparici\u00f3n de una paciente que hab\u00eda sido&hellip;<\/p>\n","protected":false},"author":99,"featured_media":0,"comment_status":"open","ping_status":"open","sticky":false,"template":"","format":"standard","meta":{"footnotes":""},"categories":[23],"tags":[],"class_list":["post-490530","post","type-post","status-publish","format-standard","hentry","category-latinoamerica"],"_links":{"self":[{"href":"https:\/\/diarioelpopular.com\/index.php\/wp-json\/wp\/v2\/posts\/490530","targetHints":{"allow":["GET"]}}],"collection":[{"href":"https:\/\/diarioelpopular.com\/index.php\/wp-json\/wp\/v2\/posts"}],"about":[{"href":"https:\/\/diarioelpopular.com\/index.php\/wp-json\/wp\/v2\/types\/post"}],"author":[{"embeddable":true,"href":"https:\/\/diarioelpopular.com\/index.php\/wp-json\/wp\/v2\/users\/99"}],"replies":[{"embeddable":true,"href":"https:\/\/diarioelpopular.com\/index.php\/wp-json\/wp\/v2\/comments?post=490530"}],"version-history":[{"count":1,"href":"https:\/\/diarioelpopular.com\/index.php\/wp-json\/wp\/v2\/posts\/490530\/revisions"}],"predecessor-version":[{"id":490532,"href":"https:\/\/diarioelpopular.com\/index.php\/wp-json\/wp\/v2\/posts\/490530\/revisions\/490532"}],"wp:attachment":[{"href":"https:\/\/diarioelpopular.com\/index.php\/wp-json\/wp\/v2\/media?parent=490530"}],"wp:term":[{"taxonomy":"category","embeddable":true,"href":"https:\/\/diarioelpopular.com\/index.php\/wp-json\/wp\/v2\/categories?post=490530"},{"taxonomy":"post_tag","embeddable":true,"href":"https:\/\/diarioelpopular.com\/index.php\/wp-json\/wp\/v2\/tags?post=490530"}],"curies":[{"name":"wp","href":"https:\/\/api.w.org\/{rel}","templated":true}]}}