{"id":490552,"date":"2020-04-26T13:36:09","date_gmt":"2020-04-26T17:36:09","guid":{"rendered":"https:\/\/diarioelpopular.com\/?p=490552"},"modified":"2020-04-26T13:36:19","modified_gmt":"2020-04-26T17:36:19","slug":"la-peste-avanza-y-bolsonaro-se-debilita","status":"publish","type":"post","link":"https:\/\/diarioelpopular.com\/index.php\/2020\/04\/26\/la-peste-avanza-y-bolsonaro-se-debilita\/","title":{"rendered":"La peste avanza y Bolsonaro se debilita"},"content":{"rendered":"<div id=\"attachment_490553\" style=\"width: 160px\" class=\"wp-caption alignnone\"><img loading=\"lazy\" decoding=\"async\" aria-describedby=\"caption-attachment-490553\" class=\"size-thumbnail wp-image-490553\" src=\"https:\/\/diarioelpopular.com\/wp-content\/uploads\/2020\/04\/b4d1fe3dffe8a2cf2cfb859ccc236ff0-150x150.jpg\" alt=\"\" width=\"150\" height=\"150\" \/><p id=\"caption-attachment-490553\" class=\"wp-caption-text\">Jair Bolsonaro, presidente de Brasil.<\/p><\/div>\n<p>&nbsp;<\/p>\n<h4><em>Su hijo sospechado de montar un esquema criminal de &#8220;fake news&#8221;<\/em><\/h4>\n<p>&nbsp;<\/p>\n<p><em><strong>SAN PABLO, 26 ABR &#8211;<\/strong><\/em> El presidente de Brasil, Jair Bolsonaro, busca un jurista en reemplazo del renunciante ministro de Justicia Sergio Moro que d\u00e9 algo de aire a su gobierno cada vez m\u00e1s maltrecho, mientras surgen revelaciones que salpican a uno de sus hijos en otro esc\u00e1ndalo de corrupci\u00f3n.<br \/>\nTodo en medio de la letal pandemia que se ensa\u00f1a con Brasil, donde Bolsonaro atac\u00f3 sistem\u00e1ticamente la cuarentena y la medidas restrictivas de algunos gobernadores y hasta calific\u00f3 al Covid-19 como &#8220;una gripecita&#8221; El n\u00famero de muertos por coronavirus en Brasil lleg\u00f3 este s\u00e1bado a 4.016, con 58.509 casos confirmados por el ministerio de Salud.<br \/>\nLos decesos aumentaron en 346 en un d\u00eda, un 9,4 % m\u00e1s que el viernes, aunque el r\u00e9cord fue alcanzado el pasado jueves, con 407 muertes en un solo d\u00eda. Los casos confirmados crecieron un 10,4 % y en la \u00faltima jornada fueron detectados otros 5.514.<br \/>\nFolha de Sao Paulo public\u00f3 hoy que en una investigaci\u00f3n confidencial realizada por el Tribunal Supremo Federal (STF), la Polic\u00eda Federal (PF) identific\u00f3 al concejal Carlos Bolsonaro, hijo de del mandatario, como uno de los articuladores de un esquema criminal de noticias falsas.<br \/>\nDentro de la Polic\u00eda Federal, revela el peri\u00f3dico, no hay duda de que Bolsonaro quer\u00eda exonerar al director de la Polic\u00eda Federal Mauricio Valeixo, un hombre de confianza de Moro, porque sab\u00eda que la corporaci\u00f3n hab\u00eda llegado a su hijo, a quien llam\u00f3 &#8220;el 02&#8221;. concejal en R\u00edo de Janeiro por el partido republicano.<br \/>\nPara el presidente, sacar a Valeixo del liderazgo de la PF podr\u00eda allanar el camino para obtener informaci\u00f3n sobre la investigaci\u00f3n de la Corte Suprema o incluso cambiar el grupo de delegados responsables del caso.<br \/>\nUno de los cuatro delegados que trabajan en la investigaci\u00f3n es Igor Romario de Paula, quien coordin\u00f3 Lava Jato en Curitiba cuando Moro el juez de la operaci\u00f3n, revel\u00f3 Folha.<br \/>\nEl despido de Valeixo desencaden\u00f3 la renuncia de Moro, considerado un &#8220;s\u00faper&#8221; ministro en el gabinete de Bolsonaro y el hombre que mand\u00f3 al ex presidente Lula da Silva a prisi\u00f3n por corrupci\u00f3n.<br \/>\nLa salida de Moro y el proceder de Bolsonaro, un ex militar, se\u00f1alan analista locales, puso de encono al ala dura del gobierno, el n\u00facleo fuerte que sostiene a Bolsonaro, que est\u00e1 perdiendo ese respaldo. La investigaci\u00f3n que apunta a Bolsonaro hijo fue abierta en marzo del a\u00f1o pasado por el presidente del STF, Dias Toffoli, para investigar el uso de noticias falsas para amenazar y calumniar a los ministros de la corte.<br \/>\nCarlos Bolsonaro es investigado bajo sospecha de ser uno de los l\u00edderes del grupo que re\u00fane noticias falsas y act\u00faa para intimidar y amenazar a las autoridades p\u00fablicas en Internet. Pero tambi\u00e9n se sospecha de la participaci\u00f3n de su hermano Eduardo Bolsonaro, diputado federal por el PSL (Partido Social Liberal, de derecha).<br \/>\nAlgunos sectores de la prensa mencionaron como candidato al cargo de ministro de Justicia y Seguridad P\u00fablica, en lugar de Moro, el actual ministro Principal de la Secretar\u00eda General de la Presidencia, Jorge Oliveira.<br \/>\nEl funcionario se reuni\u00f3 con Bolsonaro en la ma\u00f1ana, pero pareci\u00f3 no convencer al mandatario, que no realiz\u00f3 ning\u00fan anuncio de designaci\u00f3n como se esperaba.<br \/>\nLa oposici\u00f3n plantea que Bolsonaro ha cometido un delito de responsabilidad y est\u00e1 sujeto a un proceso de destituci\u00f3n, por lo que anunciaron que impulsar\u00e1n un juicio pol\u00edtico. Moro declar\u00f3 ayer que Bolsonaro falsific\u00f3 su firma y minti\u00f3 en el decreto que exoneraba a Valeixo. El texto del decreto declaraba que director policial fue despedido &#8220;a pedido&#8221;, es decir que el director habr\u00eda solicitado su renuncia. Pero Moro dijo que esto no sucedi\u00f3 as\u00ed y que no firm\u00f3 el documento publicado en el Bolet\u00edn Oficial. Horas despu\u00e9s, el gobierno volvi\u00f3 a publicar el acto del presidente sin la firma del ahora ex ministro de Justicia. Moro dio un portazo y se march\u00f3, desatando una nueva crisis.<br \/>\nComo juez regional, Moro encabez\u00f3 la investigaci\u00f3n de corrupci\u00f3n llamada Car Wash, que descubri\u00f3 una extensa red de sobornos que involucraba a l\u00edderes empresariales y pol\u00edticos y llev\u00f3 a muchos de ellos a la c\u00e1rcel, y arrastr\u00f3 tambi\u00e9n a Lula.<br \/>\nEn ese momento, Da Silva lideraba las encuestas para ganar un tercer mandato presidencial, pero ante las acciones dela justicia no pudo presentarse.<br \/>\nLa elecci\u00f3n fue ganada posteriormente por Bolsonaro, un legislador de extrema derecha que se present\u00f3 como el candidato ideal para &#8220;terminar con la corrupci\u00f3n pol\u00edtica y la violencia criminal generalizada&#8221;. Moro acept\u00f3 la oferta de Bolsonaro y ocup\u00f3 el ministerio de Justicia, lo que gener\u00f3 cr\u00edticas de que las investigaciones de Car Wash ten\u00edan motivaciones pol\u00edticas.<\/p>\n","protected":false},"excerpt":{"rendered":"<p>&nbsp; Su hijo sospechado de montar un esquema criminal de &#8220;fake news&#8221; &nbsp; SAN PABLO, 26 ABR &#8211; El presidente de Brasil, Jair Bolsonaro, busca&hellip;<\/p>\n","protected":false},"author":99,"featured_media":0,"comment_status":"open","ping_status":"open","sticky":false,"template":"","format":"standard","meta":{"footnotes":""},"categories":[23],"tags":[],"class_list":["post-490552","post","type-post","status-publish","format-standard","hentry","category-latinoamerica"],"_links":{"self":[{"href":"https:\/\/diarioelpopular.com\/index.php\/wp-json\/wp\/v2\/posts\/490552","targetHints":{"allow":["GET"]}}],"collection":[{"href":"https:\/\/diarioelpopular.com\/index.php\/wp-json\/wp\/v2\/posts"}],"about":[{"href":"https:\/\/diarioelpopular.com\/index.php\/wp-json\/wp\/v2\/types\/post"}],"author":[{"embeddable":true,"href":"https:\/\/diarioelpopular.com\/index.php\/wp-json\/wp\/v2\/users\/99"}],"replies":[{"embeddable":true,"href":"https:\/\/diarioelpopular.com\/index.php\/wp-json\/wp\/v2\/comments?post=490552"}],"version-history":[{"count":2,"href":"https:\/\/diarioelpopular.com\/index.php\/wp-json\/wp\/v2\/posts\/490552\/revisions"}],"predecessor-version":[{"id":490555,"href":"https:\/\/diarioelpopular.com\/index.php\/wp-json\/wp\/v2\/posts\/490552\/revisions\/490555"}],"wp:attachment":[{"href":"https:\/\/diarioelpopular.com\/index.php\/wp-json\/wp\/v2\/media?parent=490552"}],"wp:term":[{"taxonomy":"category","embeddable":true,"href":"https:\/\/diarioelpopular.com\/index.php\/wp-json\/wp\/v2\/categories?post=490552"},{"taxonomy":"post_tag","embeddable":true,"href":"https:\/\/diarioelpopular.com\/index.php\/wp-json\/wp\/v2\/tags?post=490552"}],"curies":[{"name":"wp","href":"https:\/\/api.w.org\/{rel}","templated":true}]}}