{"id":490615,"date":"2020-04-28T19:58:14","date_gmt":"2020-04-28T23:58:14","guid":{"rendered":"https:\/\/diarioelpopular.com\/?p=490615"},"modified":"2020-04-28T19:58:14","modified_gmt":"2020-04-28T23:58:14","slug":"sebastian-pinera-apunta-a-otro-aplazamiento-del-referendum-en-chile","status":"publish","type":"post","link":"https:\/\/diarioelpopular.com\/index.php\/2020\/04\/28\/sebastian-pinera-apunta-a-otro-aplazamiento-del-referendum-en-chile\/","title":{"rendered":"Sebasti\u00e1n Pi\u00f1era apunta a otro aplazamiento del refer\u00e9ndum en Chile"},"content":{"rendered":"<div id=\"attachment_490616\" style=\"width: 646px\" class=\"wp-caption alignnone\"><img loading=\"lazy\" decoding=\"async\" aria-describedby=\"caption-attachment-490616\" class=\"size-custom-full-size wp-image-490616\" src=\"https:\/\/diarioelpopular.com\/wp-content\/uploads\/2020\/04\/Screen-Shot-2020-04-28-at-7.57.42-PM-636x424.png\" alt=\"\" width=\"636\" height=\"424\" \/><p id=\"caption-attachment-490616\" class=\"wp-caption-text\">El presidente de Chile, Sebasti\u00e1n Pi\u00f1era, con mascarilla por el coronavirus, el pasado 12 de abril.JOS\u00c9 FRANCISCO Z\u00da\u00d1IGA \/ EUROPA PRESS.<\/p><\/div>\n<h4 class=\"a_st font_secondary color_gray_dark \"><em>El presidente cuestiona la fecha de octubre mientras resurgen peque\u00f1as protestas<\/em><\/h4>\n<p>&nbsp;<\/p>\n<p class=\"\">Las <a href=\"https:\/\/elpais.com\/tag\/c\/0d497cb7e550178c48c9d5b51ac33cbf\" target=\"_blank\" rel=\"noopener\" data-link-track-dtm=\"\">manifestaciones sociales en Santiago de Chile<\/a> se apagaron en seco en marzo con la crisis sanitaria de <a href=\"https:\/\/elpais.com\/noticias\/covid-19\/\" target=\"_blank\" rel=\"noopener\" data-link-track-dtm=\"\">la covid-19.<\/a> El D\u00eda Internacional de la Mujer fue<a href=\"https:\/\/elpais.com\/sociedad\/2020-03-08\/america-latina-se-prepara-para-el-8m-mas-multitudinario.html\" target=\"_blank\" rel=\"noopener\" data-link-track-dtm=\"\">la \u00faltima gran jornada de concentraciones<\/a>, con una marcha que reuni\u00f3 a dos millones de mujeres, seg\u00fan las organizadoras, en una muestra de la fuerza del movimiento social que ha tenido al feminismo como punta de lanza. Pero con 13.813 contagiados, 198 fallecidos y el Gobierno de <a href=\"https:\/\/elpais.com\/noticias\/sebastian-pinera\/\" target=\"_blank\" rel=\"noopener\" data-link-track-dtm=\"\">Sebasti\u00e1n Pi\u00f1era<\/a> apelando a un \u201cretorno seguro\u201d para retomar la producci\u00f3n con miras a aguantar mejor el golpe de la crisis econ\u00f3mica, el fantasma de la reactivaci\u00f3n de las protestas sobrevuela la gesti\u00f3n de la crisis sanitaria. Desde la semana pasada, por primera vez desde la suspensi\u00f3n de las movilizaciones, algunos grupos peque\u00f1os de manifestantes han desafiado a las autoridades en el epicentro de las revueltas en la capital, la Plaza Italia.<\/p>\n<p class=\"\">El presidente no ha contribuido precisamente a mantener a raya el malestar, en un momento complicado de la covid-19, cuando todav\u00eda no se alcanza el pico de la pandemia. El domingo, el mandatario se\u00f1al\u00f3 que la recesi\u00f3n econ\u00f3mica va a ser \u201ctan grande\u201d que la fecha del plebiscito sobre la Constituci\u00f3n \u201cquiz\u00e1s se va a volver a discutir\u201d, seg\u00fan indic\u00f3 en una entrevista a la cadena de televisi\u00f3n<i> CNN<\/i> en espa\u00f1ol. Su ministro de Salud, Jaime Ma\u00f1alich, explic\u00f3 que no se conoce todav\u00eda la situaci\u00f3n de la pandemia en Chile en el segundo semestre, pero que el temor de la ciudadan\u00eda a la enfermedad podr\u00eda poner \u201cen riesgo\u201d el nivel de participaci\u00f3n.<\/p>\n<p class=\"\">La posibilidad de<a href=\"https:\/\/elpais.com\/elpais\/2020\/03\/16\/opinion\/1584361540_227408.html\" target=\"_blank\" rel=\"noopener\" data-link-track-dtm=\"\"> reemplazar la Carta Magna<\/a> redactada por la dictadura de Pinochet fue la oferta que toda la clase pol\u00edtica le hizo a la ciudadan\u00eda en los d\u00edas \u00e1lgidos de las protestas a fines de 2019, apostando a calmar la calle. En marzo, cuando se desat\u00f3 la pandemia en el pa\u00eds, los dirigentes de todos los sectores pol\u00edticos acordaron no realizar el refer\u00e9ndum en su fecha original, anteayer, y <a href=\"https:\/\/elpais.com\/internacional\/2020-03-20\/el-congreso-de-chile-aplaza-el-referendum-sobre-la-nueva-constitucion-hasta-octubre.html\" target=\"_blank\" rel=\"noopener\" data-link-track-dtm=\"\">postergarlo para el 25 de octubre<\/a>. No hubo mayor resistencia ciudadana.<\/p>\n<p class=\"\">Pero la advertencia del mandatario conservador a seis meses de la realizaci\u00f3n del refer\u00e9ndum despierta la sospecha de la gente, que desconf\u00eda de sus l\u00edderes y de las instituciones democr\u00e1ticas (un 5% conf\u00eda en el Gobierno y un 3% en el Congreso, seg\u00fan la encuesta del Centro de Estudios P\u00fablicos dada a conocer en enero). Tampoco sus palabras han gustado en la oposici\u00f3n: \u201cSu declaraci\u00f3n tensiona a\u00fan m\u00e1s el dif\u00edcil momento que vivimos\u201d, indic\u00f3 Heraldo Mu\u00f1oz, l\u00edder del PPD, de centroizquierda.<\/p>\n<p class=\"\">Por las redes circulaban convocatorias para este lunes, en el mismo lugar, donde llamaban a participar en un \u201cestallido 2.0\u201d: \u201cMorir luchando, pero de hambre ni cagando\u201d, dec\u00eda el panfleto.<\/p>\n<p class=\"\">En algunos muros de Santiago se pueden leer nuevos rayados interpelando al Gobierno y a su presidente: \u201cPi\u00f1era, resistiremos la pandemia solo para verte caer\u201d. Los sondeos de opini\u00f3n, sin embargo, muestran que la crisis sanitaria le ha dado una impensada nueva oportunidad al mandatario conservador: luego de haber ca\u00eddo a un 9% de aprobaci\u00f3n en medio de las revueltas \u2014la peor en los 30 a\u00f1os desde el retorno a la democracia\u2014, su popularidad se empina ahora al 24%, de acuerdo al \u00faltimo sondeo de la encuestadora CADEM.<\/p>\n<h2 class=\"font_secondary color_gray_ultra_dark\">Temor al impacto de la crisis econ\u00f3mica<\/h2>\n<p class=\"\">El rebrote de las protestas es una preocupaci\u00f3n constante para La Moneda, a la que se la har\u00eda cuesta arriba lidiar al mismo tiempo con la pandemia mundial y con la presi\u00f3n de la calle, que desbordada se vuelve violenta. Las voces de alerta vienen incluso del propio oficialismo: \u201cLa crisis econ\u00f3mica puede rebrotar el estallido social y con m\u00e1s fuerza\u201d, ha dicho el presidente del partido de Gobierno, Renovaci\u00f3n Nacional, Mario Desbordes.<\/p>\n<p class=\"\">El Ejecutivo de Pi\u00f1era ha implementado dos planes econ\u00f3micos por unos 15.800 millones de euros, equivalentes al 6,9% del PIB, para amortiguar el batacazo econ\u00f3mico por la covid-19. \u201cAqu\u00ed habr\u00e1 quiebre y desempleo, eso teng\u00e1moslo claro\u201d, reconoci\u00f3 hace unos d\u00edas el ministro de Hacienda, Ignacio Briones. En el Congreso, el Gobierno apuesta a sacar adelante su proyecto de Ingreso Nacional de Emergencia, la mayor pol\u00edtica social que haya implementado el Estado chileno en los \u00faltimos 20 a\u00f1os, con el que se transferir\u00e1 dinero al bolsillo de cerca de 4,5 millones de personas por tres meses.<\/p>\n","protected":false},"excerpt":{"rendered":"<p>El presidente cuestiona la fecha de octubre mientras resurgen peque\u00f1as protestas &nbsp; Las manifestaciones sociales en Santiago de Chile se apagaron en seco en marzo&hellip;<\/p>\n","protected":false},"author":99,"featured_media":0,"comment_status":"open","ping_status":"open","sticky":false,"template":"","format":"standard","meta":{"footnotes":""},"categories":[23],"tags":[],"class_list":["post-490615","post","type-post","status-publish","format-standard","hentry","category-latinoamerica"],"_links":{"self":[{"href":"https:\/\/diarioelpopular.com\/index.php\/wp-json\/wp\/v2\/posts\/490615","targetHints":{"allow":["GET"]}}],"collection":[{"href":"https:\/\/diarioelpopular.com\/index.php\/wp-json\/wp\/v2\/posts"}],"about":[{"href":"https:\/\/diarioelpopular.com\/index.php\/wp-json\/wp\/v2\/types\/post"}],"author":[{"embeddable":true,"href":"https:\/\/diarioelpopular.com\/index.php\/wp-json\/wp\/v2\/users\/99"}],"replies":[{"embeddable":true,"href":"https:\/\/diarioelpopular.com\/index.php\/wp-json\/wp\/v2\/comments?post=490615"}],"version-history":[{"count":1,"href":"https:\/\/diarioelpopular.com\/index.php\/wp-json\/wp\/v2\/posts\/490615\/revisions"}],"predecessor-version":[{"id":490617,"href":"https:\/\/diarioelpopular.com\/index.php\/wp-json\/wp\/v2\/posts\/490615\/revisions\/490617"}],"wp:attachment":[{"href":"https:\/\/diarioelpopular.com\/index.php\/wp-json\/wp\/v2\/media?parent=490615"}],"wp:term":[{"taxonomy":"category","embeddable":true,"href":"https:\/\/diarioelpopular.com\/index.php\/wp-json\/wp\/v2\/categories?post=490615"},{"taxonomy":"post_tag","embeddable":true,"href":"https:\/\/diarioelpopular.com\/index.php\/wp-json\/wp\/v2\/tags?post=490615"}],"curies":[{"name":"wp","href":"https:\/\/api.w.org\/{rel}","templated":true}]}}