{"id":490635,"date":"2020-04-28T20:28:08","date_gmt":"2020-04-29T00:28:08","guid":{"rendered":"https:\/\/diarioelpopular.com\/?p=490635"},"modified":"2020-04-28T20:28:08","modified_gmt":"2020-04-29T00:28:08","slug":"america-latina-180-mil-casos-y-9-mil-muertes","status":"publish","type":"post","link":"https:\/\/diarioelpopular.com\/index.php\/2020\/04\/28\/america-latina-180-mil-casos-y-9-mil-muertes\/","title":{"rendered":"Am\u00e9rica Latina, 180 mil casos y 9 mil muertes"},"content":{"rendered":"<div id=\"attachment_490636\" style=\"width: 160px\" class=\"wp-caption alignnone\"><img loading=\"lazy\" decoding=\"async\" aria-describedby=\"caption-attachment-490636\" class=\"size-thumbnail wp-image-490636\" src=\"https:\/\/diarioelpopular.com\/wp-content\/uploads\/2020\/04\/f0e209e4d879de98a99548a7015eb5cb-150x150.jpg\" alt=\"\" width=\"150\" height=\"150\" \/><p id=\"caption-attachment-490636\" class=\"wp-caption-text\"><em>Am\u00e9rica Latina.<\/em><\/p><\/div>\n<p>&nbsp;<\/p>\n<h4><em>Brasil tiene un tercio de contagios y la mitad de muertos<\/em><\/h4>\n<p>&nbsp;<\/p>\n<p><em><strong>BUENOS AIRES, 28 ABR &#8211;<\/strong><\/em> La pandemia de coronavirus registr\u00f3 un nuevo salto hoy en los contagiados (180.686) y los muertos (9.036) en Am\u00e9rica Latina, donde seg\u00fan muchos expertos se est\u00e1 llegando a la fase m\u00e1s aguda del fen\u00f3meno.<br \/>\nAs\u00ed surge de una estad\u00edstica elaborada por ANSA sobre 34 naciones y territorios latinoamericanos.<br \/>\nEl desarrollo de los datos muestra que una vez m\u00e1s Brasil es el pa\u00eds m\u00e1s afectado, tambi\u00e9n por la importancia de su poblaci\u00f3n (m\u00e1s de 210 millones de personas), con m\u00e1s de un tercio de los contagiados (71.886) y m\u00e1s de la mitad de las muertes (5.017). El segundo pa\u00eds por n\u00famero de casos es Per\u00fa (31.190 contagiados y 782 muertos), que en los \u00faltimos d\u00edas super\u00f3 a Ecuador (24.258 y 851). De todos modos el gobierno ecuatoriano est\u00e1 revisando las estad\u00edsticas y, por el momento, separa las v\u00edctimas ciertamente fallecidas por Covid-19 (las 851) de las &#8220;probablemente&#8221; muertas por el virus (1.212).<br \/>\nSiguen otras siete naciones con m\u00e1s de 1000 contagios: se trata de M\u00e9xico (15.529 y 1.434), Chile (14.365 y 207), Rep\u00fablica Dominicana (6.416 y 286), Panam\u00e1 (6.021 y 167), Colombia (5.597 y 253), Argentina (4.003 y 197) y Cuba (1.437 y 58).<\/p>\n","protected":false},"excerpt":{"rendered":"<p>&nbsp; Brasil tiene un tercio de contagios y la mitad de muertos &nbsp; BUENOS AIRES, 28 ABR &#8211; La pandemia de coronavirus registr\u00f3 un nuevo&hellip;<\/p>\n","protected":false},"author":99,"featured_media":0,"comment_status":"open","ping_status":"open","sticky":false,"template":"","format":"standard","meta":{"footnotes":""},"categories":[23],"tags":[],"class_list":["post-490635","post","type-post","status-publish","format-standard","hentry","category-latinoamerica"],"_links":{"self":[{"href":"https:\/\/diarioelpopular.com\/index.php\/wp-json\/wp\/v2\/posts\/490635","targetHints":{"allow":["GET"]}}],"collection":[{"href":"https:\/\/diarioelpopular.com\/index.php\/wp-json\/wp\/v2\/posts"}],"about":[{"href":"https:\/\/diarioelpopular.com\/index.php\/wp-json\/wp\/v2\/types\/post"}],"author":[{"embeddable":true,"href":"https:\/\/diarioelpopular.com\/index.php\/wp-json\/wp\/v2\/users\/99"}],"replies":[{"embeddable":true,"href":"https:\/\/diarioelpopular.com\/index.php\/wp-json\/wp\/v2\/comments?post=490635"}],"version-history":[{"count":1,"href":"https:\/\/diarioelpopular.com\/index.php\/wp-json\/wp\/v2\/posts\/490635\/revisions"}],"predecessor-version":[{"id":490637,"href":"https:\/\/diarioelpopular.com\/index.php\/wp-json\/wp\/v2\/posts\/490635\/revisions\/490637"}],"wp:attachment":[{"href":"https:\/\/diarioelpopular.com\/index.php\/wp-json\/wp\/v2\/media?parent=490635"}],"wp:term":[{"taxonomy":"category","embeddable":true,"href":"https:\/\/diarioelpopular.com\/index.php\/wp-json\/wp\/v2\/categories?post=490635"},{"taxonomy":"post_tag","embeddable":true,"href":"https:\/\/diarioelpopular.com\/index.php\/wp-json\/wp\/v2\/tags?post=490635"}],"curies":[{"name":"wp","href":"https:\/\/api.w.org\/{rel}","templated":true}]}}