{"id":490813,"date":"2020-05-03T21:18:42","date_gmt":"2020-05-04T01:18:42","guid":{"rendered":"https:\/\/diarioelpopular.com\/?p=490813"},"modified":"2020-05-03T21:20:16","modified_gmt":"2020-05-04T01:20:16","slug":"490813","status":"publish","type":"post","link":"https:\/\/diarioelpopular.com\/index.php\/2020\/05\/03\/490813\/","title":{"rendered":"Provincias alivian restricciones este lunes mientras que aumenta el n\u00famero de muertos"},"content":{"rendered":"<p>&nbsp;<\/p>\n<div id=\"attachment_490815\" style=\"width: 646px\" class=\"wp-caption alignnone\"><img loading=\"lazy\" decoding=\"async\" aria-describedby=\"caption-attachment-490815\" class=\"size-custom-full-size wp-image-490815\" src=\"https:\/\/diarioelpopular.com\/wp-content\/uploads\/2020\/05\/JFJ50357647-1-636x418.jpg\" alt=\"\" width=\"636\" height=\"418\" \/><p id=\"caption-attachment-490815\" class=\"wp-caption-text\"><em>Un letrero en un escaparate indica que la tienda est\u00e1 cerrada en Ottawa, el lunes 23 de marzo de 2020.<\/em><\/p><\/div>\n<p>&nbsp;<\/p>\n<p><em>\u00daltima actualizaci\u00f3n el 3 de mayo de 2020 a las 8:34 pm EDT<\/em><\/p>\n<h4><\/h4>\n<h4><em>&#8211; Las provincias de todo el pa\u00eds comenzar\u00e1n a aliviar las restricciones de COVID-19 este lunes despu\u00e9s de un fin de semana en el que se identificaron miles de casos m\u00e1s de la enfermedad respiratoria, cientos m\u00e1s fueron reportados muertos y se retir\u00f3 un kit de prueba hecho en Canad\u00e1.<\/em><\/h4>\n<h3><\/h3>\n<h4><em>&#8211; Ontario informa 434 nuevos casos de coronavirus, 40 muertes ya que el total de casos supera los 17,500<\/em><\/h4>\n<p>&nbsp;<\/p>\n<p><em><strong>OTTAWA.-<\/strong><\/em> Ontario, Quebec, Alberta, Manitoba y Saskatchewan se encuentran entre las que est\u00e1n dispuestas a dar un paso m\u00e1s desde el cierre al permitir la reanudaci\u00f3n de algunas actividades econ\u00f3micas y sociales que se han detenido durante m\u00e1s de un mes debido a la pandemia.<\/p>\n<p>Manitoba est\u00e1 preparada para llegar m\u00e1s lejos al permitir que museos, bibliotecas y negocios minoristas, incluidos los patios de restaurantes, se vuelvan a abrir, aunque a la mitad de su capacidad. Manitoba, Saskatchewan y Alberta tambi\u00e9n est\u00e1n permitiendo que se reanuden actividades m\u00e9dicas no esenciales, como la odontolog\u00eda y la fisioterapia.<\/p>\n<p>Ontario y Quebec no van tan lejos. Ontario est\u00e1 permitiendo la reapertura de un peque\u00f1o n\u00famero de empresas en su mayor\u00eda estacionales, mientras que Quebec est\u00e1 facilitando la apertura de la mayor\u00eda de las tiendas minoristas fuera del \u00e1rea de Montreal, que ha sido duramente golpeada por COVID-19 durante el \u00faltimo mes y medio.<\/p>\n<p>Sin embargo, a diferencia de las otras provincias, el plan de Quebec para comenzar a reabrir se produce porque la provincia ha mostrado poco progreso en frenar la propagaci\u00f3n de la enfermedad, con otros 1,800 casos positivos y 183 muertes por la enfermedad reportados durante el fin de semana.<\/p>\n<p>El premier de Quebec, Francois Legault, defendi\u00f3 anteriormente los planes para comenzar a reabrir, se\u00f1alando que la mayor\u00eda de las muertes de la provincia han sido en hogares de cuidado a largo plazo y argumentando que la lucha contra COVID-19 es completamente diferente en esas instalaciones.<\/p>\n<p>Los funcionarios de Quebec tambi\u00e9n agregaron m\u00e1s de 1.300 casos al recuento de abril, diciendo que esos n\u00fameros no se incluyeron originalmente debido a un problema t\u00e9cnico. La provincia representa m\u00e1s de la mitad de los casos canadienses de COVID-19, que incluye m\u00e1s de 3.680 muertes.<\/p>\n<p>El premier de Quebec, Francois Legault, no realiz\u00f3 una sesi\u00f3n informativa este domingo, pero el primer ministro Justin Trudeau y otros funcionarios del gobierno federal eludieron las preguntas en Ottawa sobre el plan de la provincia para comenzar a reabrir, a pesar de que se siguen informando m\u00e1s casos.<\/p>\n<p>Esos planes tambi\u00e9n incluyen el desbloqueo de escuelas primarias y guarder\u00edas en todo Quebec el 11 de mayo.<\/p>\n<p>&#8220;Las diferentes regiones tendr\u00e1n diferentes medidas para incorporar en diferentes momentos y nuestro trabajo es asegurarnos de apoyarlos lo mejor que podamos a medida que avanzamos con cuidado y paso a paso&#8221;, dijo Trudeau durante su actualizaci\u00f3n diaria de COVID-19 .<\/p>\n<p>Ese apoyo federal incluye obtener suficiente equipo de protecci\u00f3n para los trabajadores a medida que las provincias abren m\u00e1s segmentos de sus econom\u00edas, lo que ayuda a aumentar la capacidad de prueba y respalda la investigaci\u00f3n sobre COVID-19.<\/p>\n<p>Fue en ese sentido que Trudeau anunci\u00f3 $175 millones en fondos federales para una compa\u00f1\u00eda de biotecnolog\u00eda de Vancouver, AbCellera Biologics Inc., que seg\u00fan el primer ministro identific\u00f3 anticuerpos que podr\u00edan usarse para crear tratamientos o una vacuna.<\/p>\n<p>El primer ministro tambi\u00e9n anunci\u00f3 $240 millones para aumentar el acceso en l\u00ednea a los servicios de salud, incluido el tratamiento de salud mental y el acceso virtual a los m\u00e9dicos de familia para atenci\u00f3n primaria, y la creaci\u00f3n de un consejo especial encargado de garantizar que Canad\u00e1 pueda obtener m\u00e1s equipos de protecci\u00f3n.<\/p>\n<p>La ministra de Compras P\u00fablicas, Anita Anand, dijo que el consejo incluir\u00e1 a miembros de la sociedad civil y de negocios, incluida la C\u00e1mara de Comercio de Canad\u00e1 y la Cruz Roja Canadiense, y se encargar\u00e1 de comprar equipo en el extranjero y desarrollarlo en casa.<\/p>\n<p>Anand continu\u00f3 describiendo algunas de las iniciativas que el gobierno federal ha llevado a cabo para obtener m\u00e1s equipos de protecci\u00f3n para los trabajadores de primera l\u00ednea, incluida la contrataci\u00f3n de la empresa de env\u00edos estadounidense UPS para transportar equipos desde Shanghai.<\/p>\n<p>Tambi\u00e9n se han llegado a acuerdos con la empresa de biotecnolog\u00eda LuminUltra, con sede en New Brunswick, para producir 500,000 pruebas de COVID-19 por semana hasta el pr\u00f3ximo a\u00f1o despu\u00e9s de que Ottawa pudo facilitar la entrega de qu\u00edmicos importantes para las pruebas desde China la semana pasada.<\/p>\n<p>Sin embargo, incluso cuando Anand aclamaba una soluci\u00f3n hecha en Canad\u00e1 para la necesidad del pa\u00eds de m\u00e1s pruebas, los funcionarios federales estaban minimizando el retiro de otra prueba que fue aclamada por algunos el mes pasado como un avance importante en la lucha contra COVID-19 .<\/p>\n<p>El anuncio de este domingo de Spartan Bioscience, con sede en Ottawa, de que retiraba voluntariamente su prueba r\u00e1pida para COVID-19 despu\u00e9s de que Health Canada expres\u00f3 su preocupaci\u00f3n por su efectividad, representaba un rev\u00e9s para la expansi\u00f3n de las pruebas en el pa\u00eds.<\/p>\n<p>Health Canada aprob\u00f3 por primera vez las pruebas el 13 de abril y fueron programadas para ser implementadas por tres provincias.<\/p>\n<p>La directora de salud p\u00fablica de Canad\u00e1, la Dra. Theresa Tam, dijo durante una reuni\u00f3n informativa de COVID-19 en Ottawa que el retiro del mercado de 5,500 kits de prueba no afectar\u00e1 el objetivo nacional de pruebas de 60,000 personas por d\u00eda, ya que esa cifra se basa en sistemas que ya est\u00e1n en uso.<\/p>\n<p>Pero reconoci\u00f3 que podr\u00eda afectar la velocidad de nuevos aumentos de las pruebas y especialmente afectar a las comunidades rurales donde las pruebas locales en la cl\u00ednica ser\u00edan especialmente \u00fatiles. Por el momento, tales muestras a menudo se transportan a laboratorios y otros sitios de prueba en otros lugares para su an\u00e1lisis.<\/p>\n<p>La necesidad de m\u00e1s pruebas se considera ampliamente para comprender el verdadero alcance de la infecci\u00f3n por COVID-19 en Canad\u00e1 y para idear formas de limitar su propagaci\u00f3n antes de que la econom\u00eda pueda restablecerse por completo a los niveles previos a la pandemia.<\/p>\n<p>Mientras tanto, Trudeau eludi\u00f3 las preguntas sobre informes no confirmados de los Estados Unidos de que algunos funcionarios de inteligencia creen que el coronavirus se filtr\u00f3 de un laboratorio chino en la ciudad de Wuhan, una acusaci\u00f3n repetida por el presidente de los Estados Unidos, Donald Trump.<\/p>\n<p>&#8220;Continuaremos trabajando con agencias de inteligencia de todo el mundo, no solo con Five Eyes (Canad\u00e1, Australia, Gran Breta\u00f1a, Nueva Zelanda y EE. UU.), Sino tambi\u00e9n con amigos y socios, y buscaremos respuestas a las muchas preguntas que las personas hacen, Dijo Trudeau.<\/p>\n<p>&#8220;Pero a\u00fan es pronto para sacar conclusiones firmes y, de hecho, nuestro enfoque sigue siendo c\u00f3mo trabajamos para proteger a los canadienses, c\u00f3mo nos aseguramos de que los canadienses tengan todo nuestro enfoque en este momento y toda nuestra capacidad de apoyarlos durante este tiempo&#8221;.<\/p>\n<h3><\/h3>\n<h3><em>Ontario informa 434 nuevos casos de coronavirus, 40 muertes ya que el total de casos supera los 17,500<\/em><\/h3>\n<p>Se inform\u00f3 de 434 nuevos casos de nuevos coronavirus este domingo por la ma\u00f1ana, lo que eleva el n\u00famero total de casos en la provincia a 17.553.<\/p>\n<p>Se informaron cuarenta nuevas muertes, lo que eleva el total de muertes atribuidas al virus en la provincia a 1.216.<\/p>\n<p>M\u00e1s de 12,000 casos se consideran resueltos, lo que representa el 68.4 por ciento de todos los casos confirmados.<\/p>\n<p>Se han realizado m\u00e1s de 17.100 pruebas adicionales, la mayor cantidad de pruebas completadas en un per\u00edodo de 24 horas, lo que eleva el n\u00famero total completado en la provincia a 327.505. Poco menos de 9.800 casos est\u00e1n bajo investigaci\u00f3n.<\/p>\n<p>La provincia dijo anteriormente que su objetivo era realizar 16,000 pruebas por d\u00eda antes del 6 de mayo, aunque ese objetivo ya se ha superado en los \u00faltimos d\u00edas.<\/p>\n<p>El n\u00famero reportado de pacientes hospitalizados con COVID-19 es 1,010 (un aumento de 33) con 232 en cuidados intensivos (un aumento de 11) y 174 en un ventilador (un aumento de 20). El doce por ciento de todos los casos han resultado en hospitalizaci\u00f3n.<\/p>\n<p>El informe del domingo marca un aumento en los casos del 2,5 por ciento en comparaci\u00f3n con el d\u00eda anterior, mientras que el s\u00e1bado tuvo un aumento del 3,1 por ciento y el viernes un 2,6 por ciento.<\/p>\n","protected":false},"excerpt":{"rendered":"<p>&nbsp; &nbsp; \u00daltima actualizaci\u00f3n el 3 de mayo de 2020 a las 8:34 pm EDT &#8211; Las provincias de todo el pa\u00eds comenzar\u00e1n a aliviar&hellip;<\/p>\n","protected":false},"author":99,"featured_media":0,"comment_status":"open","ping_status":"open","sticky":false,"template":"","format":"standard","meta":{"footnotes":""},"categories":[21,11191],"tags":[],"class_list":["post-490813","post","type-post","status-publish","format-standard","hentry","category-canada","category-top-news"],"_links":{"self":[{"href":"https:\/\/diarioelpopular.com\/index.php\/wp-json\/wp\/v2\/posts\/490813","targetHints":{"allow":["GET"]}}],"collection":[{"href":"https:\/\/diarioelpopular.com\/index.php\/wp-json\/wp\/v2\/posts"}],"about":[{"href":"https:\/\/diarioelpopular.com\/index.php\/wp-json\/wp\/v2\/types\/post"}],"author":[{"embeddable":true,"href":"https:\/\/diarioelpopular.com\/index.php\/wp-json\/wp\/v2\/users\/99"}],"replies":[{"embeddable":true,"href":"https:\/\/diarioelpopular.com\/index.php\/wp-json\/wp\/v2\/comments?post=490813"}],"version-history":[{"count":3,"href":"https:\/\/diarioelpopular.com\/index.php\/wp-json\/wp\/v2\/posts\/490813\/revisions"}],"predecessor-version":[{"id":490818,"href":"https:\/\/diarioelpopular.com\/index.php\/wp-json\/wp\/v2\/posts\/490813\/revisions\/490818"}],"wp:attachment":[{"href":"https:\/\/diarioelpopular.com\/index.php\/wp-json\/wp\/v2\/media?parent=490813"}],"wp:term":[{"taxonomy":"category","embeddable":true,"href":"https:\/\/diarioelpopular.com\/index.php\/wp-json\/wp\/v2\/categories?post=490813"},{"taxonomy":"post_tag","embeddable":true,"href":"https:\/\/diarioelpopular.com\/index.php\/wp-json\/wp\/v2\/tags?post=490813"}],"curies":[{"name":"wp","href":"https:\/\/api.w.org\/{rel}","templated":true}]}}