{"id":490902,"date":"2020-05-06T10:15:16","date_gmt":"2020-05-06T14:15:16","guid":{"rendered":"https:\/\/diarioelpopular.com\/?p=490902"},"modified":"2020-05-06T10:15:16","modified_gmt":"2020-05-06T14:15:16","slug":"ontario-extiende-ordenes-de-emergencia-de-coronavirus-hasta-el-19-de-mayo","status":"publish","type":"post","link":"https:\/\/diarioelpopular.com\/index.php\/2020\/05\/06\/ontario-extiende-ordenes-de-emergencia-de-coronavirus-hasta-el-19-de-mayo\/","title":{"rendered":"Ontario extiende \u00f3rdenes de emergencia de coronavirus hasta el 19 de mayo"},"content":{"rendered":"<div id=\"attachment_490903\" style=\"width: 310px\" class=\"wp-caption alignnone\"><img loading=\"lazy\" decoding=\"async\" aria-describedby=\"caption-attachment-490903\" class=\"size-medium wp-image-490903\" src=\"https:\/\/diarioelpopular.com\/wp-content\/uploads\/2020\/05\/Screen-Shot-2020-05-06-at-10.10.22-AM-300x164.png\" alt=\"\" width=\"300\" height=\"164\" \/><p id=\"caption-attachment-490903\" class=\"wp-caption-text\"><em>Premier Doug Ford anunci\u00f3 por primera vez un estado de emergencia el 17 de marzo en virtud de la ley.<\/em><\/p><\/div>\n<p>&nbsp;<\/p>\n<h4>El gobierno de Ontario est\u00e1 extendiendo todas las \u00f3rdenes de emergencia que se han implementado hasta el 19 de mayo.<\/h4>\n<p>&nbsp;<\/p>\n<p><strong><em>TORONTO.-<\/em><\/strong> La extensi\u00f3n, anunciada este mi\u00e9rcoles, en virtud de la Ley de Manejo de Emergencias y Protecci\u00f3n Civil viene por consejo del oficial m\u00e9dico jefe de salud, dijo el gobierno.<\/p>\n<p>El premier Doug Ford anunci\u00f3 por primera vez un estado de emergencia el 17 de marzo en virtud de la ley y orden\u00f3 a algunas empresas cerrar debido al brote de COVID-19. La orden de emergencia se extendi\u00f3 nuevamente el 14 de abril.<\/p>\n<p>Cuando est\u00e1 vigente, la ley de emergencia le da al gobierno provincial el poder de hacer cumplir las \u00f3rdenes de emergencia.<\/p>\n<p>&nbsp;<\/p>\n<p><em>Seg\u00fan el gobierno, las \u00f3rdenes de emergencia actuales incluyen:<\/em><\/p>\n<p>Cierre de establecimientos<\/p>\n<p>Prohibici\u00f3n de eventos p\u00fablicos organizados, ciertas reuniones<\/p>\n<p>Medidas de despliegue laboral para trabajadores de la salud<\/p>\n<p>Sistemas de agua potable y alcantarillado<\/p>\n<p>Servicio electronico<\/p>\n<p>Medidas de despliegue laboral en hogares de cuidado a largo plazo<\/p>\n<p>Precio de electricidad para consumidores de RPP<\/p>\n<p>Cierre de lugares de negocios no esenciales<\/p>\n<p>La gesti\u00f3n del tr\u00e1fico<\/p>\n<p>Requisitos de racionalizaci\u00f3n para hogares de cuidado a largo plazo<\/p>\n<p>Prohibici\u00f3n de que ciertas personas cobren precios desmesurados por la venta del bien necesario<\/p>\n<p>Cierre de servicios recreativos al aire libre<\/p>\n<p>Ejecuci\u00f3n de \u00f3rdenes<\/p>\n<p>Medidas de despliegue de trabajo para juntas de salud<\/p>\n<p>Medidas de despliegue laboral en casas de retiro<\/p>\n<p>Acceso a la informaci\u00f3n de estado de COVID-19 por personas especificadas<\/p>\n<p>Agencias de servicios que brindan servicios y apoyo a adultos con discapacidades del desarrollo<\/p>\n<p>Recogida y Entrega de Cannabis<\/p>\n<p>Firmas en testamentos y poderes notariales<\/p>\n<p>Uso de la fuerza y \u200b\u200blas armas de fuego en los servicios policiales<\/p>\n<p>Cuotas de cuidado infantil<\/p>\n<p>Acuerdos entre proveedores de servicios de salud y casas de retiro<\/p>\n<p>Instalaciones temporales de salud o residenciales<\/p>\n<p>Cierre de terrenos p\u00fablicos para acampar recreativos<\/p>\n<p>Medidas de despliegue laboral para agencias de servicios que brindan servicios residenciales de violencia contra las mujeres y servicios de l\u00ednea de crisis<\/p>\n<p>Limitar el trabajo a un solo hogar de cuidado a largo plazo<\/p>\n<p>Medidas de despliegue laboral para las juntas de administraci\u00f3n de servicios sociales del distrito<\/p>\n<p>Despliegue de empleados de organizaciones proveedoras de servicios<\/p>\n<p>Medidas de despliegue laboral para municipios<\/p>\n<p>Limitar el trabajo a una casa de retiro individual<\/p>\n<p>Medidas de despliegue laboral para agencias de salud mental y adicciones<\/p>\n<p>Configuraci\u00f3n de atenci\u00f3n conjunta<\/p>\n<p>Acceso a la informaci\u00f3n personal de salud mediante el registro electr\u00f3nico de salud<\/p>\n<p>Ajuste global para los participantes y consumidores del mercado<\/p>\n<p>Ciertas personas habilitadas para emitir certificados m\u00e9dicos de defunci\u00f3n<\/p>\n<p>Procesos de acreditaci\u00f3n de hospitales<\/p>\n","protected":false},"excerpt":{"rendered":"<p>&nbsp; El gobierno de Ontario est\u00e1 extendiendo todas las \u00f3rdenes de emergencia que se han implementado hasta el 19 de mayo. &nbsp; TORONTO.- La extensi\u00f3n,&hellip;<\/p>\n","protected":false},"author":99,"featured_media":0,"comment_status":"open","ping_status":"open","sticky":false,"template":"","format":"standard","meta":{"footnotes":""},"categories":[21,11191],"tags":[],"class_list":["post-490902","post","type-post","status-publish","format-standard","hentry","category-canada","category-top-news"],"_links":{"self":[{"href":"https:\/\/diarioelpopular.com\/index.php\/wp-json\/wp\/v2\/posts\/490902","targetHints":{"allow":["GET"]}}],"collection":[{"href":"https:\/\/diarioelpopular.com\/index.php\/wp-json\/wp\/v2\/posts"}],"about":[{"href":"https:\/\/diarioelpopular.com\/index.php\/wp-json\/wp\/v2\/types\/post"}],"author":[{"embeddable":true,"href":"https:\/\/diarioelpopular.com\/index.php\/wp-json\/wp\/v2\/users\/99"}],"replies":[{"embeddable":true,"href":"https:\/\/diarioelpopular.com\/index.php\/wp-json\/wp\/v2\/comments?post=490902"}],"version-history":[{"count":1,"href":"https:\/\/diarioelpopular.com\/index.php\/wp-json\/wp\/v2\/posts\/490902\/revisions"}],"predecessor-version":[{"id":490904,"href":"https:\/\/diarioelpopular.com\/index.php\/wp-json\/wp\/v2\/posts\/490902\/revisions\/490904"}],"wp:attachment":[{"href":"https:\/\/diarioelpopular.com\/index.php\/wp-json\/wp\/v2\/media?parent=490902"}],"wp:term":[{"taxonomy":"category","embeddable":true,"href":"https:\/\/diarioelpopular.com\/index.php\/wp-json\/wp\/v2\/categories?post=490902"},{"taxonomy":"post_tag","embeddable":true,"href":"https:\/\/diarioelpopular.com\/index.php\/wp-json\/wp\/v2\/tags?post=490902"}],"curies":[{"name":"wp","href":"https:\/\/api.w.org\/{rel}","templated":true}]}}