{"id":491028,"date":"2020-05-08T10:19:42","date_gmt":"2020-05-08T14:19:42","guid":{"rendered":"https:\/\/diarioelpopular.com\/?p=491028"},"modified":"2020-05-08T10:19:42","modified_gmt":"2020-05-08T14:19:42","slug":"statistics-canada-dice-que-casi-2-millones-de-empleos-perdidos-en-abril","status":"publish","type":"post","link":"https:\/\/diarioelpopular.com\/index.php\/2020\/05\/08\/statistics-canada-dice-que-casi-2-millones-de-empleos-perdidos-en-abril\/","title":{"rendered":"Statistics Canada dice que casi 2 millones de empleos perdidos en abril"},"content":{"rendered":"<h3><em><strong><img loading=\"lazy\" decoding=\"async\" class=\"alignnone size-custom-full-size wp-image-491029\" src=\"https:\/\/diarioelpopular.com\/wp-content\/uploads\/2020\/05\/JFJ50459757-e1587720136177-636x358.jpg\" alt=\"\" width=\"636\" height=\"358\" \/><\/strong><\/em><\/h3>\n<h3><em><strong>La econom\u00eda canadiense perdi\u00f3 casi dos millones de empleos en abril, un r\u00e9cord, ya que el cierre de servicios no esenciales para frenar la propagaci\u00f3n del coronavirus oblig\u00f3 a las empresas a cerrar temporalmente.<\/strong><\/em><\/h3>\n<p>&nbsp;<\/p>\n<p><em><strong>OTTAWA.-<\/strong><\/em> La p\u00e9rdida de 1.993.800 se suma a m\u00e1s de un mill\u00f3n de empleos perdidos en marzo, y a millones m\u00e1s que redujeron sus horas e ingresos.<\/p>\n<p>La tasa de desempleo se dispar\u00f3 al 13.0 por ciento, inform\u00f3 Statistics Canada, ya que la fuerza total de la pandemia golpe\u00f3 en comparaci\u00f3n con el 7.8 por ciento en marzo.<\/p>\n<p>Fue la segunda tasa de desempleo m\u00e1s alta registrada, ya que las p\u00e9rdidas de empleo se extendieron m\u00e1s all\u00e1 del sector de servicios para incluir la construcci\u00f3n y la manufactura.<\/p>\n<p>Los economistas en promedio esperaban la p\u00e9rdida de cuatro millones de empleos y una tasa de desempleo del 18 por ciento, seg\u00fan la firma de datos de mercados financieros Refinitiv.<\/p>\n<p>La tasa de desempleo habr\u00eda sido del 17.8 por ciento si la encuesta de la fuerza laboral de la agencia contara entre los desempleados los 1.1 millones que dejaron de buscar trabajo, probablemente porque el cierre econ\u00f3mico de COVID-19 tiene oportunidades de trabajo limitadas.<\/p>\n<p>En total, m\u00e1s de un tercio de la fuerza laboral no trabajaba o hab\u00eda reducido las horas en abril, una &#8220;tasa de subutilizaci\u00f3n&#8221; que era m\u00e1s de tres veces mayor que en febrero antes de la pandemia.<\/p>\n<p>&#8220;Los canadienses deben confiar en que haremos todo lo posible para garantizar que sus trabajos est\u00e9n seguros mientras continuamos luchando contra el brote global de COVID-19&#8221;, dijo un tr\u00edo de ministros del gabinete federal en un comunicado conjunto este viernes en respuesta a los trabajos.<\/p>\n<p>&#8220;A medida que las provincias y los territorios comiencen a levantar las restricciones y nuestro gobierno contin\u00fae dando pasos hacia la recuperaci\u00f3n econ\u00f3mica, estaremos all\u00ed para los canadienses&#8221;.<\/p>\n<p>Los trabajadores vulnerables que tienden a tener un trabajo a tiempo parcial o temporal, o en trabajos mal remunerados, se han visto particularmente afectados por la gran p\u00e9rdida de empleos. Las mujeres han visto grandes p\u00e9rdidas de empleo en general, pero el n\u00famero de hombres sin trabajo en abril cerr\u00f3 la brecha de g\u00e9nero en las p\u00e9rdidas acumuladas de desempleo.<\/p>\n<p>Casi todas las p\u00e9rdidas de empleo de los hombres desde febrero fueron de trabajo a tiempo completo, en comparaci\u00f3n con el 69,9 por ciento de las mujeres.<\/p>\n<p>&#8220;Esto, combinado con las diferentes industrias en las que hombres y mujeres han perdido sus empleos _ por ejemplo, m\u00e1s p\u00e9rdidas de empleos entre los hombres han estado en la construcci\u00f3n, y menos han estado en el comercio minorista _ indica que los desaf\u00edos asociados con la recuperaci\u00f3n del COVID- 19 el cierre econ\u00f3mico puede ser diferente para mujeres y hombres \u201d, dice la encuesta de la fuerza laboral.<\/p>\n<p>En marzo, las restricciones sanitarias forzaron el cierre de negocios no esenciales, lo que provoc\u00f3 despidos y recortes en las horas de trabajo a medida que las empresas intentaron administrar los costos sin ingresos suficientes o ingresos.<\/p>\n<p>Las empresas m\u00e1s peque\u00f1as, definidas como aquellas con menos de 20 empleados, han eliminado el 30.8 por ciento de sus trabajadores, las empresas medianas han dejado ir al 25.1 por ciento de los trabajadores, y las grandes empresas han visto disminuir el empleo en un 12.6 por ciento.<\/p>\n<p>Los sectores m\u00e1s afectados al principio incluyen minoristas, hoteles, restaurantes y bares, que continuaron registrando p\u00e9rdidas en abril. Las p\u00e9rdidas en el sector de servicios continuaron en abril, una disminuci\u00f3n de 1.4 millones o 9.6 por ciento, dice Statistics Canada.<\/p>\n<p>Proporcionalmente, las p\u00e9rdidas fueron mayores en los sectores productores de bienes como la construcci\u00f3n y la manufactura, que en conjunto perdieron 621,000 empleos para una ca\u00edda del 15.8 por ciento despu\u00e9s de haber permanecido pr\u00e1cticamente sin cambios en marzo.<\/p>\n<p>La p\u00e9rdida de empleos en abril se extendi\u00f3 por todas las provincias, con Quebec particularmente afectado. La tasa de desempleo en la provincia subi\u00f3 al 17 por ciento, la tasa m\u00e1s alta entre todas las provincias y la tasa m\u00e1s alta para el propio Quebec en m\u00e1s de cuatro d\u00e9cadas de datos comparables.<\/p>\n","protected":false},"excerpt":{"rendered":"<p>La econom\u00eda canadiense perdi\u00f3 casi dos millones de empleos en abril, un r\u00e9cord, ya que el cierre de servicios no esenciales para frenar la propagaci\u00f3n&hellip;<\/p>\n","protected":false},"author":99,"featured_media":0,"comment_status":"open","ping_status":"open","sticky":false,"template":"","format":"standard","meta":{"footnotes":""},"categories":[21,11191],"tags":[],"class_list":["post-491028","post","type-post","status-publish","format-standard","hentry","category-canada","category-top-news"],"_links":{"self":[{"href":"https:\/\/diarioelpopular.com\/index.php\/wp-json\/wp\/v2\/posts\/491028","targetHints":{"allow":["GET"]}}],"collection":[{"href":"https:\/\/diarioelpopular.com\/index.php\/wp-json\/wp\/v2\/posts"}],"about":[{"href":"https:\/\/diarioelpopular.com\/index.php\/wp-json\/wp\/v2\/types\/post"}],"author":[{"embeddable":true,"href":"https:\/\/diarioelpopular.com\/index.php\/wp-json\/wp\/v2\/users\/99"}],"replies":[{"embeddable":true,"href":"https:\/\/diarioelpopular.com\/index.php\/wp-json\/wp\/v2\/comments?post=491028"}],"version-history":[{"count":1,"href":"https:\/\/diarioelpopular.com\/index.php\/wp-json\/wp\/v2\/posts\/491028\/revisions"}],"predecessor-version":[{"id":491030,"href":"https:\/\/diarioelpopular.com\/index.php\/wp-json\/wp\/v2\/posts\/491028\/revisions\/491030"}],"wp:attachment":[{"href":"https:\/\/diarioelpopular.com\/index.php\/wp-json\/wp\/v2\/media?parent=491028"}],"wp:term":[{"taxonomy":"category","embeddable":true,"href":"https:\/\/diarioelpopular.com\/index.php\/wp-json\/wp\/v2\/categories?post=491028"},{"taxonomy":"post_tag","embeddable":true,"href":"https:\/\/diarioelpopular.com\/index.php\/wp-json\/wp\/v2\/tags?post=491028"}],"curies":[{"name":"wp","href":"https:\/\/api.w.org\/{rel}","templated":true}]}}