{"id":491070,"date":"2020-05-09T10:42:00","date_gmt":"2020-05-09T14:42:00","guid":{"rendered":"https:\/\/diarioelpopular.com\/?p=491070"},"modified":"2020-05-09T10:42:00","modified_gmt":"2020-05-09T14:42:00","slug":"suspenden-otro-envio-de-mascaras-n95-de-china-por-mala-calidad","status":"publish","type":"post","link":"https:\/\/diarioelpopular.com\/index.php\/2020\/05\/09\/suspenden-otro-envio-de-mascaras-n95-de-china-por-mala-calidad\/","title":{"rendered":"Suspenden otro env\u00edo de m\u00e1scaras N95 de China por mala calidad"},"content":{"rendered":"<div id=\"attachment_491072\" style=\"width: 646px\" class=\"wp-caption alignnone\"><img loading=\"lazy\" decoding=\"async\" aria-describedby=\"caption-attachment-491072\" class=\"size-custom-full-size wp-image-491072\" src=\"https:\/\/diarioelpopular.com\/wp-content\/uploads\/2020\/05\/NSD12556608-1-636x448.jpg\" alt=\"\" width=\"636\" height=\"448\" \/><p id=\"caption-attachment-491072\" class=\"wp-caption-text\"><em>Una m\u00e1scara de 3M que los trabajadores de la salud necesitan con urgencia se muestra en Mississauga, Ontario, el 3 de abril de 2020.<\/em><\/p><\/div>\n<p>&nbsp;<\/p>\n<p><em>Publicado s\u00e1bado 9 de mayo de 2020 4:02 am EDT<\/em><\/p>\n<p>&nbsp;<\/p>\n<h4><em><strong>El gobierno federal revel\u00f3 que suspendi\u00f3 los env\u00edos de respiradores N95 de un proveedor intermediario con sede en Montreal despu\u00e9s de que aproximadamente ocho millones de las m\u00e1scaras fabricadas en China \u201cno cumplieron con las especificaciones\u201d.<\/strong><\/em><\/h4>\n<p>&nbsp;<\/p>\n<p><em><strong>OTTAWA.-<\/strong><\/em> La oficina de la Ministra de Adquisiciones, Anita Anand, dijo que de los casi 11 millones de m\u00e1scaras recibidas del distribuidor, aproximadamente s\u00f3lo cerca de un mill\u00f3n cumpli\u00f3 con las normas federales y otros 1,6 millones a\u00fan se est\u00e1n probando.<\/p>\n<p>La Agencia de Salud P\u00fablica de Canad\u00e1 se\u00f1al\u00f3 que si bien Canad\u00e1 obtiene una gran cantidad de equipos de protecci\u00f3n de fabricantes internacionales, los fabricantes nacionales tambi\u00e9n proporcionan batas, protectores faciales y desinfectantes para manos, entre otros productos.<\/p>\n<p>Esto incluye un acuerdo con Medicom, con sede en Pointe-Claire, Quebec, para la producci\u00f3n de 20 millones de m\u00e1scaras respiratorias N95 y 24 millones de m\u00e1scaras quir\u00fargicas por a\u00f1o durante los pr\u00f3ximos 10 a\u00f1os, a partir de este verano.<\/p>\n<p>Mientras tanto, Justin Trudeau se limit\u00f3 a decir que habr\u00e1 m\u00e1s apoyo del gobierno federal para ayudar a ciertos sectores de la econom\u00eda a recuperarse del impacto de la pandemia de COVID-19.<\/p>\n<p>El primer ministro hizo la promesa este viernes, sin entrar en detalles, ya que anunci\u00f3 una extensi\u00f3n al programa de subsidio salarial de emergencia de Ottawa m\u00e1s all\u00e1 de su punto final a principios de junio. Dijo que tendr\u00eda m\u00e1s que decir sobre eso la pr\u00f3xima semana.<\/p>\n<p>Las promesas siguieron a la inquietante noticia de que casi dos millones de empleos se perdieron en abril, lo que se suma al mill\u00f3n perdido en marzo, elevando la tasa de desempleo de Canad\u00e1 a un asombroso 13 por ciento.<\/p>\n<p>Algunas nuevas se\u00f1ales de vida econ\u00f3mica y social aparecieron en muchas partes del pa\u00eds esta semana a medida que varias provincias tomaron medidas m\u00e1s tentativas para aflojar las restricciones de bloqueo.<\/p>\n<p>Pero Trudeau advirti\u00f3 que la reapertura de la econom\u00eda y el levantamiento de las restricciones suceder\u00e1n &#8220;muy, muy gradualmente&#8221; y la transmisi\u00f3n de la enfermedad tendr\u00e1 que ser monitoreada cuidadosamente.<\/p>\n<p>Aunque la curva COVID-19 se ha ido aplanando en muchas regiones, la enfermedad contin\u00faa teniendo un costo terrible, especialmente en los epicentros de Quebec y Ontario.<\/p>\n<p>Ayer se reportaron otras 161 muertes, elevando el total del pa\u00eds a 4.569. Y el n\u00famero de nuevos casos de coronavirus aument\u00f3 en 1,512 a 66,434..<\/p>\n","protected":false},"excerpt":{"rendered":"<p>&nbsp; Publicado s\u00e1bado 9 de mayo de 2020 4:02 am EDT &nbsp; El gobierno federal revel\u00f3 que suspendi\u00f3 los env\u00edos de respiradores N95 de un&hellip;<\/p>\n","protected":false},"author":99,"featured_media":0,"comment_status":"open","ping_status":"open","sticky":false,"template":"","format":"standard","meta":{"footnotes":""},"categories":[21,11191],"tags":[],"class_list":["post-491070","post","type-post","status-publish","format-standard","hentry","category-canada","category-top-news"],"_links":{"self":[{"href":"https:\/\/diarioelpopular.com\/index.php\/wp-json\/wp\/v2\/posts\/491070","targetHints":{"allow":["GET"]}}],"collection":[{"href":"https:\/\/diarioelpopular.com\/index.php\/wp-json\/wp\/v2\/posts"}],"about":[{"href":"https:\/\/diarioelpopular.com\/index.php\/wp-json\/wp\/v2\/types\/post"}],"author":[{"embeddable":true,"href":"https:\/\/diarioelpopular.com\/index.php\/wp-json\/wp\/v2\/users\/99"}],"replies":[{"embeddable":true,"href":"https:\/\/diarioelpopular.com\/index.php\/wp-json\/wp\/v2\/comments?post=491070"}],"version-history":[{"count":1,"href":"https:\/\/diarioelpopular.com\/index.php\/wp-json\/wp\/v2\/posts\/491070\/revisions"}],"predecessor-version":[{"id":491073,"href":"https:\/\/diarioelpopular.com\/index.php\/wp-json\/wp\/v2\/posts\/491070\/revisions\/491073"}],"wp:attachment":[{"href":"https:\/\/diarioelpopular.com\/index.php\/wp-json\/wp\/v2\/media?parent=491070"}],"wp:term":[{"taxonomy":"category","embeddable":true,"href":"https:\/\/diarioelpopular.com\/index.php\/wp-json\/wp\/v2\/categories?post=491070"},{"taxonomy":"post_tag","embeddable":true,"href":"https:\/\/diarioelpopular.com\/index.php\/wp-json\/wp\/v2\/tags?post=491070"}],"curies":[{"name":"wp","href":"https:\/\/api.w.org\/{rel}","templated":true}]}}