{"id":491168,"date":"2020-05-13T10:47:12","date_gmt":"2020-05-13T14:47:12","guid":{"rendered":"https:\/\/diarioelpopular.com\/?p=491168"},"modified":"2020-05-13T11:36:54","modified_gmt":"2020-05-13T15:36:54","slug":"la-orden-de-emergencia-permite-a-ontario-controlar-la-administracion-de-hogares-de-cuidado-a-largo-plazo","status":"publish","type":"post","link":"https:\/\/diarioelpopular.com\/index.php\/2020\/05\/13\/la-orden-de-emergencia-permite-a-ontario-controlar-la-administracion-de-hogares-de-cuidado-a-largo-plazo\/","title":{"rendered":"Ontario confirma 329 nuevos casos de coronavirus, 40 muertes m\u00e1s"},"content":{"rendered":"<div id=\"attachment_491192\" style=\"width: 646px\" class=\"wp-caption alignnone\"><img loading=\"lazy\" decoding=\"async\" aria-describedby=\"caption-attachment-491192\" class=\"size-custom-full-size wp-image-491192\" src=\"https:\/\/diarioelpopular.com\/wp-content\/uploads\/2020\/05\/23188275-scaled-636x448.jpg\" alt=\"\" width=\"636\" height=\"448\" \/><p id=\"caption-attachment-491192\" class=\"wp-caption-text\"><em>Los trabajadores de la salud hacen pruebas en un centro de evaluaci\u00f3n COVID-19 en el Hospital General de Etobicoke en Toronto.<\/em><\/p><\/div>\n<p>&nbsp;<\/p>\n<p><em>\u00daltima actualizaci\u00f3n el 13 de mayo de 2020 a las 11:08 a.m.EDT<\/em><\/p>\n<h4><\/h4>\n<h4><strong><em>&#8211; Cuarenta personas m\u00e1s han muerto, lo que lleva el recuento total de muertes a 1.765.<\/em><\/strong><\/h4>\n<p>&nbsp;<\/p>\n<h4><em><strong>&#8211; Una nueva orden de emergencia le permite al gobierno de la provincia controlar la administraci\u00f3n de hogares de cuidado a largo plazo m\u00e1s afectados por COVID-19.<\/strong><\/em><\/h4>\n<p>&nbsp;<\/p>\n<h4><em><strong>&#8211; Ontario controlar\u00e1 enfermedades inflamatorias raras en ni\u00f1os con COVID-19<\/strong><\/em><\/h4>\n<p>&nbsp;<\/p>\n<p><em><strong>TORONTO.-<\/strong><\/em> Ontario confirm\u00f3 329 nuevos casos de nuevos coronavirus este mi\u00e9rcoles, una ligera ca\u00edda de los 361 casos reportados el martes y contin\u00faa con una tendencia a la baja que est\u00e1 reforzando la esperanza de una econom\u00eda reabierta.<\/p>\n<p>De las 1.765 muertes totales, 814 estaban en cuidados a largo plazo, informa Public Health Ontario.<\/p>\n<p>El Ministerio de Atenci\u00f3n a Largo Plazo inform\u00f3 que 1,269 personas que murieron estaban bajo atenci\u00f3n a largo plazo. La salud p\u00fablica es m\u00e1s lenta al informar los n\u00fameros, por lo que las estad\u00edsticas del Ministerio se consideran m\u00e1s actualizadas.<\/p>\n<p>Mientras tanto, una nueva orden de emergencia permite al gobierno de Ontario controlar la administraci\u00f3n de los hogares de cuidado a largo plazo m\u00e1s afectados por COVID-19.<\/p>\n<p>El premier Doug Ford dijo que la medida ayudar\u00e1 a asegurar que se contagia la propagaci\u00f3n del virus en los hogares de cuidado.<\/p>\n<p>La orden le permite a la provincia intervenir si una instalaci\u00f3n tiene una gran cantidad de infecciones o muertes, o si se enfrenta a una escasez de personal.<\/p>\n<p>La provincia dice que el gerente designado podr\u00eda ser cualquier persona, incluida una corporaci\u00f3n u hospital.<\/p>\n<p>La semana pasada, el gobierno solicit\u00f3 a las instalaciones con brotes que elaboraran un plan para estabilizar la propagaci\u00f3n del virus dentro de sus paredes.<\/p>\n<p>&nbsp;<\/p>\n<h4><em><strong>La orden de emergencia permite a Ontario controlar la administraci\u00f3n de hogares de cuidado a largo plazo<\/strong><\/em><\/h4>\n<div id=\"attachment_491170\" style=\"width: 310px\" class=\"wp-caption alignnone\"><img loading=\"lazy\" decoding=\"async\" aria-describedby=\"caption-attachment-491170\" class=\"size-medium wp-image-491170\" src=\"https:\/\/diarioelpopular.com\/wp-content\/uploads\/2020\/05\/Screen-Shot-2020-05-13-at-10.36.04-AM-300x171.png\" alt=\"\" width=\"300\" height=\"171\" \/><p id=\"caption-attachment-491170\" class=\"wp-caption-text\"><em>Una trabajadora de primera l\u00ednea ajusta su PPE mientras pasa junto a otra trabajadora que descarga filtros de aire y equipos de limpieza en la casa de cuidados de Orchard Villa en Pickering, Ontario<\/em>.<\/p><\/div>\n<p>&nbsp;<\/p>\n<p><em>Actualizado 13 de mayo de 2020 9:52 am<\/em><\/p>\n<p><em><strong>TORONTO &#8211;<\/strong> <\/em>El premier Doug Ford dijo que la medida ayudar\u00e1 a asegurar que se contnga la propagaci\u00f3n del virus en los hogares de cuidado.<\/p>\n<p>La provincia dijo que el gerente designado podr\u00eda ser cualquier persona, incluida una corporaci\u00f3n u hospital.<\/p>\n<p>La semana pasada, el gobierno solicit\u00f3 a las instalaciones con brotes que elaboraran un plan para estabilizar la propagaci\u00f3n del virus dentro de sus paredes.<\/p>\n<p>M\u00e1s de 1.200 residentes de cuidados a largo plazo han muerto por COVID-19 en la provincia, y 180 hogares tienen brotes del virus.<\/p>\n<p>&nbsp;<\/p>\n<h4><em><strong>Ontario controlar\u00e1 enfermedades inflamatorias raras en ni\u00f1os con COVID-19<\/strong><\/em><\/h4>\n<div id=\"attachment_491169\" style=\"width: 310px\" class=\"wp-caption alignnone\"><img loading=\"lazy\" decoding=\"async\" aria-describedby=\"caption-attachment-491169\" class=\"size-medium wp-image-491169\" src=\"https:\/\/diarioelpopular.com\/wp-content\/uploads\/2020\/05\/Screen-Shot-2020-05-13-at-10.38.36-AM-300x134.png\" alt=\"\" width=\"300\" height=\"134\" \/><p id=\"caption-attachment-491169\" class=\"wp-caption-text\"><em>Los m\u00e9dicos ahora est\u00e1n haciendo sonar la alarma sobre un nuevo y misterioso s\u00edndrome que aparece en los ni\u00f1os, que podr\u00eda estar relacionado con COVID-19.<\/em><\/p><\/div>\n<p>&nbsp;<\/p>\n<p><em><strong>TORONTO &#8211;<\/strong><\/em> El Ministro de Salud de Ontario anunci\u00f3 que la provincia vigilar\u00e1 mejor a los ni\u00f1os despu\u00e9s de los informes de una enfermedad inflamatoria rara en ni\u00f1os diagnosticados con COVID-19.<\/p>\n<p>Christine Elliott dijo que la definici\u00f3n de caso de la provincia de COVID-19 ahora incluir\u00e1 vasculitis inflamatoria multisist\u00e9mica, que puede aparecer en ni\u00f1os.<\/p>\n<p>Agreg\u00f3 que aunque la conexi\u00f3n entre esta enfermedad inflamatoria y COVID-19 no est\u00e1 confirmada en este momento, la provincia est\u00e1 tomando medidas inmediatas &#8220;para proteger a los ni\u00f1os de Ontario&#8221;.<\/p>\n<p>Elliott anot\u00f3 que datos recientes en el pa\u00eds indican que la mayor\u00eda de las infecciones por COVID-19 en ni\u00f1os son leves y no requieren hospitalizaci\u00f3n.<\/p>\n<p>Algunos de los s\u00edntomas de la vasculitis inflamatoria multisist\u00e9mica incluyen fiebre persistente, dolor abdominal, s\u00edntomas gastrointestinales, como n\u00e1useas, v\u00f3mitos y diarrea, as\u00ed como erupci\u00f3n cut\u00e1nea.<\/p>\n<p>Hizo incapi\u00e9 en que los padres deben comunicarse con sus proveedores de atenci\u00f3n m\u00e9dica de inmediato si sus hijos tienen estos s\u00edntomas.<\/p>\n","protected":false},"excerpt":{"rendered":"<p>&nbsp; \u00daltima actualizaci\u00f3n el 13 de mayo de 2020 a las 11:08 a.m.EDT &#8211; Cuarenta personas m\u00e1s han muerto, lo que lleva el recuento total&hellip;<\/p>\n","protected":false},"author":99,"featured_media":0,"comment_status":"open","ping_status":"open","sticky":false,"template":"","format":"standard","meta":{"footnotes":""},"categories":[21,11191],"tags":[],"class_list":["post-491168","post","type-post","status-publish","format-standard","hentry","category-canada","category-top-news"],"_links":{"self":[{"href":"https:\/\/diarioelpopular.com\/index.php\/wp-json\/wp\/v2\/posts\/491168","targetHints":{"allow":["GET"]}}],"collection":[{"href":"https:\/\/diarioelpopular.com\/index.php\/wp-json\/wp\/v2\/posts"}],"about":[{"href":"https:\/\/diarioelpopular.com\/index.php\/wp-json\/wp\/v2\/types\/post"}],"author":[{"embeddable":true,"href":"https:\/\/diarioelpopular.com\/index.php\/wp-json\/wp\/v2\/users\/99"}],"replies":[{"embeddable":true,"href":"https:\/\/diarioelpopular.com\/index.php\/wp-json\/wp\/v2\/comments?post=491168"}],"version-history":[{"count":4,"href":"https:\/\/diarioelpopular.com\/index.php\/wp-json\/wp\/v2\/posts\/491168\/revisions"}],"predecessor-version":[{"id":491195,"href":"https:\/\/diarioelpopular.com\/index.php\/wp-json\/wp\/v2\/posts\/491168\/revisions\/491195"}],"wp:attachment":[{"href":"https:\/\/diarioelpopular.com\/index.php\/wp-json\/wp\/v2\/media?parent=491168"}],"wp:term":[{"taxonomy":"category","embeddable":true,"href":"https:\/\/diarioelpopular.com\/index.php\/wp-json\/wp\/v2\/categories?post=491168"},{"taxonomy":"post_tag","embeddable":true,"href":"https:\/\/diarioelpopular.com\/index.php\/wp-json\/wp\/v2\/tags?post=491168"}],"curies":[{"name":"wp","href":"https:\/\/api.w.org\/{rel}","templated":true}]}}