{"id":491315,"date":"2020-05-16T12:25:26","date_gmt":"2020-05-16T16:25:26","guid":{"rendered":"https:\/\/diarioelpopular.com\/?p=491315"},"modified":"2020-05-16T12:26:26","modified_gmt":"2020-05-16T16:26:26","slug":"ontario-informa-391-nuevos-casos-de-coronavirus-y-33-muertes-el-total-de-casos-supera-los-22-300","status":"publish","type":"post","link":"https:\/\/diarioelpopular.com\/index.php\/2020\/05\/16\/ontario-informa-391-nuevos-casos-de-coronavirus-y-33-muertes-el-total-de-casos-supera-los-22-300\/","title":{"rendered":"Ontario informa 391 nuevos casos de coronavirus y 33 muertes. El total de casos supera los 22.300"},"content":{"rendered":"<p><img loading=\"lazy\" decoding=\"async\" class=\"alignnone size-custom-full-size wp-image-491316\" src=\"https:\/\/diarioelpopular.com\/wp-content\/uploads\/2020\/05\/Screen-Shot-2020-05-16-at-12.07.11-PM-636x392.png\" alt=\"\" width=\"636\" height=\"392\" \/><\/p>\n<p><em>\u00daltima actualizaci\u00f3n el 16 de mayo de 2020 a las 10:59 a.m.EDT<\/em><\/p>\n<p>&nbsp;<\/p>\n<h4><strong><em>&#8211; Ontario report\u00f3 391 nuevos casos de nuevos coronavirus este s\u00e1bado por la ma\u00f1ana, lo que eleva el n\u00famero total de casos en la provincia a 22,313.<\/em><\/strong><\/h4>\n<p>&nbsp;<\/p>\n<h4><em><strong>&#8211; Beaches Jazz Festival, Taste of the Danforth entre los eventos de verano cancelados por la ciudad<\/strong><\/em><\/h4>\n<p>&nbsp;<\/p>\n<h4><em><strong>&#8211; Trudeau espera que el gobierno pueda ayudar a Air Canada luego del anuncio de despidos<\/strong><\/em><\/h4>\n<p>&nbsp;<\/p>\n<p><em><strong>TORONTO.-<\/strong><\/em> Es el mayor aumento de casos desde el 8 de mayo, cuando se informaron 477, pero tambi\u00e9n es el octavo d\u00eda consecutivo con nuevos casos por debajo de 400.<\/p>\n<p>Tambi\u00e9n se anunciaron 33 nuevas muertes este s\u00e1bado, lo que eleva el total de muertes atribuidas al virus en la provincia a 1,858.<\/p>\n<p>M\u00e1s de 17,000 casos se consideran resueltos, lo que representa el 76.3 por ciento de todos los casos confirmados.<\/p>\n<p>Se han realizado casi 17.800 pruebas adicionales, lo que eleva el n\u00famero total completado en la provincia a 528.609. M\u00e1s de 10,500 casos est\u00e1n bajo investigaci\u00f3n.<\/p>\n<p>El n\u00famero reportado de pacientes hospitalizados con COVID-19 es 975 (hasta 11), 180 en cuidados intensivos (hasta 1) y 135 en un respirador (sin cambios).<\/p>\n<p>Los n\u00fameros reci\u00e9n informados son v\u00e1lidos a partir de las 2 p.m. s\u00e1bado para Toronto y Ottawa, y a las 4 p.m. para el resto de la provincia.<\/p>\n<p>Seg\u00fan el Ministerio de Atenci\u00f3n a Largo Plazo, se han reportado 1,360 muertes entre residentes y pacientes en hogares de cuidado a largo plazo en Ontario, un aumento de 40. Actualmente hay 186 brotes en hogares de cuidado a largo plazo en la provincia.<\/p>\n<p>El ministerio tambi\u00e9n indic\u00f3 que hay 2.490 casos confirmados entre los residentes de atenci\u00f3n a largo plazo y 1.637 casos entre el personal.<\/p>\n<p>Los funcionarios de Ontario han dicho que puede haber una discrepancia entre las muertes generales y las muertes en hogares de cuidado a largo plazo debido a c\u00f3mo el sistema de base de datos de salud de la provincia, llamado iPHIS, est\u00e1 rastreando datos y c\u00f3mo el Ministerio de Cuidado a Largo Plazo est\u00e1 rastreando datos.<\/p>\n<p>&nbsp;<\/p>\n<h4><em><strong>Beaches Jazz Festival, Taste of the Danforth entre los eventos de verano cancelados por la ciudad<\/strong><\/em><\/h4>\n<p><img loading=\"lazy\" decoding=\"async\" class=\"size-custom-full-size wp-image-491317\" src=\"https:\/\/diarioelpopular.com\/wp-content\/uploads\/2020\/05\/2017_Beaches_Jazz_Festival_Victor_Biro_01-636x423.jpg\" alt=\"\" width=\"636\" height=\"423\" \/><\/p>\n<p>&nbsp;<\/p>\n<p>El \u201cTaste of the Danforth\u201d y el \u201cBeaches International Jazz Festival\u201d se encuentran entre las \u00faltimas v\u00edctimas de la pandemia COVID-19 despu\u00e9s de que la Ciudad de Toronto extendi\u00f3 la cancelaci\u00f3n de eventos con asistencia de m\u00e1s de 250 personas hasta el 31 de julio, y aquellos con asistencia de 25,000 o m\u00e1s hasta el 31 de agosto.<\/p>\n<p>Esto incluye festivales, conferencias y programas culturales que se llevan a cabo en instalaciones administradas por divisiones de la ciudad o lugares p\u00fablicos, como carreteras, parques y plazas c\u00edvicas.<\/p>\n<p>Adem\u00e1s del festival de jazz y el Taste of the Danforht, el movimiento tambi\u00e9n afecta a los productos b\u00e1sicos de verano como Honda Indy, Salsa on St Clair, Toronto Outdoor Art Fair, Toronto Triathlon Festival, Jerkfest, Taste of Manila y Toronto Chinatown Festival.<\/p>\n<p>La ciudad dijo que la reanudaci\u00f3n o cancelaci\u00f3n de eventos deportivos profesionales no est\u00e1 incluida en esta decisi\u00f3n.<\/p>\n<p>&#8220;Est\u00e1 claro que, si bien muchos aspectos de la vida que se han bloqueado estar\u00e1n abiertos para el verano, todav\u00eda estaremos lidiando con COVID-19 y tratando de evitar escenarios de mayor riesgo que puedan ayudar a desencadenar una segunda ola&#8221;, dijo el alcalde John Tory.<\/p>\n<p>&#8220;Creo que la noci\u00f3n de que este verano iba a ser muy diferente qued\u00f3 clara cuando el CNE anunci\u00f3 a principios de esta semana que el Ex tendr\u00eda que ser cancelado para 2020&#8221;.<\/p>\n<p>Howard Lichtman, portavoz de Taste of the Danforth, reconoci\u00f3 que, dado que la situaci\u00f3n en torno a la pandemia segu\u00eda siendo incierta, la cancelaci\u00f3n del festival era m\u00e1s que probable.<\/p>\n<p>&#8220;Para el BIA, los restaurantes y minoristas en la calle, siempre se trata de las personas primero&#8221;, dijo. &#8220;El criterio siempre iba a ser sobre la salud y la seguridad de las personas&#8221;.<\/p>\n<p>Tory dijo que espera que algunos de los eventos programados para agosto que ahora han sido cancelados puedan volver en una fecha posterior en el oto\u00f1o &#8220;si las condiciones son las correctas&#8221; en ese momento.<\/p>\n<p>Lichtman agreg\u00f3 que la Junta de Retail planea reunirse la pr\u00f3xima semana para determinar si reprogramar o no el evento para fines de oto\u00f1o o posponerlo hasta el pr\u00f3ximo a\u00f1o.<\/p>\n<p>&#8220;Creo que hay diferentes alternativas con respecto al festival. Hubo comentarios sobre el tama\u00f1o y cu\u00e1ntas personas podr\u00edan estar presentes, lo que deja la puerta abierta a las alternativas &#8220;.<\/p>\n<p>Entre las alternativas que podr\u00edan explorarse se encuentra una versi\u00f3n reducida del evento o la celebraci\u00f3n de peque\u00f1os festivales m\u00e1s peque\u00f1os en lugar de uno grande.<\/p>\n<p>Si bien las p\u00e9rdidas financieras superar\u00e1n los $100 millones en impacto econ\u00f3mico para la ciudad y la provincia, Lichtman dice que la cancelaci\u00f3n junto con los cierres provocados por la pandemia podr\u00eda significar el final para muchas empresas en el \u00e1rea.<\/p>\n<p>&#8220;Son los peque\u00f1os restaurantes y los minoristas en la calle&#8221;, dijo Lichtman. &#8220;Ese fin de semana en particular suele ser un fin de semana, es uno de los fines de semana m\u00e1s concurridos del a\u00f1o. Han sufrido significativamente durante COVID-19 y es solo un golpe adicional &#8220;.<\/p>\n<p>Lichtman agreg\u00f3 que el verdadero costo de la pandemia a\u00fan no se ha revelado.<\/p>\n<p>\u201cGreektown es un microcosmos de la ciudad. En su coraz\u00f3n son los restaurantes y se ha transformado con el tiempo en un mosaico multicultural que refleja la ciudad, por lo que b\u00e1sicamente puedes viajar por el mundo caminando por el Danforth.<\/p>\n<p>&#8220;Es un momento dif\u00edcil para los restaurantes. Parte de la vida y el sabor del Danforth es Greektown y todos los restaurantes. Es mam\u00e1 y pap\u00e1, son familias, es multigeneracional en algunos casos. Si ciertos restaurantes y tiendas minoristas no pueden abrir, obviamente es una gran p\u00e9rdida &#8220;.<\/p>\n<p>&#8220;El gran factor desconocido es cu\u00e1ntos restaurantes y minoristas sobrevivir\u00e1n cuando termine&#8221;.<\/p>\n<p>Tory dijo que para ayudar a los numerosos festivales afectados por la decisi\u00f3n, la Ciudad reutilizar\u00e1 los fondos de subvenciones que fueron aprobados previamente por el Ayuntamiento para ayudar a sufragar las p\u00e9rdidas financieras, ayudar a los organizadores a cumplir con los pagos a proveedores, artistas y peque\u00f1as empresas, y ayudar a los organizadores a mantener operaciones cr\u00edticas para sobrevivir este a\u00f1o y prepararse para su pr\u00f3ximo festival.<\/p>\n<p>Los promotores de la carrera Honda Indy Toronto dicen que est\u00e1n explorando otras fechas en 2020 para la carrera anual IndyCar.<\/p>\n<p>La carrera solitaria en Canad\u00e1 en el circuito IndyCar, la Honda Indy Toronto, estaba programada para el 10 y 12 de julio en el Exhibition Place.<\/p>\n<p>La carrera ha sido un evento anual que se desarrolla desde 1986 y esta es solo la segunda vez que no estar\u00e1 en el calendario del circuito. En 2008, no se llev\u00f3 a cabo despu\u00e9s de la reunificaci\u00f3n de Champ Car y la Indy Racing League.<\/p>\n<p>&nbsp;<\/p>\n<h4><em><strong>Trudeau espera que el gobierno pueda ayudar a Air Canada luego del anuncio de despidos<\/strong><\/em><\/h4>\n<p>&nbsp;<\/p>\n<div id=\"attachment_491318\" style=\"width: 645px\" class=\"wp-caption alignnone\"><img loading=\"lazy\" decoding=\"async\" aria-describedby=\"caption-attachment-491318\" class=\"size-custom-full-size wp-image-491318\" src=\"https:\/\/diarioelpopular.com\/wp-content\/uploads\/2020\/05\/Screen-Shot-2020-05-16-at-12.09.39-PM.png\" alt=\"\" width=\"635\" height=\"409\" \/><p id=\"caption-attachment-491318\" class=\"wp-caption-text\"><em>Se ve un mostrador de facturaci\u00f3n de Air Canada vac\u00edo en el Aeropuerto Internacional de Montreal-Trudeau en Montreal.<\/em><\/p><\/div>\n<p>&nbsp;<\/p>\n<p>El primer ministro Justin Trudeau dijo que el gobierno trabajar\u00e1 estrechamente con Air Canada para ver si se puede ofrecer m\u00e1s ayuda despu\u00e9s de que la aerol\u00ednea anunciara despidos masivos este viernes.<\/p>\n<p>Trudeau reconoce que es una situaci\u00f3n muy dif\u00edcil para las aerol\u00edneas y la industria de viajes durante la crisis COVID-19.<\/p>\n<p>Air Canada despedir\u00e1 a m\u00e1s de la mitad de sus 38,000 empleados el pr\u00f3ximo mes mientras lidia con las consecuencias de la pandemia de COVID-19. La aerol\u00ednea estima que unos 20,000 de sus empleados se ver\u00e1n afectados.<\/p>\n<p>La medida de Air Canada fue anunciada despu\u00e9s de que Trudeau extendi\u00f3 el Subsidio de Salario de Emergencia de Canad\u00e1 por $ 73 mil millones hasta fines de agosto el viernes anterior.<\/p>\n<p>Trudeau dijo que el gobierno continuar\u00e1 trabajando con Air Canada para tratar de determinar la mejor manera de superar la crisis.<\/p>\n<p>Mientras tanto, Trudeau agreg\u00f3 que Health Canada ha autorizado el primer ensayo cl\u00ednico para una posible vacuna COVID-19 en la Universidad Dalhousie en Nueva Escocia.<\/p>\n<p>Trudeau tambi\u00e9n acot\u00f3 que $100 millones adicionales ir\u00e1n a la Cruz Roja para ayudar a lidiar con COVID-19, inundaciones e incendios forestales.<\/p>\n<p>&nbsp;<\/p>\n<p>Se ve un mostrador de facturaci\u00f3n de Air Canada vac\u00edo en el Aeropuerto Internacional de Montreal-Trudeau en Montreal<\/p>\n","protected":false},"excerpt":{"rendered":"<p>\u00daltima actualizaci\u00f3n el 16 de mayo de 2020 a las 10:59 a.m.EDT &nbsp; &#8211; Ontario report\u00f3 391 nuevos casos de nuevos coronavirus este s\u00e1bado por&hellip;<\/p>\n","protected":false},"author":99,"featured_media":0,"comment_status":"open","ping_status":"open","sticky":false,"template":"","format":"standard","meta":{"footnotes":""},"categories":[21,11191],"tags":[],"class_list":["post-491315","post","type-post","status-publish","format-standard","hentry","category-canada","category-top-news"],"_links":{"self":[{"href":"https:\/\/diarioelpopular.com\/index.php\/wp-json\/wp\/v2\/posts\/491315","targetHints":{"allow":["GET"]}}],"collection":[{"href":"https:\/\/diarioelpopular.com\/index.php\/wp-json\/wp\/v2\/posts"}],"about":[{"href":"https:\/\/diarioelpopular.com\/index.php\/wp-json\/wp\/v2\/types\/post"}],"author":[{"embeddable":true,"href":"https:\/\/diarioelpopular.com\/index.php\/wp-json\/wp\/v2\/users\/99"}],"replies":[{"embeddable":true,"href":"https:\/\/diarioelpopular.com\/index.php\/wp-json\/wp\/v2\/comments?post=491315"}],"version-history":[{"count":2,"href":"https:\/\/diarioelpopular.com\/index.php\/wp-json\/wp\/v2\/posts\/491315\/revisions"}],"predecessor-version":[{"id":491322,"href":"https:\/\/diarioelpopular.com\/index.php\/wp-json\/wp\/v2\/posts\/491315\/revisions\/491322"}],"wp:attachment":[{"href":"https:\/\/diarioelpopular.com\/index.php\/wp-json\/wp\/v2\/media?parent=491315"}],"wp:term":[{"taxonomy":"category","embeddable":true,"href":"https:\/\/diarioelpopular.com\/index.php\/wp-json\/wp\/v2\/categories?post=491315"},{"taxonomy":"post_tag","embeddable":true,"href":"https:\/\/diarioelpopular.com\/index.php\/wp-json\/wp\/v2\/tags?post=491315"}],"curies":[{"name":"wp","href":"https:\/\/api.w.org\/{rel}","templated":true}]}}