{"id":491364,"date":"2020-05-17T11:50:44","date_gmt":"2020-05-17T15:50:44","guid":{"rendered":"https:\/\/diarioelpopular.com\/?p=491364"},"modified":"2020-05-17T11:50:44","modified_gmt":"2020-05-17T15:50:44","slug":"ontario-reporta-340-nuevos-casos-de-coronavirus-23-muertes-ya-que-el-total-de-casos-supera-los-22600","status":"publish","type":"post","link":"https:\/\/diarioelpopular.com\/index.php\/2020\/05\/17\/ontario-reporta-340-nuevos-casos-de-coronavirus-23-muertes-ya-que-el-total-de-casos-supera-los-22600\/","title":{"rendered":"Ontario reporta 340 nuevos casos de coronavirus, 23 muertes ya que el total de casos supera los 22,600"},"content":{"rendered":"<p><img loading=\"lazy\" decoding=\"async\" class=\"alignnone size-custom-full-size wp-image-491366\" src=\"https:\/\/diarioelpopular.com\/wp-content\/uploads\/2020\/05\/GettyImages-1211275270-scaled-e1589288801355-636x357.jpg\" alt=\"\" width=\"636\" height=\"357\" \/><\/p>\n<p><em>Actualizado 17 de mayo de 2020 11:08 am<\/em><\/p>\n<p>&nbsp;<\/p>\n<h4><em><strong>&#8211; Ontario report\u00f3 340 nuevos casos de nuevos coronavirus el domingo por la ma\u00f1ana, lo que eleva el n\u00famero total de casos en la provincia a 22,653.<\/strong><\/em><\/h4>\n<p>&nbsp;<\/p>\n<h4><em><strong>&#8211; M\u00e1s provincias se preparan para aflojar las restricciones de COVID-19<\/strong><\/em><\/h4>\n<p>&nbsp;<\/p>\n<p><em><strong>TORONTO.-<\/strong><\/em> Este domingo se anunciaron 23 nuevas muertes, lo que eleva el total de muertes atribuidas al virus en la provincia a 1,881. Es el aumento m\u00e1s bajo reportado de muertes desde el 13 de abril.<\/p>\n<p>Casi 17.400 casos se consideran resueltos, lo que representa el 76,6% de todos los casos confirmados.<\/p>\n<p>Se han realizado m\u00e1s de 16,200 pruebas adicionales, lo que eleva el n\u00famero total completado en la provincia a 544,826. Alrededor de 4.400 casos est\u00e1n bajo investigaci\u00f3n.<\/p>\n<p>El informe de este domingo marca un aumento en los casos acumulados del 1,5 por ciento, mientras que el s\u00e1bado tuvo un aumento del 1,8 por ciento.<\/p>\n<p>El n\u00famero reportado de pacientes hospitalizados con COVID-19 es 934 (disminuy\u00f3 en 41), con 171 en cuidados intensivos (disminuy\u00f3 en nueve) y 129 en un ventilador (disminuy\u00f3 en seis).<\/p>\n<p>Los n\u00fameros reci\u00e9n informados son v\u00e1lidos a partir de las 2 p.m. S\u00e1bado para Toronto y Ottawa, y a las 4 p.m. para el resto de la provincia.<\/p>\n<p>Seg\u00fan el Ministerio de Atenci\u00f3n a Largo Plazo, se han reportado 1,388 muertes entre residentes y pacientes en hogares de cuidado a largo plazo en Ontario, un aumento de 28. Actualmente hay 189 brotes en hogares de cuidado a largo plazo.<\/p>\n<p>El ministerio tambi\u00e9n indic\u00f3 que hay 2.500 casos confirmados entre los residentes de atenci\u00f3n a largo plazo y 1.631 casos entre el personal.<\/p>\n<p>Los funcionarios de Ontario han dicho que puede haber una discrepancia entre las muertes generales y las muertes en hogares de cuidado a largo plazo debido a c\u00f3mo el sistema de base de datos de salud de la provincia, llamado iPHIS, est\u00e1 rastreando datos y c\u00f3mo el Ministerio de Cuidado a Largo Plazo est\u00e1 rastreando datos.<\/p>\n<p>&nbsp;<\/p>\n<h4><em><strong>M\u00e1s provincias se preparan para aflojar las restricciones de COVID-19<\/strong><\/em><\/h4>\n<div id=\"attachment_491365\" style=\"width: 646px\" class=\"wp-caption alignnone\"><img loading=\"lazy\" decoding=\"async\" aria-describedby=\"caption-attachment-491365\" class=\"size-custom-full-size wp-image-491365\" src=\"https:\/\/diarioelpopular.com\/wp-content\/uploads\/2020\/05\/Sign-Were-all-in-this-together-636x424.jpg\" alt=\"\" width=\"636\" height=\"424\" \/><p id=\"caption-attachment-491365\" class=\"wp-caption-text\"><em>Un letrero dice &#8220;estamos todos juntos en esto&#8221; en un escaparate de Toronto durante la pandemia de 2020 COVID-19.<\/em><\/p><\/div>\n<p>&nbsp;<\/p>\n<p><em><strong>OTTAWA &#8211;<\/strong><\/em> Justin Trudeau tomar\u00e1 un descanso y retomar sus reuniones informativas de COVID-19 para pasar este largo fin de semana con su familia en el retiro del primer ministro Harrington Lake en Gatineau, Que.<\/p>\n<p>Las sesiones informativas se reanudar\u00e1n el martes a medida que algunas provincias comienzan a relajar las restricciones que han bloqueado sus econom\u00edas durante dos meses para tratar de frenar la propagaci\u00f3n del nuevo coronavirus.<\/p>\n<p>Ontario entrar\u00e1 en su primera etapa de reapertura el 19 de mayo al levantar las restricciones sobre ciertos negocios minoristas y la industria de la construcci\u00f3n. Algunas cirug\u00edas tambi\u00e9n se reanudar\u00e1n.<\/p>\n<p>El gobierno de Columbia Brit\u00e1nica permitir\u00e1 una reapertura parcial de la econom\u00eda de la provincia a partir del martes. Sin embargo, las reaperturas dependen de que las organizaciones y empresas tengan planes que sigan las pautas provinciales para controlar la propagaci\u00f3n de COVID-19.<\/p>\n<p>En New Brunswick, las guarder\u00edas con licencia pueden volver a abrir el martes. Y aunque los ni\u00f1os no tendr\u00e1n que usar m\u00e1scaras, se separar\u00e1n en peque\u00f1os grupos como medida de seguridad.<\/p>\n<p>Mientras tanto, Alberta dio la bienvenida a la llegada del fin de semana del D\u00eda de Victoria al aumentar el l\u00edmite para reuniones al aire libre a 50 personas, en lugar de 15.<\/p>\n","protected":false},"excerpt":{"rendered":"<p>Actualizado 17 de mayo de 2020 11:08 am &nbsp; &#8211; Ontario report\u00f3 340 nuevos casos de nuevos coronavirus el domingo por la ma\u00f1ana, lo que&hellip;<\/p>\n","protected":false},"author":99,"featured_media":0,"comment_status":"open","ping_status":"open","sticky":false,"template":"","format":"standard","meta":{"footnotes":""},"categories":[21,11191],"tags":[],"class_list":["post-491364","post","type-post","status-publish","format-standard","hentry","category-canada","category-top-news"],"_links":{"self":[{"href":"https:\/\/diarioelpopular.com\/index.php\/wp-json\/wp\/v2\/posts\/491364","targetHints":{"allow":["GET"]}}],"collection":[{"href":"https:\/\/diarioelpopular.com\/index.php\/wp-json\/wp\/v2\/posts"}],"about":[{"href":"https:\/\/diarioelpopular.com\/index.php\/wp-json\/wp\/v2\/types\/post"}],"author":[{"embeddable":true,"href":"https:\/\/diarioelpopular.com\/index.php\/wp-json\/wp\/v2\/users\/99"}],"replies":[{"embeddable":true,"href":"https:\/\/diarioelpopular.com\/index.php\/wp-json\/wp\/v2\/comments?post=491364"}],"version-history":[{"count":1,"href":"https:\/\/diarioelpopular.com\/index.php\/wp-json\/wp\/v2\/posts\/491364\/revisions"}],"predecessor-version":[{"id":491367,"href":"https:\/\/diarioelpopular.com\/index.php\/wp-json\/wp\/v2\/posts\/491364\/revisions\/491367"}],"wp:attachment":[{"href":"https:\/\/diarioelpopular.com\/index.php\/wp-json\/wp\/v2\/media?parent=491364"}],"wp:term":[{"taxonomy":"category","embeddable":true,"href":"https:\/\/diarioelpopular.com\/index.php\/wp-json\/wp\/v2\/categories?post=491364"},{"taxonomy":"post_tag","embeddable":true,"href":"https:\/\/diarioelpopular.com\/index.php\/wp-json\/wp\/v2\/tags?post=491364"}],"curies":[{"name":"wp","href":"https:\/\/api.w.org\/{rel}","templated":true}]}}