{"id":491528,"date":"2020-05-20T19:10:08","date_gmt":"2020-05-20T23:10:08","guid":{"rendered":"https:\/\/diarioelpopular.com\/?p=491528"},"modified":"2020-05-20T19:10:08","modified_gmt":"2020-05-20T23:10:08","slug":"el-numero-de-muertos-por-coronavirus-en-canada-sobrepasa-los-6000","status":"publish","type":"post","link":"https:\/\/diarioelpopular.com\/index.php\/2020\/05\/20\/el-numero-de-muertos-por-coronavirus-en-canada-sobrepasa-los-6000\/","title":{"rendered":"El n\u00famero de muertos por coronavirus en Canad\u00e1 sobrepasa los 6,000"},"content":{"rendered":"<p><img loading=\"lazy\" decoding=\"async\" class=\"alignnone size-medium wp-image-491529\" src=\"https:\/\/diarioelpopular.com\/wp-content\/uploads\/2020\/05\/Screen-Shot-2020-05-20-at-6.57.41-PM-300x170.png\" alt=\"\" width=\"300\" height=\"170\" \/><\/p>\n<p><em>Actualizado, mi\u00e9rcoles 20 de mayo de 2020 3:50 pm<\/em><\/p>\n<p>&nbsp;<\/p>\n<h4><em><strong>&#8211; El nuevo coronavirus ahora se ha cobrado la vida de m\u00e1s de 6,000 personas en Canad\u00e1<\/strong><\/em><\/h4>\n<h4><em><strong>&#8211; Las m\u00e1scaras no m\u00e9dicas ahora se recomiendan para los canadienses, dicen las autoridades<\/strong><\/em><\/h4>\n<p>&nbsp;<\/p>\n<p><em><strong>OTTAWA.-<\/strong> <\/em>Seg\u00fan las \u00faltimas cifras reportadas por las autoridades de salud p\u00fablica en todo el pa\u00eds, ahora hay m\u00e1s de 80,000 casos confirmados de COVID-19 y 6,027 muertes relacionadas con el virus. Poco m\u00e1s de la mitad de los infectados se han recuperado de la enfermedad.<\/p>\n<p>El hito sombr\u00edo se produjo cuando las provincias informaron sus \u00faltimos n\u00fameros de coronavirus este mi\u00e9rcoles, durante una semana en la que varias provincias se est\u00e1n moviendo para reabrir sus econom\u00edas y aflojar algunas restricciones de salud p\u00fablica.<\/p>\n<p>Ontario representa aproximadamente un tercio de los casos y muertes confirmadas por COVID-19 en Canad\u00e1.<\/p>\n<p>Al este, Quebec representa m\u00e1s de la mitad del total de casos y muertes de COVID-19.<\/p>\n<p>M\u00e1s de 1,405,000 personas en todo Canad\u00e1 han sido analizadas para detectar el virus.<\/p>\n<p>&nbsp;<\/p>\n<h4><em><strong>Las m\u00e1scaras no m\u00e9dicas ahora se recomiendan para los canadienses, dicen las autoridades<\/strong><\/em><\/h4>\n<p>A medida que muchas provincias de Canad\u00e1 comienzan a aflojar las restricciones de salud p\u00fablica y a abrir gradualmente sus econom\u00edas, los funcionarios federales de salud p\u00fablica ahora recomiendan oficialmente que las personas usen m\u00e1scaras no m\u00e9dicas para ayudar a proteger a los dem\u00e1s del nuevo coronavirus en situaciones donde el distanciamiento f\u00edsico no es posible.<\/p>\n<p>Despu\u00e9s de aconsejar inicialmente no usar m\u00e1scaras no m\u00e9dicas, las autoridades federales de salud dijeron en abril que las personas que no tienen s\u00edntomas de COVID-19, la enfermedad causada por el virus, podr\u00edan usar m\u00e1scaras no m\u00e9dicas cuando est\u00e9n en p\u00fablico como &#8220;una medida adicional &#8220;Para evitar la propagaci\u00f3n de gotas, pero los funcionarios no lo presentaron como una recomendaci\u00f3n oficial.<\/p>\n<p>Las recomendaciones actualizadas sobre el uso de m\u00e1scaras no m\u00e9dicas en medio de la pandemia en curso se publicaron en el sitio web del gobierno este mi\u00e9rcoles, dijo el director m\u00e9dico de salud de Canad\u00e1 durante una conferencia de prensa.<\/p>\n<p>La Dra. Theresa Tam dijo que algunas pruebas sugieren que COVID-19 puede propagarse por personas que no muestran s\u00edntomas.<\/p>\n<p>Sin embargo, Tam ha enfatizado que usar una m\u00e1scara, ya sea m\u00e9dica o no m\u00e9dica, no reemplaza las medidas &#8220;fundamentales&#8221; para frenar la propagaci\u00f3n del virus, como mantenerse a dos metros de distancia de las personas fuera de su hogar y lavarse las manos con frecuencia.<\/p>\n<p>Los funcionarios de salud dijeron este mi\u00e9rcoles que esas medidas deben continuar &#8220;como m\u00ednimo&#8221; durante los meses de primavera y verano e instaron a que &#8220;quedarse en casa cuando est\u00e9 enfermo es imprescindible&#8221;.<\/p>\n<p>Cuando un periodista le pregunt\u00f3 si las recomendaciones actualizadas de m\u00e1scaras no m\u00e9dicas podr\u00edan alentar una falsa sensaci\u00f3n de seguridad, el subdirector de salud p\u00fablica de Canad\u00e1 dijo que es &#8220;una preocupaci\u00f3n&#8221;.<\/p>\n<p>&#8220;Nosotros y todas nuestras contrapartes &#8230; todav\u00eda no queremos que el p\u00fablico en general piense: &#8216;OK, entonces podemos dejar de realizar otras medidas de salud p\u00fablica que todav\u00eda son muy recomendables y claramente efectivas'&#8221;, dijo el Dr. Howard Njoo .<\/p>\n<p>&#8220;Esta es solo una medida complementaria, como hemos dicho&#8221;.<\/p>\n<p>Cuando use una m\u00e1scara no m\u00e9dica, no toque su cara ni permita que otras personas toquen su m\u00e1scara y considere usar un material que sea lavable, dijeron Tam y Njoo.<\/p>\n<p><em><strong>El primer ministro dijo que usar\u00e1 una m\u00e1scara al entrar, saliendo de la C\u00e1mara de los Comunes<\/strong><\/em><\/p>\n<p>Antes de la actualizaci\u00f3n de la agencia federal de salud p\u00fablica este mi\u00e9rcoles, se le pregunt\u00f3 al primer ministro Justin Trudeau sobre su enfoque personal para usar una m\u00e1scara facial, incluido cu\u00e1ndo y c\u00f3mo se cubre la cara.<\/p>\n<p>Trudeau dijo que prefiere mantener una distancia de dos metros de otras personas, pero ha optado por cubrirse la cara cuando eso no es posible.<\/p>\n<p>&#8220;En situaciones en las que estoy caminando por los pasillos del Parlamento o yendo a mi oficina y acerc\u00e1ndome a la gente, he decidido comenzar a usar una m\u00e1scara&#8221;, dijo el primer ministro, se\u00f1alando que usar\u00eda una m\u00e1scara para ingresar al Parlamento para la sesi\u00f3n en persona de la C\u00e1mara de los Comunes.<\/p>\n<p>\u201cUna vez que est\u00e9 en mi escritorio en el Parlamento y a dos metros de distancia de todos los dem\u00e1s, me quitar\u00e9 la m\u00e1scara para poder participar en el discurso parlamentario. Pero tan pronto como me levante de mi asiento y pase junto a la gente, camine por pasillos potencialmente m\u00e1s ocupados, usar\u00e9 una m\u00e1scara.<\/p>\n<p>&#8220;Esa es mi elecci\u00f3n personal que est\u00e1 alineada, creo, con lo que recomienda la salud p\u00fablica, pero todos necesitamos adaptarnos a lo que funciona en nuestras circunstancias y mantener la seguridad a la vanguardia de lo que estamos haciendo&#8221;, agreg\u00f3.<\/p>\n<p>El Dr. Jeff Kwong, epidemi\u00f3logo de enfermedades infecciosas y profesor de la Escuela de Salud P\u00fablica Dalla Lana de la Universidad de Toronto, dijo que la \u00fanica forma en que las m\u00e1scaras no m\u00e9dicas son efectivas es si cubren ambas tu boca y nariz<\/p>\n<p>Con pocos datos disponibles sobre la eficacia de las m\u00e1scaras caseras, Kwong predijo que probablemente no ser\u00edan tan efectivas como las m\u00e1scaras m\u00e9dicas, pero dijo que cree que &#8220;alguna protecci\u00f3n es mejor que no protecci\u00f3n&#8221;.<\/p>\n<p>Las \u00e1reas al aire libre conllevan menos riesgos que los entornos interiores, dijeron Tam y Njoo este mi\u00e9rcoles, citando el transporte p\u00fablico como un ejemplo de un entorno que puede no permitir el distanciamiento f\u00edsico a medida que m\u00e1s personas comiencen a aventurarse fuera de sus hogares en las pr\u00f3ximas semanas.<\/p>\n","protected":false},"excerpt":{"rendered":"<p>Actualizado, mi\u00e9rcoles 20 de mayo de 2020 3:50 pm &nbsp; &#8211; El nuevo coronavirus ahora se ha cobrado la vida de m\u00e1s de 6,000 personas&hellip;<\/p>\n","protected":false},"author":99,"featured_media":0,"comment_status":"open","ping_status":"open","sticky":false,"template":"","format":"standard","meta":{"footnotes":""},"categories":[21,11191],"tags":[],"class_list":["post-491528","post","type-post","status-publish","format-standard","hentry","category-canada","category-top-news"],"_links":{"self":[{"href":"https:\/\/diarioelpopular.com\/index.php\/wp-json\/wp\/v2\/posts\/491528","targetHints":{"allow":["GET"]}}],"collection":[{"href":"https:\/\/diarioelpopular.com\/index.php\/wp-json\/wp\/v2\/posts"}],"about":[{"href":"https:\/\/diarioelpopular.com\/index.php\/wp-json\/wp\/v2\/types\/post"}],"author":[{"embeddable":true,"href":"https:\/\/diarioelpopular.com\/index.php\/wp-json\/wp\/v2\/users\/99"}],"replies":[{"embeddable":true,"href":"https:\/\/diarioelpopular.com\/index.php\/wp-json\/wp\/v2\/comments?post=491528"}],"version-history":[{"count":1,"href":"https:\/\/diarioelpopular.com\/index.php\/wp-json\/wp\/v2\/posts\/491528\/revisions"}],"predecessor-version":[{"id":491530,"href":"https:\/\/diarioelpopular.com\/index.php\/wp-json\/wp\/v2\/posts\/491528\/revisions\/491530"}],"wp:attachment":[{"href":"https:\/\/diarioelpopular.com\/index.php\/wp-json\/wp\/v2\/media?parent=491528"}],"wp:term":[{"taxonomy":"category","embeddable":true,"href":"https:\/\/diarioelpopular.com\/index.php\/wp-json\/wp\/v2\/categories?post=491528"},{"taxonomy":"post_tag","embeddable":true,"href":"https:\/\/diarioelpopular.com\/index.php\/wp-json\/wp\/v2\/tags?post=491528"}],"curies":[{"name":"wp","href":"https:\/\/api.w.org\/{rel}","templated":true}]}}