{"id":491667,"date":"2020-05-25T12:39:31","date_gmt":"2020-05-25T16:39:31","guid":{"rendered":"https:\/\/diarioelpopular.com\/?p=491667"},"modified":"2020-05-25T12:39:31","modified_gmt":"2020-05-25T16:39:31","slug":"404-nuevos-casos-de-coronavirus-29-muertes-en-ontario-el-total-de-casos-alcanza-los-25904","status":"publish","type":"post","link":"https:\/\/diarioelpopular.com\/index.php\/2020\/05\/25\/404-nuevos-casos-de-coronavirus-29-muertes-en-ontario-el-total-de-casos-alcanza-los-25904\/","title":{"rendered":"404 nuevos casos de coronavirus, 29 muertes en Ontario, el total de casos alcanza los 25,904"},"content":{"rendered":"<p><img loading=\"lazy\" decoding=\"async\" class=\"alignnone size-medium wp-image-491669\" src=\"https:\/\/diarioelpopular.com\/wp-content\/uploads\/2020\/05\/Screen-Shot-2020-05-25-at-12.10.59-PM-300x137.png\" alt=\"\" width=\"300\" height=\"137\" \/><\/p>\n<p><em>\u00daltima actualizaci\u00f3n lunes 25 de mayo de 2020 a las 11:37 a.m.EDT<\/em><\/p>\n<p>&nbsp;<\/p>\n<h4><em><strong>&#8211; Ontario report\u00f3 404 nuevos casos del nuevo coronavirus este lunes, con un total provincial de 25,904 casos.<\/strong><\/em><\/h4>\n<h4><em><strong>&#8211; Ottawa presiona a las provincias para que implementen licencia por enfermedad remunerada: Trudeau<\/strong><\/em><\/h4>\n<p><em><strong>TORONTO.-<\/strong> <\/em>El n\u00famero de muertos aument\u00f3 a 2.102, ya que se informaron 29 decesos m\u00e1s.<\/p>\n<p>Mientras tanto, 19,698 personas se han recuperado de COVID-19, la enfermedad causada por el virus, que es el 76 por ciento de los casos.<\/p>\n<p>Ontario ha completado 619,539 pruebas hasta ahora para el virus. Esto representa 8,170 pruebas del d\u00eda anterior, que es el octavo d\u00eda consecutivo en que las pruebas diarias no alcanzaron el objetivo de la provincia de mayo de 16,000 pruebas por d\u00eda.<\/p>\n<p>El domingo, Ford reiter\u00f3 que cualquier persona con o sin s\u00edntomas puede hacerse la prueba, ya que los nuevos casos han vuelto a escalar constantemente y alcanzar la capacidad de prueba disponible.<\/p>\n<p>El informe de este lunes marca un aumento del 1.6 por ciento en los casos acumulados totales, esa cifra ha oscilado principalmente entre 1.3 y 1.9 durante la semana pasada.<\/p>\n<p>Ontario tiene 859 pacientes hospitalizados debido a COVID-19, con 148 pacientes en una unidad de cuidados intensivos (sin cambios) y 114 pacientes en UCI con un ventilador.<\/p>\n<p>Seg\u00fan el Ministerio de Atenci\u00f3n a Largo Plazo, se han reportado 1,531 muertes entre residentes y pacientes en hogares de atenci\u00f3n a largo plazo en Ontario, lo que representa un aumento de seis muertes, y hay 159 brotes actuales. Seis trabajadores de la salud en hogares de cuidado a largo plazo han muerto.<\/p>\n<p>Los funcionarios de Ontario han dicho que puede haber una discrepancia entre las muertes generales y las muertes en hogares de cuidado a largo plazo debido a c\u00f3mo el sistema de base de datos de salud de la provincia, llamado iPHIS, est\u00e1 rastreando datos y c\u00f3mo el Ministerio de Cuidado a Largo Plazo est\u00e1 rastreando datos.<\/p>\n<p>El ministerio tambi\u00e9n indic\u00f3 que actualmente hay 1.926 casos confirmados entre los residentes de atenci\u00f3n a largo plazo y 1.395 casos entre el personal.<\/p>\n<p>Los trabajadores de la salud en Ontario representan 4.415 del total de los casos notificados, lo que representa el 17% de la poblaci\u00f3n infectada.<\/p>\n<p>Las unidades de salud p\u00fablica del \u00e1rea metropolitana de Toronto representan casi el 65 por ciento de todos los casos en la provincia.<\/p>\n<p>Actualmente hay 3.883 personas bajo investigaci\u00f3n en espera de los resultados de las pruebas.<\/p>\n<p>&nbsp;<\/p>\n<h4><em><strong>Ottawa presiona a las provincias para que implementen licencia por enfermedad remunerada: Trudeau<\/strong><\/em><\/h4>\n<div id=\"attachment_491668\" style=\"width: 310px\" class=\"wp-caption alignnone\"><img loading=\"lazy\" decoding=\"async\" aria-describedby=\"caption-attachment-491668\" class=\"size-medium wp-image-491668\" src=\"https:\/\/diarioelpopular.com\/wp-content\/uploads\/2020\/05\/covid-cda-20200506-300x200.jpg\" alt=\"\" width=\"300\" height=\"200\" \/><p id=\"caption-attachment-491668\" class=\"wp-caption-text\"><em>Miembros del Parlamento llegan para participar en un comit\u00e9 especial sobre COVID-19 en la C\u00e1mara de los Comunes en Parliament Hill. Esta semana, los parlamentarios debatir\u00e1n c\u00f3mo la c\u00e1mara continuar\u00e1 reuni\u00e9ndose en medio de la pandemia y durante el verano. (Sean Kilpatrick \/ The Canadian Press)<\/em><\/p><\/div>\n<p>&nbsp;<\/p>\n<p>OTTAWA.- Trudeau dijo este lunes que el gobierno analiza las opciones de baja por enfermedad a corto y largo plazo<\/p>\n<p>El primer ministro Justin Trudeau expres\u00f3 que el gobierno federal est\u00e1 hablando con las provincias sobre traer 10 d\u00edas de licencia por enfermedad remunerada, una condici\u00f3n clave del NDP antes de apoyar el plan de los liberales para suspender a\u00fan m\u00e1s la C\u00e1mara de los Comunes durante la pandemia de coronoavirus.<\/p>\n<p>&#8220;Nadie deber\u00eda tener que elegir entre tomarse un d\u00eda libre del trabajo debido a una enfermedad o poder pagar sus cuentas. Al igual que nadie deber\u00eda tener que elegir entre quedarse en casa con los s\u00edntomas de COVID-19 o poder pagar el alquiler o la comida&#8221;. Trudeau dijo durante sus comentarios preparados este lunes por la ma\u00f1ana en su conferencia de prensa diaria.<\/p>\n<p>&#8220;Es por eso que el gobierno continuar\u00e1 las conversaciones con las provincias, sin demora, para garantizar que a medida que ingresamos a la fase de recuperaci\u00f3n de la pandemia, cada trabajador en Canad\u00e1 que lo necesite tenga acceso a diez d\u00edas de licencia por enfermedad remunerada al a\u00f1o. Y nosotros &#8216; Tambi\u00e9n considerar\u00e9 otros mecanismos a largo plazo para apoyar a los trabajadores con baja por enfermedad &#8220;.<\/p>\n<p>Los nuevos dem\u00f3cratas federales est\u00e1n condicionando su apoyo a un plan para continuar suspendiendo las sesiones de la C\u00e1mara de los Comunes sobre la acci\u00f3n del gobierno liberal sobre la licencia por enfermedad remunerada para todos los canadienses y el apoyo a las personas con discapacidades que luchan con COVID-19.<\/p>\n<p>El l\u00edder del NDP, Jagmeet Singh, present\u00f3 las demandas este lunes por la ma\u00f1ana, poco antes de que un peque\u00f1o n\u00famero de miembros del Parlamento regresaran a la C\u00e1mara de los Comunes para comenzar el debate sobre el futuro de las sesiones parlamentarias durante varios meses.<\/p>\n<p>El debate girar\u00e1 en torno a una propuesta liberal para renunciar a las sesiones &#8220;normales&#8221; de la C\u00e1mara de los Comunes a favor de expandir el comit\u00e9 especial COVID-19 que ha actuado como una especie de sustituto durante el \u00faltimo mes.<\/p>\n<p>Como solo tienen una minor\u00eda de esca\u00f1os, los liberales necesitan el apoyo de al menos uno de los principales partidos de oposici\u00f3n para aprobar esta moci\u00f3n.<\/p>\n<p>Se espera que los conservadores se opongan a la moci\u00f3n mientras presionan para poner fin al comit\u00e9 COVID-19 y la reanudaci\u00f3n de las sesiones de los Comunes, aunque no m\u00e1s de 50 parlamentarios en la c\u00e1mara en cualquier momento.<\/p>\n<p>El l\u00edder del bloque quebequense, Jean-Yves Blanchet, dijo el lunes que su partido no participa en las negociaciones sobre el regreso del Parlamento.<\/p>\n<p>El Bloque estableci\u00f3 previamente un conjunto de condiciones que quer\u00eda que se cumplieran antes de entablar discusiones sobre c\u00f3mo podr\u00eda sentarse el Parlamento.<\/p>\n<p>Estos incluyeron m\u00e1s ayuda para que las empresas cubran sus costos generales fijos y un plan sencillo sobre c\u00f3mo los liberales cumplir\u00edan una promesa de apoyo financiero para las personas mayores.<\/p>\n<p>Blanchet dijo que los liberales han seguido adelante con ninguno de los dos, y asegurarse de que lo hagan es su prioridad.<\/p>\n<p>&#8220;Cada vez que pasamos cinco minutos hablando de las reglas parlamentarias, pasamos cinco minutos menos hablando de lo que requieren los quebequenses&#8221;, dijo.<\/p>\n<p>Dijo que su partido probablemente acepte cualquier consenso al que se llegue para gobernar c\u00f3mo se sienta la C\u00e1mara de los Comunes durante el pr\u00f3ximo tiempo. El Bloque no discutir\u00e1 sobre qui\u00e9n conduce ese autob\u00fas o hacia d\u00f3nde va, dijo Blanchet, pero cuando llegue, el Bloque probablemente se subir\u00e1 a bordo.<\/p>\n<p><em><strong>El movimiento liberal ver\u00eda sesiones ampliadas<\/strong><\/em><\/p>\n<p>Eso deja el NDP, y Singh dijo que su partido est\u00e1 dispuesto a apoyar la moci\u00f3n de los liberales, por un precio.<\/p>\n<p>&#8220;Continuamos dejando en claro que necesitamos un compromiso de que el gobierno est\u00e9 dispuesto a proporcionar licencia por enfermedad remunerada para todos los canadienses&#8221;, dijo Singh durante una conferencia de prensa en Parliament Hill.<\/p>\n<p>&#8220;Estamos sugiriendo que el gobierno puede usar algo como el [Beneficio de Respuesta a Emergencias de Canad\u00e1] o un seguro de empleo para entregar ese programa a nivel federal inmediatamente. Pero queremos ver algo que sea a largo plazo y que requiera trabajar con provincias y empleadores para entregar un compromiso a largo plazo para que para siempre en nuestro pa\u00eds, todos los que necesiten licencia por enfermedad pagada tengan acceso a ella &#8220;.<\/p>\n<p>Singh tambi\u00e9n exige que el gobierno cumpla con la promesa de brindar m\u00e1s apoyo a los canadienses con discapacidades que luchan durante la pandemia.<\/p>\n<p>&#8220;Si el gobierno no cumple con la licencia por enfermedad remunerada para todos los canadienses y el apoyo real para los canadienses con discapacidades, entonces no apoyaremos la moci\u00f3n&#8221;, dijo.<\/p>\n<p>La batalla por el futuro del Parlamento en la era de COVID-19 se ha unido en gran medida en torno a las limitaciones y la incertidumbre asociadas con las sesiones virtuales de la C\u00e1mara de los Comunes, ya que se enfrentan a las demandas de representaci\u00f3n parlamentaria completa y responsabilidad durante la pandemia.<\/p>\n<p>Los liberales dieron a conocer el s\u00e1bado su soluci\u00f3n propuesta, que ver\u00eda las sesiones &#8220;normales&#8221; de la C\u00e1mara de los Comunes a un lado a favor de expandir el comit\u00e9 especial COVID-19.<\/p>\n<p>La moci\u00f3n propone agregar un d\u00eda adicional al programa actual del comit\u00e9 de una reuni\u00f3n a la semana en persona, con menos de tres docenas de parlamentarios realmente presentes, y dos veces por semana virtualmente.<\/p>\n<p>Los liberales ahora proponen cuatro reuniones a la semana hasta el 17 de junio, con un h\u00edbrido de asistencia en persona y virtual que ver\u00eda a un peque\u00f1o n\u00famero de parlamentarios en la c\u00e1mara de los Comunes y otros participantes a trav\u00e9s de dos grandes pantallas de video instaladas a ambos lados de la pantalla. Silla del orador.<\/p>\n<p>La moci\u00f3n tambi\u00e9n propone cuatro sesiones de la C\u00e1mara de los Comunes en julio y agosto, cada una con un per\u00edodo de preguntas que permitir\u00eda a los parlamentarios la oportunidad de preguntar a los ministros del gabinete sobre asuntos no relacionados con COVID-19, un punto clave de discusi\u00f3n para los conservadores en las \u00faltimas semanas. .<\/p>\n<p>No obstante, los conservadores han indicado que quieren eliminar el comit\u00e9 especial COVID-19 y recuperar las sesiones de la C\u00e1mara de los Comunes, incluidos los d\u00edas de oposici\u00f3n, los negocios de los miembros privados y otras actividades que no pueden ocurrir dentro del formato del comit\u00e9.<\/p>\n<p><em><strong>Los conservadores debaten pero no obstruyen<\/strong><\/em><\/p>\n<p>La l\u00edder conservadora de la C\u00e1mara de Representantes, Candice Bergen, dijo que si bien la moci\u00f3n presentada por los liberales durante el fin de semana fue una mejora en la forma en que se le permiti\u00f3 operar al comit\u00e9 especial durante el \u00faltimo mes, todav\u00eda tiene limitaciones clave.<\/p>\n<p>&#8220;Todav\u00eda creemos firmemente que el Parlamento y los poderes del Parlamento &#8211; d\u00edas de oposici\u00f3n, asuntos de miembros privados, mociones en torno a los comit\u00e9s y cosas que hacemos en el Parlamento &#8211; deber\u00edan reanudarse&#8221;, dijo a The Canadian Press.<\/p>\n<p>&#8220;Aunque no nos desagrada lo que el gobierno est\u00e1 proponiendo ahora y al menos es m\u00e1s de un d\u00eda en persona, todav\u00eda estamos muy decepcionados y a\u00fan mantenemos que el Parlamento deber\u00eda estar sentado &#8230; Vamos a estar all\u00ed durante cuatro d\u00edas cara a cara; \u00bfpor qu\u00e9 no podemos tener el Parlamento? &#8221;<\/p>\n<p>Bergen le dijo a CBC News el domingo que a pesar de las deficiencias de la moci\u00f3n, los conservadores no planean bloquearla por completo.<\/p>\n<p>&#8220;No intentaremos obstruirlo ni nada de eso, pero nos tomaremos el tiempo que hemos asignado para debatirlo&#8221;, dijo.<\/p>\n<p><strong><em>Volver a las sesiones regulares ideal &#8211; experto<\/em><\/strong><\/p>\n<p>&#8220;Creo que es natural y normal que la Oposici\u00f3n oficial quiera todos los mecanismos disponibles para que el gobierno rinda cuentas&#8221;, dijo Philippe Lagass\u00e9, presidente de Asuntos Internacionales de Barton en la Universidad de Carleton y experto en el sistema parlamentario de Westminster.<\/p>\n<p>Lagass\u00e9 dijo que espera que la C\u00e1mara de los Comunes pueda participar en las sesiones regulares lo antes posible porque las reuniones en persona de la c\u00e1mara conducen a intercambios m\u00e1s fuertes entre los pol\u00edticos.<\/p>\n<p>&#8220;Creo que es el alcance de los tipos de preguntas que recibes&#8221;, dijo Lagass\u00e9. &#8220;Tambi\u00e9n es la teatralidad que algunas personas elegir\u00e1n minimizar o creer que son innecesarias en este momento. Est\u00e1n destinadas a &#8230; permitir que las partes hagan preguntas inc\u00f3modas&#8221;.<\/p>\n<p>Pero Lagasse dijo que el modelo h\u00edbrido podr\u00eda estar en vigencia por alg\u00fan tiempo, incluso cuando el Reino Unido toma medidas para eliminar un sistema similar en su propio Parlamento.<\/p>\n<p>&#8220;Es muy posible que veamos que algunos de estos aspectos h\u00edbridos se vuelven parte de nuestro funcionamiento regular del Parlamento, particularmente dado el tama\u00f1o de nuestro pa\u00eds y los costos para traer de regreso a los parlamentarios, dadas las preocupaciones de salud&#8221;.<\/p>\n<p><em><strong>Limitaciones t\u00e9cnicas a la asistencia virtual.<\/strong><\/em><\/p>\n<p>El problema clave para ambos lados del debate parece estar en torno a la representaci\u00f3n, ya que la administraci\u00f3n de la C\u00e1mara de los Comunes trabaja a trav\u00e9s de las limitaciones t\u00e9cnicas en torno a la asistencia virtual, limitaciones que tanto los conservadores como el NDP han reconocido.<\/p>\n<p>Esas limitaciones se destacaron en un informe del comit\u00e9 de los Comunes hace dos semanas, incluidas las preocupaciones sobre la pirater\u00eda en lo que respecta a los votos de los parlamentarios y las preguntas de procedimiento, como la forma de manejar los puntos de orden y privilegio.<\/p>\n<p>&#8220;Los conservadores apoyan a este comit\u00e9 h\u00edbrido&#8221;, dijo Bergen. &#8220;Donde tenemos inquietudes es un modelo h\u00edbrido del Parlamento. Todav\u00eda hay demasiadas preguntas que deben responderse &#8230; Si ves el libro que nos gobierna, es un libro enorme. Hay muchas reglas que nos gobiernan &#8220;.<\/p>\n<p>El l\u00edder de la C\u00e1mara del NDP, Peter Julian, estuvo de acuerdo en que quedan preguntas y preocupaciones sin respuesta sobre las sesiones virtuales del Parlamento.<\/p>\n<p>&#8220;Queremos ser inmunes a la pirater\u00eda&#8221;, dijo. &#8220;Queremos asegurarnos de que la votaci\u00f3n sea clara y p\u00fablica &#8230; Tenemos que asegurarnos de que resolvamos esto. No es un detalle. En realidad, es bastante fundamental tener un Parlamento h\u00edbrido que funcione&#8221;.<\/p>\n<p>Sin embargo, la propuesta de los conservadores de reanudar las sesiones de la C\u00e1mara de los Comunes con no m\u00e1s de 50 parlamentarios en la c\u00e1mara en cualquier momento significa que muchos parlamentarios y sus electores no podr\u00e1n escuchar sus voces en el Parlamento, dijo.<\/p>\n<p>&#8220;Lo que debemos hacer es responder a esa pregunta sobre la votaci\u00f3n virtual para que los parlamentarios puedan participar plenamente. Entonces, donde diferir\u00edamos de los conservadores es que la moci\u00f3n conservadora no permite esa participaci\u00f3n plena. Es la participaci\u00f3n total de un porcentaje muy peque\u00f1o de parlamentarios &#8220;.<\/p>\n","protected":false},"excerpt":{"rendered":"<p>\u00daltima actualizaci\u00f3n lunes 25 de mayo de 2020 a las 11:37 a.m.EDT &nbsp; &#8211; Ontario report\u00f3 404 nuevos casos del nuevo coronavirus este lunes, con&hellip;<\/p>\n","protected":false},"author":99,"featured_media":0,"comment_status":"open","ping_status":"open","sticky":false,"template":"","format":"standard","meta":{"footnotes":""},"categories":[21,11191],"tags":[],"class_list":["post-491667","post","type-post","status-publish","format-standard","hentry","category-canada","category-top-news"],"_links":{"self":[{"href":"https:\/\/diarioelpopular.com\/index.php\/wp-json\/wp\/v2\/posts\/491667","targetHints":{"allow":["GET"]}}],"collection":[{"href":"https:\/\/diarioelpopular.com\/index.php\/wp-json\/wp\/v2\/posts"}],"about":[{"href":"https:\/\/diarioelpopular.com\/index.php\/wp-json\/wp\/v2\/types\/post"}],"author":[{"embeddable":true,"href":"https:\/\/diarioelpopular.com\/index.php\/wp-json\/wp\/v2\/users\/99"}],"replies":[{"embeddable":true,"href":"https:\/\/diarioelpopular.com\/index.php\/wp-json\/wp\/v2\/comments?post=491667"}],"version-history":[{"count":1,"href":"https:\/\/diarioelpopular.com\/index.php\/wp-json\/wp\/v2\/posts\/491667\/revisions"}],"predecessor-version":[{"id":491670,"href":"https:\/\/diarioelpopular.com\/index.php\/wp-json\/wp\/v2\/posts\/491667\/revisions\/491670"}],"wp:attachment":[{"href":"https:\/\/diarioelpopular.com\/index.php\/wp-json\/wp\/v2\/media?parent=491667"}],"wp:term":[{"taxonomy":"category","embeddable":true,"href":"https:\/\/diarioelpopular.com\/index.php\/wp-json\/wp\/v2\/categories?post=491667"},{"taxonomy":"post_tag","embeddable":true,"href":"https:\/\/diarioelpopular.com\/index.php\/wp-json\/wp\/v2\/tags?post=491667"}],"curies":[{"name":"wp","href":"https:\/\/api.w.org\/{rel}","templated":true}]}}