{"id":491712,"date":"2020-05-27T09:33:01","date_gmt":"2020-05-27T13:33:01","guid":{"rendered":"https:\/\/diarioelpopular.com\/?p=491712"},"modified":"2020-05-27T09:33:01","modified_gmt":"2020-05-27T13:33:01","slug":"ontario-extiende-ordenes-de-emergencia-hasta-el-9-de-junio","status":"publish","type":"post","link":"https:\/\/diarioelpopular.com\/index.php\/2020\/05\/27\/ontario-extiende-ordenes-de-emergencia-hasta-el-9-de-junio\/","title":{"rendered":"Ontario extiende \u00f3rdenes de emergencia hasta el 9 de junio"},"content":{"rendered":"<div id=\"attachment_491713\" style=\"width: 646px\" class=\"wp-caption alignnone\"><img loading=\"lazy\" decoding=\"async\" aria-describedby=\"caption-attachment-491713\" class=\"size-custom-full-size wp-image-491713\" src=\"https:\/\/diarioelpopular.com\/wp-content\/uploads\/2020\/05\/23163060-scaled-e1588944412263-636x357.jpg\" alt=\"\" width=\"636\" height=\"357\" \/><p id=\"caption-attachment-491713\" class=\"wp-caption-text\"><em>El premier de Ontario, Doug Ford, responde preguntas en una sesi\u00f3n informativa de COVID-19 en el Queen&#8217;s Park en Toronto.<\/em><\/p><\/div>\n<p>&nbsp;<\/p>\n<h4><em><strong>El gobierno provincial ha extendido sus \u00f3rdenes de emergencia COVID-19 otras dos semanas.<\/strong><\/em><\/h4>\n<p>&nbsp;<\/p>\n<p><em><strong>TORONTO.-<\/strong> <\/em>En un comunicado publicado este mi\u00e9rcoles, la provincia dijo que las \u00f3rdenes estar\u00e1n vigentes hasta el 9 de junio.<\/p>\n<p>&#8220;Estamos extendiendo estas \u00f3rdenes de emergencia para proteger la salud y la seguridad de todas las personas y familias a medida que comenzamos a reabrir nuestra provincia de manera gradual y segura&#8221;, dijo el premier Doug Ford.<\/p>\n<p>&#8220;Para aprovechar el progreso que hemos logrado para contener COVID-19, las personas deben seguir estas sencillas pautas de salud p\u00fablica, practicar el distanciamiento f\u00edsico, usar una m\u00e1scara cuando sea un desaf\u00edo para la distancia f\u00edsica y lavarse las manos regularmente&#8221;.<\/p>\n<p>Las \u00f3rdenes de emergencia incluyen el cierre de parques infantiles al aire libre, piscinas p\u00fablicas, bares y restaurantes, as\u00ed como restricciones a las reuniones sociales de m\u00e1s de cinco personas.<\/p>\n<p>Mientras tanto, Ford contin\u00faa alentando a los habitantes de Ontario a hacerse la prueba del virus.<\/p>\n<p>\u201cSi cree que tiene COVID-19 o puede haber estado expuesto al virus, vaya a un centro de evaluaci\u00f3n y h\u00e1gase la prueba. Por favor, mantente a salvo.<\/p>\n<p>El estado actual de emergencia de la provincia est\u00e1 vigente hasta el 2 de junio.<\/p>\n","protected":false},"excerpt":{"rendered":"<p>&nbsp; El gobierno provincial ha extendido sus \u00f3rdenes de emergencia COVID-19 otras dos semanas. &nbsp; TORONTO.- En un comunicado publicado este mi\u00e9rcoles, la provincia dijo&hellip;<\/p>\n","protected":false},"author":99,"featured_media":0,"comment_status":"open","ping_status":"open","sticky":false,"template":"","format":"standard","meta":{"footnotes":""},"categories":[21,11191],"tags":[],"class_list":["post-491712","post","type-post","status-publish","format-standard","hentry","category-canada","category-top-news"],"_links":{"self":[{"href":"https:\/\/diarioelpopular.com\/index.php\/wp-json\/wp\/v2\/posts\/491712","targetHints":{"allow":["GET"]}}],"collection":[{"href":"https:\/\/diarioelpopular.com\/index.php\/wp-json\/wp\/v2\/posts"}],"about":[{"href":"https:\/\/diarioelpopular.com\/index.php\/wp-json\/wp\/v2\/types\/post"}],"author":[{"embeddable":true,"href":"https:\/\/diarioelpopular.com\/index.php\/wp-json\/wp\/v2\/users\/99"}],"replies":[{"embeddable":true,"href":"https:\/\/diarioelpopular.com\/index.php\/wp-json\/wp\/v2\/comments?post=491712"}],"version-history":[{"count":1,"href":"https:\/\/diarioelpopular.com\/index.php\/wp-json\/wp\/v2\/posts\/491712\/revisions"}],"predecessor-version":[{"id":491714,"href":"https:\/\/diarioelpopular.com\/index.php\/wp-json\/wp\/v2\/posts\/491712\/revisions\/491714"}],"wp:attachment":[{"href":"https:\/\/diarioelpopular.com\/index.php\/wp-json\/wp\/v2\/media?parent=491712"}],"wp:term":[{"taxonomy":"category","embeddable":true,"href":"https:\/\/diarioelpopular.com\/index.php\/wp-json\/wp\/v2\/categories?post=491712"},{"taxonomy":"post_tag","embeddable":true,"href":"https:\/\/diarioelpopular.com\/index.php\/wp-json\/wp\/v2\/tags?post=491712"}],"curies":[{"name":"wp","href":"https:\/\/api.w.org\/{rel}","templated":true}]}}