{"id":491974,"date":"2020-06-04T13:23:33","date_gmt":"2020-06-04T17:23:33","guid":{"rendered":"https:\/\/diarioelpopular.com\/?p=491974"},"modified":"2020-06-04T13:23:33","modified_gmt":"2020-06-04T17:23:33","slug":"un-fiscal-libra-de-la-carcel-a-los-autores-de-una-violacion-en-grupo-a-una-menor-porque-los-movio-un-desahogo-sexual","status":"publish","type":"post","link":"https:\/\/diarioelpopular.com\/index.php\/2020\/06\/04\/un-fiscal-libra-de-la-carcel-a-los-autores-de-una-violacion-en-grupo-a-una-menor-porque-los-movio-un-desahogo-sexual\/","title":{"rendered":"Un fiscal libra de la c\u00e1rcel a los autores de una violaci\u00f3n en grupo a una menor porque los movi\u00f3 un &#8220;desahogo sexual&#8221;"},"content":{"rendered":"<div id=\"attachment_491975\" style=\"width: 160px\" class=\"wp-caption alignnone\"><img loading=\"lazy\" decoding=\"async\" aria-describedby=\"caption-attachment-491975\" class=\"size-thumbnail wp-image-491975\" src=\"https:\/\/diarioelpopular.com\/wp-content\/uploads\/2020\/06\/Screen-Shot-2020-06-04-at-1.22.57-PM-150x150.png\" alt=\"\" width=\"150\" height=\"150\" \/><p id=\"caption-attachment-491975\" class=\"wp-caption-text\"><em>Playa Uni\u00f3n, en la provincia argentina de Chubut, donde presuntamente ocurri\u00f3 la violaci\u00f3n. ANTUR<\/em><\/p><\/div>\n<p>&nbsp;<\/p>\n<h4><strong><em>El fiscal del caso, sucedido en Argentina en 2012, rebaj\u00f3 la acusaci\u00f3n de &#8220;abuso con acceso carnal&#8221; a &#8220;abuso sexual simple&#8221;<\/em><\/strong><\/h4>\n<p>&nbsp;<\/p>\n<p class=\"ue-c-article--first-letter-highlighted\">Los llamaron &#8220;la Manada de Chubut&#8221; y su juicio ha provocado movilizaciones de repudia despu\u00e9s de que un acuerdo con la Fiscal\u00eda haya permitido que ninguno de los imputados por la presunta violaci\u00f3n grupal a una adolescente en 2012 vaya a prisi\u00f3n, informa <a href=\"https:\/\/www.clarin.com\/sociedad\/-desahogo-sexual-polemica-frase-fiscal-avalar-acusados-violacion-grupal-vayan-presos_0_pwCImsYgW.html\" target=\"_blank\" rel=\"nofollow noopener\"><em>Clar\u00edn<\/em><\/a>. Tras llegar a un acuerdo el fiscal del caso Fernando Rivarola y la defensa de tres de los procesados, los acusados se enfrentar\u00e1n a un juicio abreviado que prev\u00e9 una pena m\u00e1xima de tres a\u00f1os en suspenso y evitar\u00e1n la c\u00e1rcel. Los otros dos acusados ya hab\u00edan sido exonerados.<\/p>\n<p>La Fiscal\u00eda ha rebajado la acusaci\u00f3n de &#8220;abuso con acceso carnal&#8221; a &#8220;abuso sexual simple&#8221;, que prev\u00e9 penas menores, y enmarca los hechos en un &#8220;accionar doloso de desahogo sexual&#8221; de los acusados. El escrito reconoce que la v\u00edctima se encontraba en &#8220;un estado de semiinconsciencia&#8221;.<\/p>\n<p>Todos los imputados en el caso eran menores de edad en el momento de los hechos, y todos pertenecen a familias muy conocidas vinculadas con pol\u00edticos y empresarios muy poderosos. La chica ten\u00eda 16 a\u00f1os cuando, presuntamente, los cinco j\u00f3venes la forzaron a mantener relaciones sexuales, en la casa del nieto de un ex gobernador de la provincia de Chubut en Playa Uni\u00f3n.<\/p>\n<p>Las amigas de la joven la rescataron tras la agresi\u00f3n, y tiempo despu\u00e9s tuvo incluso que mudarse tras denunciar amenazas de las familias de los j\u00f3venes para que no contara nada de lo sucedido. Su denuncia parti\u00f3 de una publicaci\u00f3n en las redes sociales.<\/p>\n<p>Tras la pol\u00e9mica por la consideraci\u00f3n del fiscal en el escrito, el\u00a0Ministerio P\u00fablico Fiscal de Chubut ha emitido un comunicado en el que explica la elecci\u00f3n de los &#8220;t\u00e9rminos legales&#8221;: &#8220;En palabras simples, el abuso sexual es justamente un conducta que busca el desahogo sexual del autor sabiendo que lo hace sin el consentimiento de la v\u00edctima, que va a cometer una ataque sexual, que se trata de un delito, y consciente de ellos avanza sin consideraci\u00f3n del da\u00f1o que va a provocar en esta. Eso es dolo&#8221;.<\/p>\n","protected":false},"excerpt":{"rendered":"<p>&nbsp; El fiscal del caso, sucedido en Argentina en 2012, rebaj\u00f3 la acusaci\u00f3n de &#8220;abuso con acceso carnal&#8221; a &#8220;abuso sexual simple&#8221; &nbsp; Los llamaron&hellip;<\/p>\n","protected":false},"author":99,"featured_media":0,"comment_status":"open","ping_status":"open","sticky":false,"template":"","format":"standard","meta":{"footnotes":""},"categories":[23],"tags":[],"class_list":["post-491974","post","type-post","status-publish","format-standard","hentry","category-latinoamerica"],"_links":{"self":[{"href":"https:\/\/diarioelpopular.com\/index.php\/wp-json\/wp\/v2\/posts\/491974","targetHints":{"allow":["GET"]}}],"collection":[{"href":"https:\/\/diarioelpopular.com\/index.php\/wp-json\/wp\/v2\/posts"}],"about":[{"href":"https:\/\/diarioelpopular.com\/index.php\/wp-json\/wp\/v2\/types\/post"}],"author":[{"embeddable":true,"href":"https:\/\/diarioelpopular.com\/index.php\/wp-json\/wp\/v2\/users\/99"}],"replies":[{"embeddable":true,"href":"https:\/\/diarioelpopular.com\/index.php\/wp-json\/wp\/v2\/comments?post=491974"}],"version-history":[{"count":1,"href":"https:\/\/diarioelpopular.com\/index.php\/wp-json\/wp\/v2\/posts\/491974\/revisions"}],"predecessor-version":[{"id":491976,"href":"https:\/\/diarioelpopular.com\/index.php\/wp-json\/wp\/v2\/posts\/491974\/revisions\/491976"}],"wp:attachment":[{"href":"https:\/\/diarioelpopular.com\/index.php\/wp-json\/wp\/v2\/media?parent=491974"}],"wp:term":[{"taxonomy":"category","embeddable":true,"href":"https:\/\/diarioelpopular.com\/index.php\/wp-json\/wp\/v2\/categories?post=491974"},{"taxonomy":"post_tag","embeddable":true,"href":"https:\/\/diarioelpopular.com\/index.php\/wp-json\/wp\/v2\/tags?post=491974"}],"curies":[{"name":"wp","href":"https:\/\/api.w.org\/{rel}","templated":true}]}}