{"id":491981,"date":"2020-06-05T18:13:07","date_gmt":"2020-06-05T22:13:07","guid":{"rendered":"https:\/\/diarioelpopular.com\/?p=491981"},"modified":"2020-06-05T18:13:07","modified_gmt":"2020-06-05T22:13:07","slug":"pinera-reajusta-su-gabinete","status":"publish","type":"post","link":"https:\/\/diarioelpopular.com\/index.php\/2020\/06\/05\/pinera-reajusta-su-gabinete\/","title":{"rendered":"Pi\u00f1era reajusta su gabinete"},"content":{"rendered":"<div id=\"attachment_491982\" style=\"width: 160px\" class=\"wp-caption alignnone\"><img loading=\"lazy\" decoding=\"async\" aria-describedby=\"caption-attachment-491982\" class=\"size-thumbnail wp-image-491982\" src=\"https:\/\/diarioelpopular.com\/wp-content\/uploads\/2020\/06\/177851e3c3351dff889d8bf9e6daff4e-150x150.jpg\" alt=\"\" width=\"150\" height=\"150\" \/><p id=\"caption-attachment-491982\" class=\"wp-caption-text\"><em>Sebasti\u00e1n Pi\u00f1era, presidente de Chile, con ajustes en su gabinete.<\/em><\/p><\/div>\n<h4><em><strong>Reafirma a su cuestionado ministro de Salud en medio de cr\u00edticas<\/strong><\/em><\/h4>\n<p>&nbsp;<\/p>\n<p><em><strong>SANTIAGO DE CHILE, 5 JUN &#8211;<\/strong><\/em> El presidente de Chile, Sebast\u00edan Pi\u00f1era, sorprendi\u00f3 con un mini ajuste de su equipo de gobierno en el momento m\u00e1s agudo de la crisis del Covid-19 con casi un centenar de muertos por d\u00eda, aunque mantuvo al ministro de Salud.<br \/>\nSu se\u00f1al m\u00e1s relevante fue reafirmar al ministro de Salud y su m\u00e9dico personal, Jaime Ma\u00f1alich, cuando su dimisi\u00f3n era demandada por sectores opositores.<br \/>\nPi\u00f1era hizo solo un cambio de ministro: designar a Claudio Alvarado en el ministerio secretar\u00eda general de la presidencia, encargado de la relaci\u00f3n con el parlamento.<br \/>\nAlvarado, de la Uni\u00f3n Dem\u00f3crata Independiente (UDI), ser\u00e1 encargado de impulsar el acuerdo nacional que propone Pi\u00f1era para avanzar en su agenda sanitaria y social.<br \/>\nPi\u00f1era hizo tambi\u00e9n dos enroques: Cristi\u00e1n Monckeberg pas\u00f3 desde el ministerio de Vivienda al de Desarrollo Social y Felipe Ward dej\u00f3 el ministerio de la Presidencia para ir a Vivienda.<br \/>\nEl senador Alvaro Elizalde y presidente del partido Socialista, afirm\u00f3 que el ajuste &#8220;no se hace cargo de las \u00e1reas cr\u00edticas en que el Ejecutivo ha tenido un mal desempe\u00f1o para enfrentar la emergencia&#8221;.<br \/>\n&#8220;Se necesitaba un cambio distinto que pusiera \u00e9nfasis en la protecci\u00f3n de las personas en un contexto especialmente dif\u00edcil&#8221;, sostuvo.<br \/>\nSeg\u00fan la diputada Claudia Mix, del Partido Comunes, &#8220;es evidente que no se est\u00e1n impulsando transformaciones reales que para enfrentar esta crisis, poniendo el foco en las personas&#8221;.<br \/>\nSeg\u00fan Mix, reafirmar a Ma\u00f1alich muestra que Pi\u00f1era respalda a quien &#8220;act\u00faa con arrogancia y soberbia, desoyendo todos los consejos y recomendaciones de alcaldes, gremio de la salud, comunidad cient\u00edfica y mundo social&#8221;.<br \/>\nEntretanto, la curva de muertes sigue en ascenso al sumar hoy 81 nuevas v\u00edctimas de Covid-19, elevando a 1.356 el total de fallecidos desde que comenz\u00f3 la pandemia.<br \/>\nPese a la cuarentena que viven m\u00e1s de 8 millones de chilenos, los nuevos contagios en las \u00faltimas 24 horas aumentaron en 4.664 totalizando 118.292 infectados.<br \/>\nUn centro de estudios y el Colegio M\u00e9dico cuestionaron el conteo de muertos que entrega el gobierno afirmando que la cifra oficial estaba sub valorada a fines de mayo.<br \/>\nEl centro de estudios Espacio P\u00fablico denunci\u00f3 que &#8220;entre el 2 de abril y el 27 de mayo el n\u00famero de fallecimientos que pueden atribuirse directa o indirectamente a la pandemia es de 1.537, una cifra mucho mayor que los 825 reportados por la autoridad&#8221;.<br \/>\nLa entidad precis\u00f3 que la diferencia de 712 decesos se explica porque la definici\u00f3n que usa el gobierno &#8220;no contabiliza como muertes Covid -19 las defunciones en las que no se alcanza a realizar un examen PCR antes del deceso&#8221;.<br \/>\nEl ministro Ma\u00f1alich replic\u00f3 de inmediato indicando que ese informe &#8220;no se ajusta a la realidad&#8221;.<br \/>\n&#8220;No existe un n\u00famero as\u00ed de personas (muertas) que deban darse como asociadas a Covid-19&#8221;, insisti\u00f3.<br \/>\nEl gobierno modific\u00f3 reci\u00e9n ayer la forma de calcular los decesos incorporando a quienes fallecen como sospechosos de Covid-19 aunque no tengan un resultado de su examen PCR.<br \/>\nLa modificaci\u00f3n signific\u00f3 un inmediato incremento de los fallecidos diarios: de los 81 informados hoy 50 fueron incorporados aun sin tener el informe final de PCR.<br \/>\nEl Colegio M\u00e9dico advirti\u00f3 que el nuevo criterio no est\u00e1 completamente ajustado a est\u00e1ndares internacionales.<br \/>\nCrist\u00f3bal Cuadrado, secretario de Salud P\u00fablica del organismo gremial, calific\u00f3 como &#8220;preocupante que el gobierno haya insistido en no incorporar lo que la Organizaci\u00f3n Mundial de la Salud recomienda&#8221;.<br \/>\nEsto es que &#8220;cualquier persona que tenga un cuadro cl\u00ednico compatible debe ser considerada dentro de la estad\u00edstica de la mortalidad asociada a Covid, independiente si es que se le hizo o no lo se hizo una prueba PCR&#8221;, explic\u00f3.<\/p>\n","protected":false},"excerpt":{"rendered":"<p>Reafirma a su cuestionado ministro de Salud en medio de cr\u00edticas &nbsp; SANTIAGO DE CHILE, 5 JUN &#8211; El presidente de Chile, Sebast\u00edan Pi\u00f1era, sorprendi\u00f3&hellip;<\/p>\n","protected":false},"author":99,"featured_media":0,"comment_status":"open","ping_status":"open","sticky":false,"template":"","format":"standard","meta":{"footnotes":""},"categories":[23],"tags":[],"class_list":["post-491981","post","type-post","status-publish","format-standard","hentry","category-latinoamerica"],"_links":{"self":[{"href":"https:\/\/diarioelpopular.com\/index.php\/wp-json\/wp\/v2\/posts\/491981","targetHints":{"allow":["GET"]}}],"collection":[{"href":"https:\/\/diarioelpopular.com\/index.php\/wp-json\/wp\/v2\/posts"}],"about":[{"href":"https:\/\/diarioelpopular.com\/index.php\/wp-json\/wp\/v2\/types\/post"}],"author":[{"embeddable":true,"href":"https:\/\/diarioelpopular.com\/index.php\/wp-json\/wp\/v2\/users\/99"}],"replies":[{"embeddable":true,"href":"https:\/\/diarioelpopular.com\/index.php\/wp-json\/wp\/v2\/comments?post=491981"}],"version-history":[{"count":1,"href":"https:\/\/diarioelpopular.com\/index.php\/wp-json\/wp\/v2\/posts\/491981\/revisions"}],"predecessor-version":[{"id":491983,"href":"https:\/\/diarioelpopular.com\/index.php\/wp-json\/wp\/v2\/posts\/491981\/revisions\/491983"}],"wp:attachment":[{"href":"https:\/\/diarioelpopular.com\/index.php\/wp-json\/wp\/v2\/media?parent=491981"}],"wp:term":[{"taxonomy":"category","embeddable":true,"href":"https:\/\/diarioelpopular.com\/index.php\/wp-json\/wp\/v2\/categories?post=491981"},{"taxonomy":"post_tag","embeddable":true,"href":"https:\/\/diarioelpopular.com\/index.php\/wp-json\/wp\/v2\/tags?post=491981"}],"curies":[{"name":"wp","href":"https:\/\/api.w.org\/{rel}","templated":true}]}}