{"id":491984,"date":"2020-06-05T18:15:33","date_gmt":"2020-06-05T22:15:33","guid":{"rendered":"https:\/\/diarioelpopular.com\/?p=491984"},"modified":"2020-06-05T18:15:33","modified_gmt":"2020-06-05T22:15:33","slug":"mexico-triplica-su-pronostico-de-muertes","status":"publish","type":"post","link":"https:\/\/diarioelpopular.com\/index.php\/2020\/06\/05\/mexico-triplica-su-pronostico-de-muertes\/","title":{"rendered":"M\u00e9xico triplica su pron\u00f3stico de muertes"},"content":{"rendered":"<div id=\"attachment_491985\" style=\"width: 160px\" class=\"wp-caption alignnone\"><img loading=\"lazy\" decoding=\"async\" aria-describedby=\"caption-attachment-491985\" class=\"size-thumbnail wp-image-491985\" src=\"https:\/\/diarioelpopular.com\/wp-content\/uploads\/2020\/06\/6e58363557cb21a8e1052c4165270e68-150x150.jpg\" alt=\"\" width=\"150\" height=\"150\" \/><p id=\"caption-attachment-491985\" class=\"wp-caption-text\"><em>La tristeza de M\u00e9xico representada en un mural en Guerrero<\/em><\/p><\/div>\n<p>&nbsp;<\/p>\n<h4>Vaticina que ser\u00e1n 35.000 y no 12.500 fatalidades por pandemia<\/h4>\n<p>&nbsp;<\/p>\n<p><strong><em>CIUDAD DE MEXICO, 5 JUN &#8211;<\/em><\/strong> El gobierno mexicano modific\u00f3 su pron\u00f3stico sobre el impacto de la pandemia de Covid-19 en vidas humanas y se\u00f1al\u00f3 que la cifra de muertes podr\u00eda alcanzar las 35.000, el triple de las 12.500 que hab\u00eda proyectado originalmente. Hugo L\u00f3pez-Gatell, vocero gubernamental para la peste, se\u00f1al\u00f3 a diputados federales durante una reuni\u00f3n a distancia que originalmente se hab\u00edan vaticinado entre 6.000 y 12.000 muertes a partir de los datos arrojados por la situaci\u00f3n en China, donde se originaron los contagios del nuevo coronavirus.<br \/>\n&#8220;Una vez que ha transcurrido la epidemia en Estados Unidos, Canad\u00e1 y Europa occidental, hay mayor informaci\u00f3n que nos ha llevado a visualizar la conveniencia de tener estimaciones locales&#8221;, afirm\u00f3.<br \/>\nEl estratega expuso que &#8220;no hay una sola&#8221; predicci\u00f3n, sino una idea preservada &#8220;de manera referencial&#8221; de llegar a 30.000 e inclusive 35.000 defunciones, &#8220;todas y cada una lamentables&#8221;. Se prev\u00e9 adem\u00e1s que la curva de infecci\u00f3n en M\u00e9xico concluya en octubre, debido al &#8220;comportamiento regional diferenciado en diferentes urbes del pa\u00eds, como Guadalajara (occidente) y Monterrey (norte)&#8221;, donde se prev\u00e9 que el &#8220;pico&#8221; ocurra al final, respecto a la capital, que se encuentra en la fase \u00faltima del ciclo de contagios.<br \/>\nPara L\u00f3pez-Gatell, el &#8220;mayor descenso ocurrir\u00e1 cuando en la Ciudad de M\u00e9xico&#8221; y su periferia (donde se asientan unos 21 millones de personas) y principal epicentro de la pandemia, en la que se registran uno de cada contagios y muertes, &#8220;veamos de manera sostenida el descenso de casos&#8221;.<br \/>\nLas zonas de contagio m\u00e1s &#8220;calientes por ahora son, adem\u00e1s de la capital, el estado norte\u00f1o de Baja California, frontera con Estados Unidos y el de Tabasco (sureste), lim\u00edtrofe con Guatemala.<br \/>\nEn Baja California, se reportaron 78 muertes en las \u00faltimas 24 horas, la cifra m\u00e1s alta desde que inici\u00f3 la pandemia.<br \/>\nA nivel nacional, el reporte m\u00e1s reciente divulgado anoche arroja 105.560 contagios (9% m\u00e1s que en el informe anterior) y 12.545 fallecidos acumulados, la segunda cifra m\u00e1s alta de fatalidades desde que surgi\u00f3 la peste (816).<br \/>\nSin embargo el portavoz L\u00f3pez-Gatell se\u00f1al\u00f3 que la cifra incluye muertes de d\u00edas previos que han sido validadas por un comit\u00e9 t\u00e9cnico del ministerio de Salud y que el d\u00eda de mayor mortalidad fue el pasado 17 de mayo, cuando perecieron 340 personas.<br \/>\nLa tasa de letalidad sigue subiendo hasta llegar a 11,9%, una de las m\u00e1s altas del mundo y de casi el doble del promedio internacional, atribuida en particular a la escasa cifra de pruebas realizadas (314.063).<br \/>\nLos casos activos (registrados en los \u00faltimos 14 d\u00edas), pasaron de 16.829 a 18.377 entre el mi\u00e9rcoles y el jueves.<br \/>\nLa capital acapara la mayor\u00eda de estos contagios (4.297) y el vecino Estado de M\u00e9xico (2.603), mientras que le siguen los estados de Tabasco (1.0094), Jalisco (occidente, 907) y Guanajuato (centro (895).<br \/>\nDesde el pasado d\u00eda 1 de junio, el pa\u00eds comenz\u00f3 la desescalada de la larga cuarentena de 9 semanas, iniciada el 23 de marzo, para ingresar a la etapa llamada oficialmente &#8220;Nueva Normalidad&#8221;, que incluye un cronograma de reactivaci\u00f3n de la econom\u00eda con base en un sem\u00e1foro.<br \/>\nPor ahora, pr\u00e1cticamente todo el pa\u00eds est\u00e1 en &#8220;Sem\u00e1foro Rojo&#8221;, aunque a partir de la semana pasada se reanudaron las actividades de la construcci\u00f3n, la miner\u00eda y el sector automotriz.<br \/>\nEn diversos estados se han reanudado tambi\u00e9n algunos comercios y se han reabierto los parques, pero sigue habiendo numerosas restricciones.<br \/>\nSin embargo, como el confinamiento es voluntario, a pesar de que plazas comerciales y f\u00e1bricas est\u00e1n cerradas, son cada vez m\u00e1s las personas que rompen con la cuarentena y deciden salir a las calles, sobre todo aquellas dedicadas al comercio informal.<\/p>\n","protected":false},"excerpt":{"rendered":"<p>&nbsp; Vaticina que ser\u00e1n 35.000 y no 12.500 fatalidades por pandemia &nbsp; CIUDAD DE MEXICO, 5 JUN &#8211; El gobierno mexicano modific\u00f3 su pron\u00f3stico sobre&hellip;<\/p>\n","protected":false},"author":99,"featured_media":0,"comment_status":"open","ping_status":"open","sticky":false,"template":"","format":"standard","meta":{"footnotes":""},"categories":[23],"tags":[],"class_list":["post-491984","post","type-post","status-publish","format-standard","hentry","category-latinoamerica"],"_links":{"self":[{"href":"https:\/\/diarioelpopular.com\/index.php\/wp-json\/wp\/v2\/posts\/491984","targetHints":{"allow":["GET"]}}],"collection":[{"href":"https:\/\/diarioelpopular.com\/index.php\/wp-json\/wp\/v2\/posts"}],"about":[{"href":"https:\/\/diarioelpopular.com\/index.php\/wp-json\/wp\/v2\/types\/post"}],"author":[{"embeddable":true,"href":"https:\/\/diarioelpopular.com\/index.php\/wp-json\/wp\/v2\/users\/99"}],"replies":[{"embeddable":true,"href":"https:\/\/diarioelpopular.com\/index.php\/wp-json\/wp\/v2\/comments?post=491984"}],"version-history":[{"count":1,"href":"https:\/\/diarioelpopular.com\/index.php\/wp-json\/wp\/v2\/posts\/491984\/revisions"}],"predecessor-version":[{"id":491986,"href":"https:\/\/diarioelpopular.com\/index.php\/wp-json\/wp\/v2\/posts\/491984\/revisions\/491986"}],"wp:attachment":[{"href":"https:\/\/diarioelpopular.com\/index.php\/wp-json\/wp\/v2\/media?parent=491984"}],"wp:term":[{"taxonomy":"category","embeddable":true,"href":"https:\/\/diarioelpopular.com\/index.php\/wp-json\/wp\/v2\/categories?post=491984"},{"taxonomy":"post_tag","embeddable":true,"href":"https:\/\/diarioelpopular.com\/index.php\/wp-json\/wp\/v2\/tags?post=491984"}],"curies":[{"name":"wp","href":"https:\/\/api.w.org\/{rel}","templated":true}]}}