{"id":491988,"date":"2020-06-05T18:21:58","date_gmt":"2020-06-05T22:21:58","guid":{"rendered":"https:\/\/diarioelpopular.com\/?p=491988"},"modified":"2020-06-05T18:21:58","modified_gmt":"2020-06-05T22:21:58","slug":"buenos-aires-se-encamina-a-romper-todos-los-records-de-cuarentena-ya-son-101-dias-y-sigue-contando","status":"publish","type":"post","link":"https:\/\/diarioelpopular.com\/index.php\/2020\/06\/05\/buenos-aires-se-encamina-a-romper-todos-los-records-de-cuarentena-ya-son-101-dias-y-sigue-contando\/","title":{"rendered":"Buenos Aires se encamina a romper todos los r\u00e9cords de cuarentena: ya son 101 d\u00edas y sigue contando"},"content":{"rendered":"<div id=\"attachment_491989\" style=\"width: 160px\" class=\"wp-caption alignnone\"><img loading=\"lazy\" decoding=\"async\" aria-describedby=\"caption-attachment-491989\" class=\"size-thumbnail wp-image-491989\" src=\"https:\/\/diarioelpopular.com\/wp-content\/uploads\/2020\/06\/268-150x150.jpg\" alt=\"\" width=\"150\" height=\"150\" \/><p id=\"caption-attachment-491989\" class=\"wp-caption-text\"><em>Argentina ampl\u00eda 21 d\u00edas la cuarentena en zonas de riesgo, como Buenos Aires.<\/em><\/p><\/div>\n<p>&nbsp;<\/p>\n<h4><em><strong>El presidente, Alberto Fern\u00e1ndez, anuncia que Argentina se mover\u00e1 a dos velocidades, pues s\u00f3lo el 15% del pa\u00eds tiene transmisi\u00f3n comunitaria<\/strong><\/em><\/h4>\n<p>&nbsp;<\/p>\n<p class=\"ue-c-article--first-letter-highlighted\"><a href=\"https:\/\/www.elmundo.es\/internacional\/2020\/04\/19\/5e9c829821efa0fa368b45ec.html\">Buenos Aires<\/a> se encamina al r\u00e9cord mundial de cuarentenaen un contexto extra\u00f1o: los 20.000 casos de Covid a los que lleg\u00f3 Argentina esta semana son cifras similares a las de Castilla y Le\u00f3n, aunque con cinco veces menos muertos. \u00bfPor qu\u00e9 entonces una cuarentena tan estricta? Lo explic\u00f3 el presidente, Alberto Fern\u00e1ndez, al anunciar que el pa\u00eds se mover\u00e1 a partir de ahora a dos velocidades.<\/p>\n<p>&#8220;Solo el 15% del pa\u00eds tiene transmisi\u00f3n comunitaria&#8221;, dijo el jefe de Estado en la noche del jueves. Y ese 15% se concentra en el \u00e1rea metropolitana de Buenos Aires y un par de ciudades m\u00e1s. Argentina vive en cuarentena desde el 20 de marzo y muestra 20.197 casos y 615 muertes. En la mayor\u00eda de las provincias y localidades casi no hay casos nuevos, pero en las zonas m\u00e1s afectadas la cuarentena estricta seguir\u00e1 hasta el 27 de junio y continuar\u00e1, todo indica, despu\u00e9s de esa fecha. Son 101 d\u00edas, y contando.<\/p>\n<p>&#8220;El resultado de Argentina es un resultado interesante&#8221;, a\u00f1adi\u00f3<a href=\"https:\/\/www.elmundo.es\/internacional\/alberto-fernandez.html\">Fern\u00e1ndez<\/a>, mientras destacaba que el pa\u00eds tiene 12,5 muertes por mill\u00f3n de habitantes y comparaba esa cifra con las de Espa\u00f1a, Chile, Brasil, Estados Unidos y otros pa\u00edses.<\/p>\n<p>&#8220;Vamos a sostener el aislamiento social preventivo y obligatorio en todos los lugares donde haya circulaci\u00f3n comunitaria del virus. Y el resto del pa\u00eds va a salir del aislamiento social y va a entrar en una etapa de distanciamiento social preventivo y obligatorio&#8221;, explic\u00f3 el jefe de Estado durante una conferencia de prensa en la que, como es habitual, comparti\u00f3 escenario con el opositor Horacio Rodr\u00edguez Larreta, jefe de Gobierno de la ciudad de Buenos Aires, y con Axel Kicillof, peronista como \u00e9l y gobernador de la provincia de Buenos Aires.<\/p>\n<p>&#8220;Tenemos que entender que nosotros no superamos el problema&#8221;, insisti\u00f3 Fern\u00e1ndez. Esas palabras revelan la dificultad que est\u00e1 teniendo el Gobierno para convencer a parte de la ciudadan\u00eda de que <a href=\"https:\/\/www.elmundo.es\/internacional\/2020\/05\/28\/5ecffcfefc6c83b9408b463b.html\">lo peor est\u00e1 por venir<\/a>. Los sucesivos pron\u00f3sticos fallidos acerca de cu\u00e1ndo llegar\u00eda el pico de la curva de casos -mediados de abril, principios de mayo, fines de mayo, principios de junio&#8230;- crearon en no pocos ciudadanos la impresi\u00f3n de que ese pico no llegar\u00e1 nunca. Y las cifras, que siguen marcando una ocupaci\u00f3n m\u00ednima de camas de cuidados intensivos, tambi\u00e9n contribuyen al descreimiento.<\/p>\n<p>Para muchos, las cifras m\u00e1s importantes no son las del Covid, sino las de la econom\u00eda, cuya reactivaci\u00f3n inmediata es una demanda que crece. Un ejemplo es el de la industria automotriz: la Argentina es uno de los 20 pa\u00edses del mundo que fabrica veh\u00edculos, pero en abril no sali\u00f3 uno solo de las l\u00edneas de producci\u00f3n.<\/p>\n<p>As\u00ed, no extra\u00f1an las cifras de abril, aunque estremezcan a gobernantes y gobernados. La producci\u00f3n industrial cay\u00f3 ese mes un 33,5% respecto de igual mes de 2019, un retroceso del 13,5% en el primer cuatrimestre del a\u00f1o. La construcci\u00f3n se derrumb\u00f3 m\u00e1s fuertemente a\u00fan, un 75,6% si se la compara con abril de 2020.<\/p>\n<p>En medio de ese contexto, Rodr\u00edguez Larreta dio una se\u00f1al a los tres millones de habitantes de la capital del pa\u00eds: autoriz\u00f3 la apertura de ciertos comercios y la posibilidad de salir a correr y andar en bicicleta entre las ocho de la noche y las ocho de la ma\u00f1ana. Muchos porte\u00f1os celebraron el anuncio, pese a que la ciudad y el pa\u00eds est\u00e1n entrando en la etapa m\u00e1s cruda del invierno, una raz\u00f3n m\u00e1s para que la cuarentena interminable de Buenos Aires y alrededores se siga extendiendo.<\/p>\n","protected":false},"excerpt":{"rendered":"<p>&nbsp; El presidente, Alberto Fern\u00e1ndez, anuncia que Argentina se mover\u00e1 a dos velocidades, pues s\u00f3lo el 15% del pa\u00eds tiene transmisi\u00f3n comunitaria &nbsp; Buenos Aires&hellip;<\/p>\n","protected":false},"author":99,"featured_media":0,"comment_status":"open","ping_status":"open","sticky":false,"template":"","format":"standard","meta":{"footnotes":""},"categories":[23],"tags":[],"class_list":["post-491988","post","type-post","status-publish","format-standard","hentry","category-latinoamerica"],"_links":{"self":[{"href":"https:\/\/diarioelpopular.com\/index.php\/wp-json\/wp\/v2\/posts\/491988","targetHints":{"allow":["GET"]}}],"collection":[{"href":"https:\/\/diarioelpopular.com\/index.php\/wp-json\/wp\/v2\/posts"}],"about":[{"href":"https:\/\/diarioelpopular.com\/index.php\/wp-json\/wp\/v2\/types\/post"}],"author":[{"embeddable":true,"href":"https:\/\/diarioelpopular.com\/index.php\/wp-json\/wp\/v2\/users\/99"}],"replies":[{"embeddable":true,"href":"https:\/\/diarioelpopular.com\/index.php\/wp-json\/wp\/v2\/comments?post=491988"}],"version-history":[{"count":1,"href":"https:\/\/diarioelpopular.com\/index.php\/wp-json\/wp\/v2\/posts\/491988\/revisions"}],"predecessor-version":[{"id":491990,"href":"https:\/\/diarioelpopular.com\/index.php\/wp-json\/wp\/v2\/posts\/491988\/revisions\/491990"}],"wp:attachment":[{"href":"https:\/\/diarioelpopular.com\/index.php\/wp-json\/wp\/v2\/media?parent=491988"}],"wp:term":[{"taxonomy":"category","embeddable":true,"href":"https:\/\/diarioelpopular.com\/index.php\/wp-json\/wp\/v2\/categories?post=491988"},{"taxonomy":"post_tag","embeddable":true,"href":"https:\/\/diarioelpopular.com\/index.php\/wp-json\/wp\/v2\/tags?post=491988"}],"curies":[{"name":"wp","href":"https:\/\/api.w.org\/{rel}","templated":true}]}}